{"id":933,"date":"2024-10-04T11:34:53","date_gmt":"2024-10-04T11:34:53","guid":{"rendered":"https:\/\/yerelses.com.tr\/?p=933"},"modified":"2024-10-08T07:50:04","modified_gmt":"2024-10-08T07:50:04","slug":"manisada-4-bin-700-yil-sonra-bir-ilk-yasanabilir-patlama-riski-var","status":"publish","type":"post","link":"https:\/\/yerelses.com.tr\/?p=933","title":{"rendered":"Manisa\u2019da 4 bin 700 y\u0131l sonra bir ilk ya\u015fanabilir\u2026 Patlama riski var!"},"content":{"rendered":"<p>&nbsp;<\/p>\n<h2 style=\"text-align: center;\"><strong>T\u00fcrkiye&#8217;nin en gen\u00e7 volkanlar\u0131n\u0131n yer ald\u0131\u011f\u0131 Manisa&#8217;n\u0131n Kula il\u00e7esinde yer kabu\u011funun farkl\u0131 derinliklerinde 8 magma odas\u0131 ke\u015ffeden bilim insanlar\u0131, y\u00fczeye yak\u0131n olan en b\u00fcy\u00fck magma odas\u0131n\u0131n deprem gibi etkenlerle p\u00fcsk\u00fcrme riskinin bulundu\u011funu belirledi.<\/strong><\/h2>\n<h2 style=\"text-align: center;\"><strong>Antik d\u00f6nem tarih\u00e7isi Strabon&#8217;un &#8220;Geographika&#8221; adl\u0131 kitab\u0131nda &#8220;Katakekaumene&#8221; (Yan\u0131k \u00dclke) olarak bahsetti\u011fi Kula-Salihli Jeopark\u0131, tarihi miras\u0131, do\u011fal g\u00fczellikleri ve kapl\u0131calar\u0131yla tan\u0131n\u0131yor.<\/strong><\/h2>\n<p>&nbsp;<\/p>\n<p>&nbsp;<\/p>\n<p><img fetchpriority=\"high\" decoding=\"async\" class=\"aligncenter wp-image-935 size-full\" src=\"https:\/\/yerelses.com.tr\/wp-content\/uploads\/2024\/10\/magma-11-800x533-1.webp\" alt=\"\" width=\"800\" height=\"533\" srcset=\"https:\/\/yerelses.com.tr\/wp-content\/uploads\/2024\/10\/magma-11-800x533-1.webp 800w, https:\/\/yerelses.com.tr\/wp-content\/uploads\/2024\/10\/magma-11-800x533-1-300x200.webp 300w, https:\/\/yerelses.com.tr\/wp-content\/uploads\/2024\/10\/magma-11-800x533-1-768x512.webp 768w\" sizes=\"(max-width: 800px) 100vw, 800px\" \/><\/p>\n<h3 style=\"text-align: center;\"><strong>T\u00fcrkiye&#8217;nin UNESCO tescilli tek jeopark\u0131 olan alan, volkanik tepeleri, k\u0131zg\u0131n lavlar\u0131n akarak olu\u015fturdu\u011fu &#8220;kaya denizi&#8221; ile bilim insanlar\u0131 i\u00e7in de do\u011fal bir laboratuvar olma \u00f6zelli\u011fini ta\u015f\u0131yor.<\/strong><\/h3>\n<h3 style=\"text-align: center;\"><strong>B\u00f6lgede T\u00dcB\u0130TAK destekli proje kapsam\u0131nda ara\u015ft\u0131rma yapan Eski\u015fehir Osmangazi \u00dcniversitesi&#8217;nin y\u00fcr\u00fct\u00fcc\u00fcl\u00fc\u011f\u00fcnde, Ankara \u00dcniversitesi, Eski\u015fehir Teknik \u00dcniversitesi, Afyon Kocatepe \u00dcniversitesi, Kocaeli \u00dcniversitesi&#8217;nden 12 bilim insan\u0131, belirledikleri alanlara \u00f6zel tasar\u0131m 15 &#8220;sismometre&#8221; yerle\u015ftirdi.<\/strong><\/h3>\n<h3><\/h3>\n<p>&nbsp;<\/p>\n<p><img decoding=\"async\" class=\"wp-image-937 size-full aligncenter\" src=\"https:\/\/yerelses.com.tr\/wp-content\/uploads\/2024\/10\/magma-2-800x579-1.webp\" alt=\"\" width=\"800\" height=\"579\" srcset=\"https:\/\/yerelses.com.tr\/wp-content\/uploads\/2024\/10\/magma-2-800x579-1.webp 800w, https:\/\/yerelses.com.tr\/wp-content\/uploads\/2024\/10\/magma-2-800x579-1-300x217.webp 300w, https:\/\/yerelses.com.tr\/wp-content\/uploads\/2024\/10\/magma-2-800x579-1-768x556.webp 768w\" sizes=\"(max-width: 800px) 100vw, 800px\" \/><\/p>\n<p>&nbsp;<\/p>\n<h3 style=\"text-align: center;\"><strong>Ulusal Deprem G\u00f6zlem Merkezi istasyonlar\u0131ndan da faydalanan ara\u015ft\u0131rma ekibi, yerin 5 ila 30 kilometre alt\u0131nda ak\u0131\u015fkan ve ergimi\u015f kaya\u00e7lar olarak da bilinen 8 magma odas\u0131 bulundu\u011funu tespit etti.<\/strong><\/h3>\n<h3 style=\"text-align: center;\"><strong>Magma odalar\u0131ndan en b\u00fcy\u00fc\u011f\u00fc ise yery\u00fcz\u00fcne yakla\u015f\u0131k 5 kilometre derinli\u011fe kadar uzanmas\u0131yla dikkati \u00e7ekiyor. Bilim insanlar\u0131, jeolojik olarak y\u00fczeye yak\u0131n say\u0131labilecek bir mesafede yer alan magma odas\u0131n\u0131n, yer kabu\u011fundaki hareketler ya da depremlerden etkilenerek p\u00fcsk\u00fcrme riski ta\u015f\u0131d\u0131\u011f\u0131n\u0131 ve magma odas\u0131n\u0131 harekete ge\u00e7irebilece\u011fini de\u011ferlendiriyor.<\/strong><\/h3>\n<p>&nbsp;<\/p>\n<p>&nbsp;<\/p>\n<p><img decoding=\"async\" class=\"aligncenter wp-image-941 size-full\" src=\"https:\/\/yerelses.com.tr\/wp-content\/uploads\/2024\/10\/magma-6-800x542-1.webp\" alt=\"\" width=\"800\" height=\"542\" srcset=\"https:\/\/yerelses.com.tr\/wp-content\/uploads\/2024\/10\/magma-6-800x542-1.webp 800w, https:\/\/yerelses.com.tr\/wp-content\/uploads\/2024\/10\/magma-6-800x542-1-300x203.webp 300w, https:\/\/yerelses.com.tr\/wp-content\/uploads\/2024\/10\/magma-6-800x542-1-768x520.webp 768w\" sizes=\"(max-width: 800px) 100vw, 800px\" \/><\/p>\n<p>&nbsp;<\/p>\n<h2 style=\"text-align: center;\"><strong>Geni\u015fli\u011fi 30 Kilometreye Ula\u015fan Magma Odalar\u0131<\/strong><\/h2>\n<h3 style=\"text-align: center;\"><strong>Eski\u015fehir Osmangazi \u00dcniversitesi Jeoloji M\u00fchendisli\u011fi B\u00f6l\u00fcm\u00fc \u00d6\u011fretim \u00dcyesi ve proje y\u00fcr\u00fct\u00fcc\u00fcs\u00fc Prof. Dr. \u00d6zg\u00fcr Karao\u011flu, AA muhabirine, 3,5 y\u0131l boyunca \u00f6zel tasar\u0131m sismometrelerle Kula ba\u015fta olmak \u00fczere, Demirci, Selendi, Salihli, Ala\u015fehir ve \u0130zmir&#8217;in Kiraz il\u00e7esini kapsayan yakla\u015f\u0131k 10 bin kilometrekarelik alan\u0131 incelediklerini s\u00f6yledi.<\/strong><\/h3>\n","protected":false},"excerpt":{"rendered":"<p>&nbsp; T\u00fcrkiye&#8217;nin en gen\u00e7 volkanlar\u0131n\u0131n yer ald\u0131\u011f\u0131 Manisa&#8217;n\u0131n Kula il\u00e7esinde yer kabu\u011funun farkl\u0131 derinliklerinde 8 magma odas\u0131 ke\u015ffeden bilim insanlar\u0131, y\u00fczeye yak\u0131n olan en b\u00fcy\u00fck magma odas\u0131n\u0131n deprem gibi etkenlerle p\u00fcsk\u00fcrme riskinin bulundu\u011funu belirledi. Antik d\u00f6nem tarih\u00e7isi Strabon&#8217;un &#8220;Geographika&#8221; adl\u0131 kitab\u0131nda &#8220;Katakekaumene&#8221; (Yan\u0131k \u00dclke) olarak bahsetti\u011fi Kula-Salihli Jeopark\u0131, tarihi miras\u0131, do\u011fal g\u00fczellikleri ve kapl\u0131calar\u0131yla tan\u0131n\u0131yor. [&hellip;]<\/p>\n","protected":false},"author":1,"featured_media":1002,"comment_status":"open","ping_status":"open","sticky":false,"template":"","format":"standard","meta":{"_jetpack_memberships_contains_paid_content":false,"footnotes":""},"categories":[11,1,2],"tags":[32,31,29,16,15,12,21,13,14,22],"class_list":["post-933","post","type-post","status-publish","format-standard","has-post-thumbnail","hentry","category-dunya","category-gundem","category-sondk","tag-manisa","tag-manisa-belediye-haberleri","tag-manisa-ekonomi-haberleri","tag-manisa-gundem","tag-manisa-haber","tag-manisa-haberleri","tag-manisa-sehzadeler-son-dakika","tag-manisa-son-dakika","tag-manisa-yerel-haberler","tag-manisada-son-dakika"],"jetpack_featured_media_url":"https:\/\/yerelses.com.tr\/wp-content\/uploads\/2024\/10\/Adsiz-tasarim-4.png","jetpack_sharing_enabled":true,"_links":{"self":[{"href":"https:\/\/yerelses.com.tr\/index.php?rest_route=\/wp\/v2\/posts\/933","targetHints":{"allow":["GET"]}}],"collection":[{"href":"https:\/\/yerelses.com.tr\/index.php?rest_route=\/wp\/v2\/posts"}],"about":[{"href":"https:\/\/yerelses.com.tr\/index.php?rest_route=\/wp\/v2\/types\/post"}],"author":[{"embeddable":true,"href":"https:\/\/yerelses.com.tr\/index.php?rest_route=\/wp\/v2\/users\/1"}],"replies":[{"embeddable":true,"href":"https:\/\/yerelses.com.tr\/index.php?rest_route=%2Fwp%2Fv2%2Fcomments&post=933"}],"version-history":[{"count":4,"href":"https:\/\/yerelses.com.tr\/index.php?rest_route=\/wp\/v2\/posts\/933\/revisions"}],"predecessor-version":[{"id":1003,"href":"https:\/\/yerelses.com.tr\/index.php?rest_route=\/wp\/v2\/posts\/933\/revisions\/1003"}],"wp:featuredmedia":[{"embeddable":true,"href":"https:\/\/yerelses.com.tr\/index.php?rest_route=\/wp\/v2\/media\/1002"}],"wp:attachment":[{"href":"https:\/\/yerelses.com.tr\/index.php?rest_route=%2Fwp%2Fv2%2Fmedia&parent=933"}],"wp:term":[{"taxonomy":"category","embeddable":true,"href":"https:\/\/yerelses.com.tr\/index.php?rest_route=%2Fwp%2Fv2%2Fcategories&post=933"},{"taxonomy":"post_tag","embeddable":true,"href":"https:\/\/yerelses.com.tr\/index.php?rest_route=%2Fwp%2Fv2%2Ftags&post=933"}],"curies":[{"name":"wp","href":"https:\/\/api.w.org\/{rel}","templated":true}]}}