{"id":1513,"date":"2025-04-21T15:21:01","date_gmt":"2025-04-21T15:21:01","guid":{"rendered":"https:\/\/yerelses.com.tr\/?p=1513"},"modified":"2025-04-21T15:21:01","modified_gmt":"2025-04-21T15:21:01","slug":"papa-francis-hayatini-kaybetti","status":"publish","type":"post","link":"https:\/\/yerelses.com.tr\/?p=1513","title":{"rendered":"Papa Francis Hayat\u0131n\u0131 Kaybetti"},"content":{"rendered":"<h2 class=\"description\" style=\"text-align: center;\">Vatikan, Katoliklerin ruhani lideri ve Vatikan Devlet Ba\u015fkan\u0131 Papa Franciscus&#8217;un bu sabah yerel saatle 07.35&#8217;te hayat\u0131n\u0131 kaybetti\u011fini duyurdu.<\/h2>\n<p style=\"text-align: center;\">Katoliklerin ruhani lideri Papa Francis hayat\u0131n\u0131 kaybetti. Vatikan&#8217;dan yap\u0131lan a\u00e7\u0131klamada, 88 ya\u015f\u0131ndaki Papa&#8217;n\u0131n sabah 07.35&#8217;te Casa Santa Marta&#8217;daki konutunda ya\u015fam\u0131n\u0131 yitirdi\u011fi ifade edildi.D\u00fcnya \u00e7ap\u0131nda 1,2 milyar \u00fcyesi bulunan Katolik Kilisesi&#8217;nin ruhani lideri ve Vatikan&#8217;\u0131n devlet ba\u015fkan\u0131 **Papa Francis** 88 ya\u015f\u0131nda hayat\u0131n\u0131 kaybetti.<\/p>\n<h2 style=\"text-align: center;\">Papa Francis&#8217;in Se\u00e7ilme S\u00fcreci<\/h2>\n<p style=\"text-align: center;\">13 Mart 2013&#8217;te 115 kardinal aras\u0131ndan papa olarak se\u00e7ilen Papa Francis, Latin Amerika do\u011fumlu olup Amerika&#8217;dan ve G\u00fcney yar\u0131mk\u00fcre&#8217;den se\u00e7ilen ilk papa olmu\u015ftu.<\/p>\n<h3 style=\"text-align: center;\">Yeni Papa Nas\u0131l Belirlenecek?<\/h3>\n<p style=\"text-align: center;\">Yeni Papa, Roma Katolik Kilisesi&#8217;ni y\u00f6netmek \u00fczere, **papal\u0131k** ad\u0131 verilen bir prosed\u00fcrle belirleniyor. Sadece 80 ya\u015f\u0131n alt\u0131ndaki kardinallerin oy kulland\u0131\u011f\u0131 se\u00e7im Vatikan Saray\u0131&#8217;n\u0131n Sistine \u015eapeli&#8217;nde ger\u00e7ekle\u015fiyor.<\/p>\n<ul style=\"text-align: center;\">\n<li>\u015eapele girerken t\u00fcm kardinal se\u00e7menler gizlilik yemini ediyor ve gizli oylama yap\u0131l\u0131yor.<\/li>\n<li>Yeni bir papa se\u00e7mek i\u00e7in \u00fc\u00e7te iki \u00e7o\u011funluk gerekiyor.<\/li>\n<li>Bu e\u015fi\u011fe ula\u015f\u0131ld\u0131\u011f\u0131nda, yeni se\u00e7ilen papa se\u00e7imini onayl\u0131yor ve papal\u0131k ad\u0131n\u0131 se\u00e7iyor.<\/li>\n<\/ul>\n<p style=\"text-align: center;\">Daha sonra se\u00e7imi, \u015fapelin \u00e7at\u0131s\u0131ndan beyaz dumanla duyuruluyor. Siyah duman ise o g\u00fcn \u00e7o\u011funlu\u011fa ula\u015fmad\u0131\u011f\u0131n\u0131 g\u00f6steriyor. Son olarak, k\u0131demli kardinal diyakoz, St. Peter Bazilikas\u0131&#8217;n\u0131n balkonundan Latince **&#8221;Habemus papam&#8221;** (&#8220;Bir papam\u0131z var&#8221;) bildirisiyle yeni papay\u0131 duyuruyor.<\/p>\n<p style=\"text-align: center;\">Kaynak : Memurlar.Net<\/p>\n","protected":false},"excerpt":{"rendered":"<p>Vatikan, Katoliklerin ruhani lideri ve Vatikan Devlet Ba\u015fkan\u0131 Papa Franciscus&#8217;un bu sabah yerel saatle 07.35&#8217;te hayat\u0131n\u0131 kaybetti\u011fini duyurdu. Katoliklerin ruhani lideri Papa Francis hayat\u0131n\u0131 kaybetti. Vatikan&#8217;dan yap\u0131lan a\u00e7\u0131klamada, 88 ya\u015f\u0131ndaki Papa&#8217;n\u0131n sabah 07.35&#8217;te Casa Santa Marta&#8217;daki konutunda ya\u015fam\u0131n\u0131 yitirdi\u011fi ifade edildi.D\u00fcnya \u00e7ap\u0131nda 1,2 milyar \u00fcyesi bulunan Katolik Kilisesi&#8217;nin ruhani lideri ve Vatikan&#8217;\u0131n devlet ba\u015fkan\u0131 **Papa [&hellip;]<\/p>\n","protected":false},"author":1,"featured_media":1514,"comment_status":"open","ping_status":"open","sticky":false,"template":"","format":"standard","meta":{"_jetpack_memberships_contains_paid_content":false,"footnotes":""},"categories":[11,33,1,2],"tags":[],"class_list":["post-1513","post","type-post","status-publish","format-standard","has-post-thumbnail","hentry","category-dunya","category-genel","category-gundem","category-sondk"],"jetpack_featured_media_url":"https:\/\/yerelses.com.tr\/wp-content\/uploads\/2025\/04\/papa-francis-hayatini-kaybetti.jpg","jetpack_sharing_enabled":true,"_links":{"self":[{"href":"https:\/\/yerelses.com.tr\/index.php?rest_route=\/wp\/v2\/posts\/1513","targetHints":{"allow":["GET"]}}],"collection":[{"href":"https:\/\/yerelses.com.tr\/index.php?rest_route=\/wp\/v2\/posts"}],"about":[{"href":"https:\/\/yerelses.com.tr\/index.php?rest_route=\/wp\/v2\/types\/post"}],"author":[{"embeddable":true,"href":"https:\/\/yerelses.com.tr\/index.php?rest_route=\/wp\/v2\/users\/1"}],"replies":[{"embeddable":true,"href":"https:\/\/yerelses.com.tr\/index.php?rest_route=%2Fwp%2Fv2%2Fcomments&post=1513"}],"version-history":[{"count":1,"href":"https:\/\/yerelses.com.tr\/index.php?rest_route=\/wp\/v2\/posts\/1513\/revisions"}],"predecessor-version":[{"id":1515,"href":"https:\/\/yerelses.com.tr\/index.php?rest_route=\/wp\/v2\/posts\/1513\/revisions\/1515"}],"wp:featuredmedia":[{"embeddable":true,"href":"https:\/\/yerelses.com.tr\/index.php?rest_route=\/wp\/v2\/media\/1514"}],"wp:attachment":[{"href":"https:\/\/yerelses.com.tr\/index.php?rest_route=%2Fwp%2Fv2%2Fmedia&parent=1513"}],"wp:term":[{"taxonomy":"category","embeddable":true,"href":"https:\/\/yerelses.com.tr\/index.php?rest_route=%2Fwp%2Fv2%2Fcategories&post=1513"},{"taxonomy":"post_tag","embeddable":true,"href":"https:\/\/yerelses.com.tr\/index.php?rest_route=%2Fwp%2Fv2%2Ftags&post=1513"}],"curies":[{"name":"wp","href":"https:\/\/api.w.org\/{rel}","templated":true}]}}