{"id":1510,"date":"2025-04-15T15:16:30","date_gmt":"2025-04-15T15:16:30","guid":{"rendered":"https:\/\/yerelses.com.tr\/?p=1510"},"modified":"2025-04-15T15:16:30","modified_gmt":"2025-04-15T15:16:30","slug":"ahmet-minguzzinin-mezarini-tahrip-eden-zanli-tutuklandi","status":"publish","type":"post","link":"https:\/\/yerelses.com.tr\/?p=1510","title":{"rendered":"Ahmet Minguzzi&#8217;nin mezar\u0131n\u0131 tahrip eden zanl\u0131 tutukland\u0131"},"content":{"rendered":"<h2 class=\"description\">Kad\u0131k\u00f6y&#8217;de b\u0131\u00e7akl\u0131 sald\u0131r\u0131da hayat\u0131n\u0131 kaybeden 15 ya\u015f\u0131ndaki Mattia Ahmet Minguzzi&#8217;nin mezar\u0131n\u0131n tahrip edilmesiyle ilgili g\u00f6zalt\u0131na al\u0131nan zanl\u0131 tutukland\u0131.<\/h2>\n<p><strong>Kaynak : Anadolu Ajans\u0131<\/strong><\/p>\n<p>Bak\u0131rk\u00f6y Cumhuriyet Ba\u015fsavc\u0131l\u0131\u011f\u0131nca y\u00fcr\u00fct\u00fclen soru\u015fturma kapsam\u0131nda g\u00f6zalt\u0131na al\u0131nan 67 ya\u015f\u0131ndaki D.A&#8217;n\u0131n, Asayi\u015f \u015eube M\u00fcd\u00fcrl\u00fc\u011f\u00fc Gasp B\u00fcro Amirli\u011findeki i\u015flemleri tamamland\u0131.<\/p>\n<p>\u015e\u00fcpheli D.A, sa\u011fl\u0131k kontrol\u00fcn\u00fcn ard\u0131ndan Bak\u0131rk\u00f6y Adliyesi&#8217;ne g\u00f6nderildi.<\/p>\n<p>Savc\u0131l\u0131k ifadesi sonras\u0131 sulh ceza hakimli\u011fine sevk edilen \u015f\u00fcpheli, &#8220;ibadethanelere ve mezarl\u0131klara zarar verme&#8221; su\u00e7undan tutukland\u0131.<\/p>\n<p>&#8211; Ne olmu\u015ftu?<\/p>\n<p>Arkada\u015flar\u0131yla 24 Ocak&#8217;ta kaykay malzemesi almak i\u00e7in Hasanpa\u015fa Mahallesi&#8217;ndeki pazara giden Mattia Ahmet Minguzzi ile B.B. ve U.B. aras\u0131nda tart\u0131\u015fma ya\u015fanm\u0131\u015f, pazardan ayr\u0131lmak isterken B.B&#8217;nin b\u0131\u00e7aklad\u0131\u011f\u0131 Minguzzi, U.B. taraf\u0131ndan yerde tekmelenmi\u015fti.<\/p>\n<p>A\u011f\u0131r yaralanan Minguzzi sa\u011fl\u0131k ekiplerinin m\u00fcdahalesinin ard\u0131ndan hastaneye kald\u0131r\u0131l\u0131rken, ka\u00e7an 2 \u015f\u00fcpheli yakalanarak tutuklanm\u0131\u015ft\u0131.<\/p>\n<p>Hastanede 9 \u015eubat&#8217;ta hayat\u0131n\u0131 kaybeden Minguzzi&#8217;nin Bah\u00e7elievler&#8217;deki mezar\u0131na da zarar verilmi\u015fti.<\/p>\n","protected":false},"excerpt":{"rendered":"<p>Kad\u0131k\u00f6y&#8217;de b\u0131\u00e7akl\u0131 sald\u0131r\u0131da hayat\u0131n\u0131 kaybeden 15 ya\u015f\u0131ndaki Mattia Ahmet Minguzzi&#8217;nin mezar\u0131n\u0131n tahrip edilmesiyle ilgili g\u00f6zalt\u0131na al\u0131nan zanl\u0131 tutukland\u0131. Kaynak : Anadolu Ajans\u0131 Bak\u0131rk\u00f6y Cumhuriyet Ba\u015fsavc\u0131l\u0131\u011f\u0131nca y\u00fcr\u00fct\u00fclen soru\u015fturma kapsam\u0131nda g\u00f6zalt\u0131na al\u0131nan 67 ya\u015f\u0131ndaki D.A&#8217;n\u0131n, Asayi\u015f \u015eube M\u00fcd\u00fcrl\u00fc\u011f\u00fc Gasp B\u00fcro Amirli\u011findeki i\u015flemleri tamamland\u0131. \u015e\u00fcpheli D.A, sa\u011fl\u0131k kontrol\u00fcn\u00fcn ard\u0131ndan Bak\u0131rk\u00f6y Adliyesi&#8217;ne g\u00f6nderildi. Savc\u0131l\u0131k ifadesi sonras\u0131 sulh ceza hakimli\u011fine [&hellip;]<\/p>\n","protected":false},"author":1,"featured_media":1511,"comment_status":"open","ping_status":"open","sticky":false,"template":"","format":"standard","meta":{"_jetpack_memberships_contains_paid_content":false,"footnotes":""},"categories":[9,33,1,2],"tags":[],"class_list":["post-1510","post","type-post","status-publish","format-standard","has-post-thumbnail","hentry","category-asayis","category-genel","category-gundem","category-sondk"],"jetpack_featured_media_url":"https:\/\/yerelses.com.tr\/wp-content\/uploads\/2025\/04\/ahmet-minguzzi-nin-mezarini-tahrip-eden-zanli-tutuklandi.jpg","jetpack_sharing_enabled":true,"_links":{"self":[{"href":"https:\/\/yerelses.com.tr\/index.php?rest_route=\/wp\/v2\/posts\/1510","targetHints":{"allow":["GET"]}}],"collection":[{"href":"https:\/\/yerelses.com.tr\/index.php?rest_route=\/wp\/v2\/posts"}],"about":[{"href":"https:\/\/yerelses.com.tr\/index.php?rest_route=\/wp\/v2\/types\/post"}],"author":[{"embeddable":true,"href":"https:\/\/yerelses.com.tr\/index.php?rest_route=\/wp\/v2\/users\/1"}],"replies":[{"embeddable":true,"href":"https:\/\/yerelses.com.tr\/index.php?rest_route=%2Fwp%2Fv2%2Fcomments&post=1510"}],"version-history":[{"count":1,"href":"https:\/\/yerelses.com.tr\/index.php?rest_route=\/wp\/v2\/posts\/1510\/revisions"}],"predecessor-version":[{"id":1512,"href":"https:\/\/yerelses.com.tr\/index.php?rest_route=\/wp\/v2\/posts\/1510\/revisions\/1512"}],"wp:featuredmedia":[{"embeddable":true,"href":"https:\/\/yerelses.com.tr\/index.php?rest_route=\/wp\/v2\/media\/1511"}],"wp:attachment":[{"href":"https:\/\/yerelses.com.tr\/index.php?rest_route=%2Fwp%2Fv2%2Fmedia&parent=1510"}],"wp:term":[{"taxonomy":"category","embeddable":true,"href":"https:\/\/yerelses.com.tr\/index.php?rest_route=%2Fwp%2Fv2%2Fcategories&post=1510"},{"taxonomy":"post_tag","embeddable":true,"href":"https:\/\/yerelses.com.tr\/index.php?rest_route=%2Fwp%2Fv2%2Ftags&post=1510"}],"curies":[{"name":"wp","href":"https:\/\/api.w.org\/{rel}","templated":true}]}}