{"id":1502,"date":"2025-03-21T15:26:51","date_gmt":"2025-03-21T15:26:51","guid":{"rendered":"https:\/\/yerelses.com.tr\/?p=1502"},"modified":"2025-03-21T15:26:51","modified_gmt":"2025-03-21T15:26:51","slug":"kaymakamlikta-ise-baslayan-down-sendromlu-kismetin-bayrak-hassasiyeti","status":"publish","type":"post","link":"https:\/\/yerelses.com.tr\/?p=1502","title":{"rendered":"Kaymakaml\u0131kta i\u015fe ba\u015flayan down sendromlu K\u0131smet&#8217;in bayrak hassasiyeti"},"content":{"rendered":"<h2 class=\"description\" style=\"text-align: center;\">Erzurum&#8217;un \u015eenkaya il\u00e7esinde kaymakaml\u0131kta \u00e7al\u0131\u015fmaya ba\u015flayan down sendromlu K\u0131smet Pala, her g\u00fcn g\u00f6revine T\u00fcrk bayra\u011f\u0131n\u0131 ve \u015fehitleri selamlad\u0131ktan sonra ba\u015fl\u0131yor.<\/h2>\n<p style=\"text-align: center;\">\u0130l\u00e7ede ya\u015fayan 27 ya\u015f\u0131ndaki K\u0131smet Pala, \u015eenkaya Kaymakaml\u0131\u011f\u0131nca fark\u0131ndal\u0131k olu\u015fturmak amac\u0131yla \u0130\u015eKUR ile yap\u0131lan g\u00f6r\u00fc\u015fmeler sonucunda &#8220;\u0130\u015fg\u00fcc\u00fc Uyum Program\u0131&#8221; kapsam\u0131nda i\u015fe al\u0131nd\u0131.<\/p>\n<p style=\"text-align: center;\">Her sabah kaymakaml\u0131\u011fa gelen vatanda\u015flara ve \u00e7al\u0131\u015fanlara g\u00fcler y\u00fcz\u00fcyle &#8220;ho\u015f geldiniz&#8221; diyerek kolonya ve \u015feker tutan Pala, i\u015fine ba\u015flamadan \u00f6nce mutlaka T\u00fcrk bayra\u011f\u0131na ve \u015fehit k\u00f6\u015fesindeki \u015fehit foto\u011fraflar\u0131na bakarak asker selam\u0131 veriyor.<\/p>\n<p style=\"text-align: center;\">Annesi Naciye Pala taraf\u0131ndan her g\u00fcn i\u015fe u\u011furlanan Pala&#8217;y\u0131 21 Mart D\u00fcnya Down Sendromu Fark\u0131ndal\u0131k G\u00fcn\u00fc dolay\u0131s\u0131yla makam\u0131nda a\u011f\u0131rlayan \u015eenkaya Kaymakam\u0131 Abdullah Kurt, onunla bir s\u00fcre sohbet etti.<\/p>\n<p style=\"text-align: center;\">Kurt, yapt\u0131\u011f\u0131 konu\u015fmada, K\u0131smet&#8217;in \u015eenkaya&#8217;n\u0131n \u00e7ok \u00f6zel bir k\u0131z\u0131 oldu\u011funu s\u00f6yledi.<\/p>\n<p style=\"text-align: center;\">Pala&#8217;n\u0131n kalbinin de \u00e7ok g\u00fczel oldu\u011funu dile getiren Kurt, &#8220;Kalbinin g\u00fczelli\u011fini bayrak ve insan sevgisiyle daha da ziyadele\u015ftirmi\u015f.&#8221; ifadesini kulland\u0131.<\/p>\n<p style=\"text-align: center;\">&#8211; &#8220;Bayrak sevgisi \u00fcst d\u00fczey&#8221;<\/p>\n<p style=\"text-align: center;\">K\u0131smet&#8217;in il\u00e7enin resmi ve dini bayramlar\u0131nda, \u00f6zel g\u00fcnlerinde kendilerini yaln\u0131z b\u0131rakmad\u0131\u011f\u0131n\u0131 anlatan Kurt, \u015funlar\u0131 kaydetti:<\/p>\n<p style=\"text-align: center;\">&#8220;Bayrak sevgisi \u00fcst d\u00fczey. \u015eehit haberlerimizde s\u00fcrekli bayra\u011f\u0131m\u0131z\u0131 selamlarken g\u00f6rd\u00fcm K\u0131smet&#8217;i. Bizden i\u015f talebi oldu. &#8216;Belirli hayallerinin oldu\u011funu ve bunlar\u0131 ger\u00e7ekle\u015ftirmek i\u00e7in \u00e7al\u0131\u015fmaya ihtiya\u00e7 duydu\u011funu&#8217; s\u00f6yledi, biz de bunu seve seve kabul ettik. \u0130\u015eKUR \u0130l M\u00fcd\u00fcrl\u00fc\u011f\u00fcm\u00fczle yap\u0131lan protokol kapsam\u0131nda &#8216;\u0130\u015fg\u00fcc\u00fc Uyum Program\u0131&#8217; kapsam\u0131nda K\u0131smet&#8217;i istihdam etmeye ba\u015flad\u0131k. Onunla beraber oldu\u011fumuz ve \u00e7al\u0131\u015fma arkada\u015f\u0131 oldu\u011fumuz i\u00e7in \u00e7ok mutluyuz.<\/p>\n<p style=\"text-align: center;\">Onun \u00e7al\u0131\u015fma yerini belirlerken bayrak sevgisini de g\u00f6z \u00f6n\u00fcnde bulundurarak kaymakaml\u0131\u011f\u0131n hemen giri\u015finde konumland\u0131rd\u0131k. \u015eunu arzulad\u0131k. Gerek \u00e7al\u0131\u015fma arkada\u015flar\u0131m\u0131z gerekse kamu hizmeti almak i\u00e7in kaymakaml\u0131\u011f\u0131m\u0131za gelen vatanda\u015flar\u0131m\u0131z evvela K\u0131smet&#8217;i selamlas\u0131n istedik. \u00c7ok g\u00fczel geri d\u00f6n\u00fc\u015fler de var. K\u0131smet&#8217;i \u00e7ok mutlu g\u00f6r\u00fcyoruz. Onunla birlikte biz de \u00e7ok mutluyuz. \u0130yi ki K\u0131smet \u015eenkaya il\u00e7emizde, \u015eenkaya&#8217;n\u0131n k\u0131z\u0131.&#8221;<\/p>\n<p style=\"text-align: center;\">\n<div id=\"zone-pharagraphs1\" class=\"widget-article\" style=\"text-align: center;\"><\/div>\n<p style=\"text-align: center;\">\n<p style=\"text-align: center;\">K\u0131smet Pala ise \u00e7ok mutlu oldu\u011funu dile getirerek, &#8220;Vali&#8217;yi \u00e7ok seviyorum. Allah raz\u0131 olsun, beni i\u015fe soktular, \u00e7ok mutlu ettiler, Allah&#8217;a \u00e7ok dua ediyorum.&#8221; dedi.<\/p>\n<p style=\"text-align: center;\">Anne Naciye Pala da k\u0131z\u0131n\u0131n i\u015f yerinde \u00e7ok mutlu oldu\u011funu anlatarak, &#8220;\u00c7ok huzurlu gidip geliyor. B\u00fcy\u00fck stres yap\u0131yordu. \u0130\u015fe ba\u015flamas\u0131ndan dolay\u0131 telefondan, her \u015feyden \u00e7ok g\u00fczel ar\u0131nd\u0131.&#8221; diye konu\u015ftu.<\/p>\n<p style=\"text-align: center;\">Kaynak : Anadolu Ajans\u0131<\/p>\n","protected":false},"excerpt":{"rendered":"<p>Erzurum&#8217;un \u015eenkaya il\u00e7esinde kaymakaml\u0131kta \u00e7al\u0131\u015fmaya ba\u015flayan down sendromlu K\u0131smet Pala, her g\u00fcn g\u00f6revine T\u00fcrk bayra\u011f\u0131n\u0131 ve \u015fehitleri selamlad\u0131ktan sonra ba\u015fl\u0131yor. \u0130l\u00e7ede ya\u015fayan 27 ya\u015f\u0131ndaki K\u0131smet Pala, \u015eenkaya Kaymakaml\u0131\u011f\u0131nca fark\u0131ndal\u0131k olu\u015fturmak amac\u0131yla \u0130\u015eKUR ile yap\u0131lan g\u00f6r\u00fc\u015fmeler sonucunda &#8220;\u0130\u015fg\u00fcc\u00fc Uyum Program\u0131&#8221; kapsam\u0131nda i\u015fe al\u0131nd\u0131. Her sabah kaymakaml\u0131\u011fa gelen vatanda\u015flara ve \u00e7al\u0131\u015fanlara g\u00fcler y\u00fcz\u00fcyle &#8220;ho\u015f geldiniz&#8221; diyerek kolonya [&hellip;]<\/p>\n","protected":false},"author":1,"featured_media":1503,"comment_status":"open","ping_status":"open","sticky":false,"template":"","format":"standard","meta":{"_jetpack_memberships_contains_paid_content":false,"footnotes":""},"categories":[33,1,2],"tags":[],"class_list":["post-1502","post","type-post","status-publish","format-standard","has-post-thumbnail","hentry","category-genel","category-gundem","category-sondk"],"jetpack_featured_media_url":"https:\/\/yerelses.com.tr\/wp-content\/uploads\/2025\/03\/kaymakamlikta-ise-baslayan-down-sendromlu-kismet-in-bayrak-hassasiyeti.jpg","jetpack_sharing_enabled":true,"_links":{"self":[{"href":"https:\/\/yerelses.com.tr\/index.php?rest_route=\/wp\/v2\/posts\/1502","targetHints":{"allow":["GET"]}}],"collection":[{"href":"https:\/\/yerelses.com.tr\/index.php?rest_route=\/wp\/v2\/posts"}],"about":[{"href":"https:\/\/yerelses.com.tr\/index.php?rest_route=\/wp\/v2\/types\/post"}],"author":[{"embeddable":true,"href":"https:\/\/yerelses.com.tr\/index.php?rest_route=\/wp\/v2\/users\/1"}],"replies":[{"embeddable":true,"href":"https:\/\/yerelses.com.tr\/index.php?rest_route=%2Fwp%2Fv2%2Fcomments&post=1502"}],"version-history":[{"count":1,"href":"https:\/\/yerelses.com.tr\/index.php?rest_route=\/wp\/v2\/posts\/1502\/revisions"}],"predecessor-version":[{"id":1504,"href":"https:\/\/yerelses.com.tr\/index.php?rest_route=\/wp\/v2\/posts\/1502\/revisions\/1504"}],"wp:featuredmedia":[{"embeddable":true,"href":"https:\/\/yerelses.com.tr\/index.php?rest_route=\/wp\/v2\/media\/1503"}],"wp:attachment":[{"href":"https:\/\/yerelses.com.tr\/index.php?rest_route=%2Fwp%2Fv2%2Fmedia&parent=1502"}],"wp:term":[{"taxonomy":"category","embeddable":true,"href":"https:\/\/yerelses.com.tr\/index.php?rest_route=%2Fwp%2Fv2%2Fcategories&post=1502"},{"taxonomy":"post_tag","embeddable":true,"href":"https:\/\/yerelses.com.tr\/index.php?rest_route=%2Fwp%2Fv2%2Ftags&post=1502"}],"curies":[{"name":"wp","href":"https:\/\/api.w.org\/{rel}","templated":true}]}}