{"id":1498,"date":"2025-03-20T15:14:28","date_gmt":"2025-03-20T15:14:28","guid":{"rendered":"https:\/\/yerelses.com.tr\/?p=1498"},"modified":"2025-03-20T15:14:28","modified_gmt":"2025-03-20T15:14:28","slug":"10-yasindaki-cocuk-dis-cekimi-sonrasi-hayatini-kaybetti","status":"publish","type":"post","link":"https:\/\/yerelses.com.tr\/?p=1498","title":{"rendered":"10 Ya\u015f\u0131ndaki \u00c7ocuk Di\u015f \u00c7ekimi Sonras\u0131 Hayat\u0131n\u0131 Kaybetti"},"content":{"rendered":"<h2 class=\"description\" style=\"text-align: center;\">Diyarbak\u0131r&#8217;da di\u015f tedavisi sonras\u0131 hayat\u0131n\u0131 kaybeden 10 ya\u015f\u0131ndaki Toprak \u00d6nkol&#8217;un ailesi, ihmal iddias\u0131yla \u015fikayette bulundu.<\/h2>\n<p style=\"text-align: center;\">Diyarbak\u0131r&#8217;da di\u015fini \u00e7ektirdikten sonra kanamas\u0131 durmayan 10 ya\u015f\u0131ndaki k\u0131z \u00e7ocu\u011fu ya\u015fam\u0131n\u0131 yitirdi. \u0130ddiaya g\u00f6re, Toprak \u00d6nkol&#8217;un (10) a\u011fz\u0131ndan kan gelmesi \u00fczerine ailesi, \u00e7ocu\u011fu d\u00fcn merkez Yeni\u015fehir il\u00e7esi Da\u011fkap\u0131 semtindeki \u00c7ocuk Hastal\u0131klar\u0131 Hastanesi&#8217;ne g\u00f6t\u00fcrd\u00fc. Yap\u0131lan muayenenin ard\u0131ndan \u00d6nkol&#8217;un hastanedeki kan tetkiklerinde de\u011ferleri normal \u00e7\u0131k\u0131nca taburcu edilmesine karar verildi. Taburcu i\u015flemini yapan doktor, \u00d6nkol&#8217;un bir di\u015finin salland\u0131\u011f\u0131n\u0131, bu nedenle \u00e7ocu\u011fun bir di\u015f hekimine g\u00f6t\u00fcr\u00fclmesini tavsiye etti. Bunun \u00fczerine aile \u00d6nkol&#8217;u Sa\u011fl\u0131k Bilimleri \u00dcniversitesi Gazi Ya\u015fargil E\u011fitim ve Ara\u015ft\u0131rma Hastanesi Ba\u011flar Semt Poliklini\u011fi&#8217;ne g\u00f6t\u00fcrd\u00fc. Poliklinikte di\u015fi \u00e7ekilen \u00d6nkol&#8217;un, kanamas\u0131n\u0131n durmamas\u0131 \u00fczerine Kad\u0131n Do\u011fum ve \u00c7ocuk Hastal\u0131klar\u0131 Hastanesi&#8217;ne sevk edildi. \u00d6nkol, burada ilk m\u00fcdahalesi yap\u0131ld\u0131ktan sonra ameliyata al\u0131nd\u0131. Yakla\u015f\u0131k 4 saat s\u00fcren ameliyatta \u00d6nkol, doktorlar\u0131n m\u00fcdahalesine ra\u011fmen kurtar\u0131lamad\u0131. \u00d6nkol&#8217;un cenazesi otopsi i\u00e7in Diyarbak\u0131r Adli T\u0131p Kurumuna g\u00f6t\u00fcr\u00fcld\u00fc. \u0130l Sa\u011fl\u0131k M\u00fcd\u00fcrl\u00fc\u011f\u00fcnce olaya ili\u015fkin idari soru\u015fturma ba\u015flat\u0131ld\u0131\u011f\u0131 \u00f6\u011frenildi.<\/p>\n<h2 style=\"text-align: center;\">\u00c7ocu\u011funun Cenazesi Bing\u00f6l&#8217;de Defnedildi<\/h2>\n<p style=\"text-align: center;\">\u00d6nkol&#8217;un cenazesi otopsi i\u015flemlerinin ard\u0131ndan Bing\u00f6l&#8217;\u00fcn Gen\u00e7 il\u00e7esine ba\u011fl\u0131 Yayla k\u00f6y\u00fcn\u00fcn Demirliba\u011f mezras\u0131ndaki mezarl\u0131\u011fa defnedildi. Aile mezran\u0131n camisinde taziyeleri kabul ediyor. Baba Adem \u00d6nkol, sahur vaktinde k\u0131z\u0131n\u0131n elini y\u00fcz\u00fcn\u00fc y\u0131kad\u0131\u011f\u0131n\u0131, daha sonra a\u011fz\u0131ndan kan akmaya ba\u015flad\u0131\u011f\u0131n\u0131 s\u00f6yledi. K\u0131z\u0131n\u0131n di\u015fine tampon yapt\u0131\u011f\u0131n\u0131 ve kan\u0131n durdu\u011funu anlatan \u00d6nkol, ard\u0131ndan ambulansla k\u0131z\u0131n\u0131 hastaneye g\u00f6t\u00fcrd\u00fcklerini belirtti.<\/p>\n<h3 style=\"text-align: center;\">&#8220;K\u0131z\u0131m\u0131n \u00d6l\u00fcm\u00fcyle \u0130lgili Sonuna Kadar \u015eikayet\u00e7iyim&#8221;<\/h3>\n<p style=\"text-align: center;\">Baba \u00d6nkol, \u015funlar\u0131 kaydetti: &#8220;K\u0131z\u0131ma hastanede serum takt\u0131lar ve baz\u0131 tetkikler yapt\u0131lar. &#8216;Saat 08.00&#8217;e kadar bir yere gitmeyin.&#8217; dediler. Bir daha tetkik yap\u0131laca\u011f\u0131n\u0131 s\u00f6ylediler. \u00c7ocuk iyi oldu. Doktor 12.00 gibi geldi tekrar bir test yapt\u0131lar ve testleri iyi \u00e7\u0131kt\u0131. Sonra k\u0131z\u0131m\u0131 taburcu ettiler. Doktor bize gastroloji ile di\u015f hastanesine ba\u015fvurmam\u0131z\u0131 s\u00f6yledi. Oradan Ba\u011flar Semt Di\u015f Poliklini\u011fine gittik. K\u0131z\u0131m\u0131n di\u015finin foto\u011fraf\u0131n\u0131 g\u00f6sterdim, di\u015finden kan akt\u0131\u011f\u0131n\u0131 s\u00f6yledim. Bizi acil doktoruna g\u00f6nderdiler. Acildeki doktora \u00f6zellikle &#8216;Hocam devlet hastanesindeki doktor bana film \u00e7ekmeden \u00e7ocu\u011fa m\u00fcdahale etmesinler dedi.&#8217; diye belirttim. O da bana &#8216;Herkes kendi bran\u015f\u0131nda uzmand\u0131r.&#8217; dedi. Ne i\u011fne yapt\u0131 ne film \u00e7ektirdi. \u00dc\u00e7 sefer \u00fcst \u00fcste tekrar ettim konuyu.K\u0131z\u0131m\u0131n direkt di\u015fini \u00e7ekti, di\u015fini \u00e7ekmesiyle kan\u0131n f\u0131rlamas\u0131 bir oldu. O y\u00fczden k\u0131z\u0131m\u0131n ihmal edildi\u011fini d\u00fc\u015f\u00fcn\u00fcyorum. O doktordan \u015fikayet\u00e7iyim. Adli t\u0131pta, k\u0131z\u0131m\u0131n di\u015finin \u00e7ekilmesi esnas\u0131nda damarda \u00e7atlama olu\u015ftu\u011funu s\u00f6ylediler. Otopside bir i\u00e7 kanama tespit ettiklerini s\u00f6ylediler. K\u0131z\u0131m\u0131n \u00f6l\u00fcm\u00fcyle ilgili sonuna kadar \u015fikayet\u00e7iyim.&#8221;<\/p>\n<p style=\"text-align: center;\">Kaynak : Anadolu Ajans\u0131<\/p>\n","protected":false},"excerpt":{"rendered":"<p>Diyarbak\u0131r&#8217;da di\u015f tedavisi sonras\u0131 hayat\u0131n\u0131 kaybeden 10 ya\u015f\u0131ndaki Toprak \u00d6nkol&#8217;un ailesi, ihmal iddias\u0131yla \u015fikayette bulundu. Diyarbak\u0131r&#8217;da di\u015fini \u00e7ektirdikten sonra kanamas\u0131 durmayan 10 ya\u015f\u0131ndaki k\u0131z \u00e7ocu\u011fu ya\u015fam\u0131n\u0131 yitirdi. \u0130ddiaya g\u00f6re, Toprak \u00d6nkol&#8217;un (10) a\u011fz\u0131ndan kan gelmesi \u00fczerine ailesi, \u00e7ocu\u011fu d\u00fcn merkez Yeni\u015fehir il\u00e7esi Da\u011fkap\u0131 semtindeki \u00c7ocuk Hastal\u0131klar\u0131 Hastanesi&#8217;ne g\u00f6t\u00fcrd\u00fc. Yap\u0131lan muayenenin ard\u0131ndan \u00d6nkol&#8217;un hastanedeki kan tetkiklerinde [&hellip;]<\/p>\n","protected":false},"author":1,"featured_media":1499,"comment_status":"open","ping_status":"open","sticky":false,"template":"","format":"standard","meta":{"_jetpack_memberships_contains_paid_content":false,"footnotes":""},"categories":[9,33,1,2],"tags":[],"class_list":["post-1498","post","type-post","status-publish","format-standard","has-post-thumbnail","hentry","category-asayis","category-genel","category-gundem","category-sondk"],"jetpack_featured_media_url":"https:\/\/yerelses.com.tr\/wp-content\/uploads\/2025\/03\/0x0-diyarbakirda-10-yasindaki-toprakin-feci-sonu-disi-cekildikten-sonra-kanamasi-durdurulamayinca-1742460205193.webp","jetpack_sharing_enabled":true,"_links":{"self":[{"href":"https:\/\/yerelses.com.tr\/index.php?rest_route=\/wp\/v2\/posts\/1498","targetHints":{"allow":["GET"]}}],"collection":[{"href":"https:\/\/yerelses.com.tr\/index.php?rest_route=\/wp\/v2\/posts"}],"about":[{"href":"https:\/\/yerelses.com.tr\/index.php?rest_route=\/wp\/v2\/types\/post"}],"author":[{"embeddable":true,"href":"https:\/\/yerelses.com.tr\/index.php?rest_route=\/wp\/v2\/users\/1"}],"replies":[{"embeddable":true,"href":"https:\/\/yerelses.com.tr\/index.php?rest_route=%2Fwp%2Fv2%2Fcomments&post=1498"}],"version-history":[{"count":1,"href":"https:\/\/yerelses.com.tr\/index.php?rest_route=\/wp\/v2\/posts\/1498\/revisions"}],"predecessor-version":[{"id":1501,"href":"https:\/\/yerelses.com.tr\/index.php?rest_route=\/wp\/v2\/posts\/1498\/revisions\/1501"}],"wp:featuredmedia":[{"embeddable":true,"href":"https:\/\/yerelses.com.tr\/index.php?rest_route=\/wp\/v2\/media\/1499"}],"wp:attachment":[{"href":"https:\/\/yerelses.com.tr\/index.php?rest_route=%2Fwp%2Fv2%2Fmedia&parent=1498"}],"wp:term":[{"taxonomy":"category","embeddable":true,"href":"https:\/\/yerelses.com.tr\/index.php?rest_route=%2Fwp%2Fv2%2Fcategories&post=1498"},{"taxonomy":"post_tag","embeddable":true,"href":"https:\/\/yerelses.com.tr\/index.php?rest_route=%2Fwp%2Fv2%2Ftags&post=1498"}],"curies":[{"name":"wp","href":"https:\/\/api.w.org\/{rel}","templated":true}]}}