{"id":1492,"date":"2025-03-19T06:21:08","date_gmt":"2025-03-19T06:21:08","guid":{"rendered":"https:\/\/yerelses.com.tr\/?p=1492"},"modified":"2025-03-19T06:24:27","modified_gmt":"2025-03-19T06:24:27","slug":"ekrem-imamogluna-yonelik-gozalti-karari-ve-ilk-aciklamalar","status":"publish","type":"post","link":"https:\/\/yerelses.com.tr\/?p=1492","title":{"rendered":"Ekrem \u0130mamo\u011flu&#8217;na Y\u00f6nelik G\u00f6zalt\u0131 Karar\u0131 ve \u0130lk A\u00e7\u0131klamalar"},"content":{"rendered":"<header>\n<h1 class=\"title\" style=\"text-align: center;\">Ekrem \u0130mamo\u011flu&#8217;na Y\u00f6nelik G\u00f6zalt\u0131 Karar\u0131 ve \u0130lk A\u00e7\u0131klamalar<\/h1>\n<\/header>\n<h2 class=\"description\" style=\"text-align: center;\">\u0130stanbul B\u00fcy\u00fck\u015fehir Belediye Ba\u015fkan\u0131 Ekrem \u0130mamo\u011flu ve bas\u0131n dan\u0131\u015fman\u0131 Murat Ongun dahil bir\u00e7ok isim hakk\u0131nda g\u00f6zalt\u0131 karar\u0131 verildi. \u0130mamo\u011flu&#8217;ndan a\u00e7\u0131klama.<\/h2>\n<div id=\"article-detail-container\" class=\"detail article-detail-container\">\n<p style=\"text-align: center;\">\u0130stanbul B\u00fcy\u00fck\u015fehir Belediyesi&#8217;ne y\u00f6nelik ba\u015flat\u0131lan soru\u015fturma \u00e7er\u00e7evesinde, \u0130BB Ba\u015fkan\u0131 Ekrem \u0130mamo\u011flu ve bas\u0131n dan\u0131\u015fman\u0131 Murat Ongun&#8217;un da aralar\u0131nda bulundu\u011fu bir\u00e7ok ki\u015fi hakk\u0131nda g\u00f6zalt\u0131 karar\u0131 al\u0131nd\u0131. \u0130mamo\u011flu, yay\u0131mlad\u0131\u011f\u0131 video mesaj\u0131nda, &#8220;Hepinizi \u00e7ok seviyorum, ben kendimi milletime emanet ediyorum. Dimdik ayakta olaca\u011f\u0131m\u0131z\u0131 b\u00fct\u00fcn milletim bilsin,&#8221; \u015feklinde a\u00e7\u0131klama yapt\u0131.<\/p>\n<h2 style=\"text-align: center;\">\u0130stanbul&#8217;da Geni\u015f \u00c7apl\u0131 Operasyon<\/h2>\n<p style=\"text-align: center;\">\u0130stanbul Cumhuriyet Ba\u015fsavc\u0131l\u0131\u011f\u0131, \u0130BB Ba\u015fkan\u0131 Ekrem \u0130mamo\u011flu&#8217;nun da dahil oldu\u011fu 105 ki\u015fiye y\u00f6nelik geni\u015f \u00e7apl\u0131 bir operasyon ba\u015flatt\u0131.<\/p>\n<h3 style=\"text-align: center;\">Soru\u015fturma Kapsam\u0131nda G\u00f6zalt\u0131 Kararlar\u0131<\/h3>\n<p style=\"text-align: center;\">Soru\u015fturma dahilinde, \u0130BB Ba\u015fkan\u0131 Ekrem \u0130mamo\u011flu, Medya A\u015e Y\u00f6netim Kurulu Ba\u015fkan\u0131 Murat Ongun ve Necati \u00d6zkan&#8217;\u0131n da aralar\u0131nda oldu\u011fu bir\u00e7ok ki\u015fi hakk\u0131nda g\u00f6zalt\u0131 karar\u0131 al\u0131nd\u0131. \u0130\u015fte son dakika geli\u015fmeleri&#8230;<\/p>\n<ul style=\"text-align: center;\">\n<li>08:01 Ekrem \u0130mamo\u011flu&#8217;ndan ses kayd\u0131: Dimdik ayaktay\u0131m.<\/li>\n<li>07:50 \u015ei\u015fli Belediye Ba\u015fkan\u0131 \u015eahan g\u00f6zalt\u0131na al\u0131nd\u0131.<\/li>\n<li>07:47 CHP Lideri \u00d6zg\u00fcr \u00d6zel&#8217;den ilk a\u00e7\u0131klama.<\/li>\n<li>07:45 Necati \u00d6zkan g\u00f6zalt\u0131na al\u0131nd\u0131.<\/li>\n<li>07:41 CHP Lideri \u00d6zg\u00fcr \u00d6zel&#8217;in \u0130stanbul&#8217;a do\u011fru yola \u00e7\u0131kt\u0131\u011f\u0131 \u00f6\u011frenildi.<\/li>\n<li>07:35 itibar\u0131yla \u0130BB Ba\u015fkan\u0131 \u0130mamo\u011flu&#8217;nun evinin \u00f6n\u00fcnden g\u00f6r\u00fcnt\u00fclerde onlarca \u00e7evik kuvvet polisi ile barikat kuruldu\u011fu g\u00f6r\u00fcld\u00fc.<\/li>\n<li>07:25 \u0130mamo\u011flu video payla\u015ft\u0131.<\/li>\n<li>07:01 Murat Ongun: G\u00f6zalt\u0131na al\u0131n\u0131yorum.<\/li>\n<li>06:50 G\u00f6khan G\u00fcnayd\u0131n: \u0130mamo\u011flu&#8217;nun evine bask\u0131n yap\u0131ld\u0131.<\/li>\n<\/ul>\n<p style=\"text-align: center;\">\u0130mamo\u011flu&#8217;nun evine sabah erken saatlerinde yap\u0131lan bask\u0131nda, CHP Grup Ba\u015fkanvekili G\u00f6khan G\u00fcnayd\u0131n, &#8220;An itibariyle Ekrem \u0130mamo\u011flu&#8217;nun konutuna 20 ara\u00e7 dolusu kolluk kuvveti gelmi\u015f durumda,&#8221; \u015feklinde a\u00e7\u0131klamada bulundu. Bu geli\u015fmeler \u0131\u015f\u0131\u011f\u0131nda, toplumda geni\u015f yank\u0131 bulan olaylar, \u0130stanbul&#8217;da ve T\u00fcrkiye genelinde dikkatle izleniyor. G\u00f6zalt\u0131lar ve operasyonlarla ilgili s\u00fcre\u00e7lerin nas\u0131l ilerleyece\u011fi ise merak konusu olmaya devam ediyor.<\/p>\n<hr \/>\n<p style=\"text-align: center;\"><a class=\"zoom\" href=\"https:\/\/www.memurlar.net\/common\/news\/documents\/1130399\/imamoglu-pdyr.jpg\" target=\"_img\"><img decoding=\"async\" src=\"https:\/\/www.memurlar.net\/common\/news\/documents\/1130399\/imamoglu-pdyr.jpg\" \/><\/a><\/p>\n<hr \/>\n<p style=\"text-align: center;\"><b>08:01 Ekrem \u0130mamo\u011flu&#8217;ndan ses kayd\u0131: Dimdik ayaktay\u0131m.<\/b><\/p>\n<p style=\"text-align: center;\">&#8220;Kap\u0131ya y\u00fczlerce polis geldi, kendimi millete emanet ediyorum. Bu ahlaks\u0131zl\u0131\u011f\u0131. Eve bask\u0131nla polis geliyor, kap\u0131ya polis \u00e7al\u0131yor. Kendime 16 milyon de\u011fil, 86 milyon ve b\u00fct\u00fcn d\u00fcnyadaki bu zulm\u00fc yapan insanlara kar\u015f\u0131 dirence emanet ediyorum. Milletime g\u00fcveniyorum. Bu ahlaks\u0131zl\u0131\u011f\u0131, bu ceberut tutum ve tavr\u0131, milletimizin iradesi, milletimizin direnci elbette geri \u00e7evirecektir. Bu \u00fclkenin \u00e7ocuklar\u0131na, kad\u0131nlar\u0131na, b\u00fct\u00fcn insanlar\u0131na en g\u00fczel duygular\u0131m\u0131 iletiyorum. Dimdik ayaktay\u0131m. Kimse endi\u015fe duymas\u0131n. Hepinizi kucakl\u0131yorum. Milletimi \u00e7ok seviyorum. Unutulmas\u0131n ki; egemenlik kay\u0131ts\u0131z \u015farts\u0131z milletindir. Y\u0131lmayaca\u011f\u0131m\u0131, dik duraca\u011f\u0131m\u0131, m\u00fccadeleye devam edece\u011fimi b\u00fct\u00fcn milletimin bilmesini istiyorum. Ekrem \u0130mamo\u011flu&#8217;nun kap\u0131s\u0131na y\u00fczlerce polisi y\u0131\u011fan, bu s\u00fcrecin ba\u015f\u0131ndaki ve b\u00fct\u00fcn bu dosyalar\u0131n savc\u0131s\u0131 Cumhurba\u015fkan\u0131 ve buradaki temsilcisi bir avu\u00e7 insan. Ve benim gariban polisimi, ahlakl\u0131 polisimi bu i\u015fe alet eden kim varsa, o b\u00fct\u00fcn bir avu\u00e7 insandan, bu millet, adalet \u00f6n\u00fcnde hesap soracakt\u0131r.&#8221;<\/p>\n<hr \/>\n<p style=\"text-align: center;\"><b>07:50<\/b>\u00a0<b>\u015ei\u015fli Belediye Ba\u015fkan\u0131 \u015eahan g\u00f6zalt\u0131na al\u0131nd\u0131<\/b><\/p>\n<p style=\"text-align: center;\">Soru\u015fturma kapsam\u0131nda, \u015ei\u015fli Belediye Ba\u015fkan\u0131 Resul Emrah \u015eahan&#8217;\u0131n evinde arama yap\u0131l\u0131yor. \u015eahan g\u00f6zalt\u0131na al\u0131nd\u0131.<\/p>\n<hr \/>\n<p style=\"text-align: center;\"><b>07:47 CHP Lideri \u00d6zg\u00fcr \u00d6zel&#8217;den ilk a\u00e7\u0131klama<\/b><\/p>\n<p style=\"text-align: center;\">&#8220;Milletin yerine karar vermek, halk\u0131n iradesinin yerine ge\u00e7mek ya da ona engel olmak i\u00e7in g\u00fc\u00e7 kullanmak darbedir. \u015eu anda bir sonraki cumhurba\u015fkan\u0131n\u0131 milletin belirlemesine engel olmak \u00fczere bir g\u00fc\u00e7 devrededir. Bir sonraki cumhurba\u015fkan\u0131m\u0131za darbe giri\u015fimi ile kar\u015f\u0131 kar\u015f\u0131yay\u0131z&#8230; Milletimiz devletini sever ama birileri taraf\u0131ndan devlet milletin kar\u015f\u0131s\u0131na dikilirse millet buna izin vermez. Esas g\u00fc\u00e7 millettir ve en sonunda millet kazan\u0131r&#8230; Yine \u00f6yle olacak. Teslim olmayaca\u011f\u0131z. En sonunda yine milletin dedi\u011fi olacak ve T\u00fcrkiye kazanacak.&#8221;<\/p>\n<hr \/>\n<p style=\"text-align: center;\"><b>07:45 Necati \u00d6zkan g\u00f6zalt\u0131na al\u0131nd\u0131<\/b><\/p>\n<p style=\"text-align: center;\">Eski CHP Genel Ba\u015fkan\u0131 Kemal K\u0131l\u0131\u00e7daro\u011flu&#8217;nun \u0130BB adayl\u0131k kampanyas\u0131n\u0131, CHP&#8217;nin yerel se\u00e7im kampanyalar\u0131n\u0131, Ekrem \u0130mamo\u011flu&#8217;nun se\u00e7im kampanyalar\u0131n\u0131 y\u00f6neten Necati \u00d6zkan da g\u00f6zalt\u0131na al\u0131nd\u0131.<\/p>\n<hr \/>\n<p style=\"text-align: center;\"><b>07:41<\/b>\u00a0CHP Lideri \u00d6zg\u00fcr \u00d6zel&#8217;in \u0130stanbul&#8217;a do\u011fru yola \u00e7\u0131kt\u0131\u011f\u0131n\u0131 \u00f6\u011frenildi.<\/p>\n<hr \/>\n<p style=\"text-align: center;\"><b>07:35<\/b>\u00a0itibar\u0131yla \u0130BB Ba\u015fkan\u0131 \u0130mamo\u011flu&#8217;nun evinin \u00f6n\u00fcnden g\u00f6r\u00fcnt\u00fclerde onlarca \u00e7evik kuvvet polisi ile barikat kuruldu\u011fu g\u00f6r\u00fcld\u00fc.<\/p>\n<hr \/>\n<div class=\"twitter-tweet twitter-tweet-rendered\" style=\"text-align: center;\"><\/div>\n<div style=\"text-align: center;\">https:\/\/twitter.com\/i\/status\/1902211651023118590<\/div>\n<p style=\"text-align: center;\"><b>07:25 \u0130mamo\u011flu video payla\u015ft\u0131<\/b><\/p>\n<p style=\"text-align: center;\">\u0130BB Ba\u015fkan\u0131 Ekrem \u0130mamo\u011flu, sosyal medya hesab\u0131ndan yapt\u0131\u011f\u0131 videolu payla\u015f\u0131mda &#8220;\u00dcz\u00fclerek s\u00f6yl\u00fcyorum, milletimizi iradesini gasp etmeye \u00e7al\u0131\u015fan bir avu\u00e7 ak\u0131l, benim sevgili polislerimi, emniyet g\u00fc\u00e7lerini bu k\u00f6t\u00fcl\u00fc\u011fe alet ederek, evinin , 16 milyon \u0130stanbullunun kap\u0131s\u0131na y\u0131\u011fm\u0131\u015ft\u0131r. Y\u00fczlerce polis y\u0131\u011fm\u0131\u015ft\u0131r. B\u00fcy\u00fck bir zorbal\u0131kla kar\u015f\u0131 kar\u015f\u0131ya ama y\u0131lmayaca\u011f\u0131m\u0131 bilmenizi istiyorum. Hepinizi \u00e7ok seviyorum, ben kendimi milletime emanet ediyorum. Dimdik ayakta olaca\u011f\u0131m\u0131z b\u00fct\u00fcn milletim bilsin. O ki\u015fiye ve b\u00fct\u00fcn bu s\u00fcreci aparat gibi kullanan akl\u0131yla m\u00fccadeleye devam edece\u011fim&#8221; dedi.<\/p>\n<hr \/>\n<p style=\"text-align: center;\"><b>07:01 Murat Ongun: G\u00f6zalt\u0131na al\u0131n\u0131yorum<\/b><\/p>\n<p style=\"text-align: center;\">\u0130BB Medya A\u015e Y\u00f6netim Kurulu Ba\u015fkan\u0131\u00a0<b>Murat Ongun<\/b>\u00a0sosyal medya hesab\u0131ndan g\u00f6zalt\u0131na al\u0131nmakta oldu\u011funu duyurdu.<\/p>\n<p style=\"text-align: center;\">Ongun, &#8220;T\u00fcm sosyal medya mecralar\u0131nda hesaplar\u0131 olan vatanda\u015flar\u0131m\u0131za sesleniyorum: Bu saatten sonra Ekrem \u0130mamo\u011flu T\u00fcrk milletine emanettir. Koruyun, kollay\u0131n, destekleyin! Milleti yenemezler. Her \u015fey \u00e7ok g\u00fczel olacak&#8221; dedi.<\/p>\n<hr \/>\n<p style=\"text-align: center;\"><b>06:50 G\u00f6khan G\u00fcnayd\u0131n: \u0130mamo\u011flu&#8217;nun evine bask\u0131n yap\u0131ld\u0131<\/b><\/p>\n<p style=\"text-align: center;\">CHP Grup Ba\u015fkanvekili G\u00f6khan G\u00fcnayd\u0131n, \u0130stanbul B\u00fcy\u00fck\u015fehir Belediye Ba\u015fkan\u0131 Ekrem \u0130mamo\u011flu&#8217;nun evine sabah erken saatlerinde 20 kadar polisle bask\u0131n yap\u0131ld\u0131\u011f\u0131n\u0131 duyurdu.<\/p>\n<div id=\"zone-pharagraphs1\" class=\"widget-article\" style=\"text-align: center;\"><\/div>\n<p style=\"text-align: center;\">Kaynak : Memurlar.Net<\/p>\n<p style=\"text-align: center;\">\n<\/div>\n","protected":false},"excerpt":{"rendered":"<p>Ekrem \u0130mamo\u011flu&#8217;na Y\u00f6nelik G\u00f6zalt\u0131 Karar\u0131 ve \u0130lk A\u00e7\u0131klamalar \u0130stanbul B\u00fcy\u00fck\u015fehir Belediye Ba\u015fkan\u0131 Ekrem \u0130mamo\u011flu ve bas\u0131n dan\u0131\u015fman\u0131 Murat Ongun dahil bir\u00e7ok isim hakk\u0131nda g\u00f6zalt\u0131 karar\u0131 verildi. \u0130mamo\u011flu&#8217;ndan a\u00e7\u0131klama. \u0130stanbul B\u00fcy\u00fck\u015fehir Belediyesi&#8217;ne y\u00f6nelik ba\u015flat\u0131lan soru\u015fturma \u00e7er\u00e7evesinde, \u0130BB Ba\u015fkan\u0131 Ekrem \u0130mamo\u011flu ve bas\u0131n dan\u0131\u015fman\u0131 Murat Ongun&#8217;un da aralar\u0131nda bulundu\u011fu bir\u00e7ok ki\u015fi hakk\u0131nda g\u00f6zalt\u0131 karar\u0131 al\u0131nd\u0131. \u0130mamo\u011flu, yay\u0131mlad\u0131\u011f\u0131 [&hellip;]<\/p>\n","protected":false},"author":1,"featured_media":1493,"comment_status":"open","ping_status":"open","sticky":false,"template":"","format":"standard","meta":{"_jetpack_memberships_contains_paid_content":false,"footnotes":""},"categories":[9,33,1,8,2],"tags":[],"class_list":["post-1492","post","type-post","status-publish","format-standard","has-post-thumbnail","hentry","category-asayis","category-genel","category-gundem","category-siyaset","category-sondk"],"jetpack_featured_media_url":"https:\/\/yerelses.com.tr\/wp-content\/uploads\/2025\/03\/ekrem-imamoglu-na-yonelik-gozalti-karari-ve-ilk-aciklamalar.jpg","jetpack_sharing_enabled":true,"_links":{"self":[{"href":"https:\/\/yerelses.com.tr\/index.php?rest_route=\/wp\/v2\/posts\/1492","targetHints":{"allow":["GET"]}}],"collection":[{"href":"https:\/\/yerelses.com.tr\/index.php?rest_route=\/wp\/v2\/posts"}],"about":[{"href":"https:\/\/yerelses.com.tr\/index.php?rest_route=\/wp\/v2\/types\/post"}],"author":[{"embeddable":true,"href":"https:\/\/yerelses.com.tr\/index.php?rest_route=\/wp\/v2\/users\/1"}],"replies":[{"embeddable":true,"href":"https:\/\/yerelses.com.tr\/index.php?rest_route=%2Fwp%2Fv2%2Fcomments&post=1492"}],"version-history":[{"count":4,"href":"https:\/\/yerelses.com.tr\/index.php?rest_route=\/wp\/v2\/posts\/1492\/revisions"}],"predecessor-version":[{"id":1497,"href":"https:\/\/yerelses.com.tr\/index.php?rest_route=\/wp\/v2\/posts\/1492\/revisions\/1497"}],"wp:featuredmedia":[{"embeddable":true,"href":"https:\/\/yerelses.com.tr\/index.php?rest_route=\/wp\/v2\/media\/1493"}],"wp:attachment":[{"href":"https:\/\/yerelses.com.tr\/index.php?rest_route=%2Fwp%2Fv2%2Fmedia&parent=1492"}],"wp:term":[{"taxonomy":"category","embeddable":true,"href":"https:\/\/yerelses.com.tr\/index.php?rest_route=%2Fwp%2Fv2%2Fcategories&post=1492"},{"taxonomy":"post_tag","embeddable":true,"href":"https:\/\/yerelses.com.tr\/index.php?rest_route=%2Fwp%2Fv2%2Ftags&post=1492"}],"curies":[{"name":"wp","href":"https:\/\/api.w.org\/{rel}","templated":true}]}}