{"id":1488,"date":"2025-03-17T15:23:56","date_gmt":"2025-03-17T15:23:56","guid":{"rendered":"https:\/\/yerelses.com.tr\/?p=1488"},"modified":"2025-03-17T15:23:56","modified_gmt":"2025-03-17T15:23:56","slug":"memurlara-yari-zamanli-calisma-hakki-geliyor","status":"publish","type":"post","link":"https:\/\/yerelses.com.tr\/?p=1488","title":{"rendered":"Memurlara yar\u0131 zamanl\u0131 \u00e7al\u0131\u015fma hakk\u0131 geliyor"},"content":{"rendered":"<p style=\"text-align: center;\"><strong>NTV&#8217;de yer alan habere g\u00f6re<\/strong>, memur olan anne ve babalar, \u00e7ocuklar\u0131n\u0131n bak\u0131m\u0131n\u0131 kolayla\u015ft\u0131rmak amac\u0131yla yar\u0131 zamanl\u0131 \u00e7al\u0131\u015fma hakk\u0131na sahip olacaklar. Bu hak, do\u011fum veya evlat edinme sonras\u0131nda kullan\u0131labilecek.\u00a0<strong>Yar\u0131 zamanl\u0131 \u00e7al\u0131\u015fmak isteyenin maa\u015f\u0131 da yar\u0131 yar\u0131ya d\u00fc\u015fecek.<\/strong><\/p>\n<h2 style=\"text-align: center;\">Yar\u0131 Zamanl\u0131 \u00c7al\u0131\u015fma Uygulamas\u0131<\/h2>\n<p style=\"text-align: center;\">E\u015fler ayn\u0131 anda bu uygulamadan faydalanamayacak. Bu hak, \u00e7ocuk ilkokula ba\u015flay\u0131ncaya kadar devam edebilecek.\u00a0<strong>Yar\u0131 zamanl\u0131 \u00e7al\u0131\u015fmak isteyen hak sahibinin maa\u015f \u00f6demesi de yar\u0131 yar\u0131ya d\u00fc\u015fecek.<\/strong><\/p>\n<h2 style=\"text-align: center;\">Yar\u0131 Zamanl\u0131 \u00c7al\u0131\u015fma Hakk\u0131 8 Y\u0131ld\u0131r Uygulanm\u0131yor<\/h2>\n<p style=\"text-align: center;\">Devlet Memurlar\u0131 Kanunu&#8217;na 2016 y\u0131l\u0131nda eklenen yar\u0131 zamanl\u0131 \u00e7al\u0131\u015fma hakk\u0131, 8 y\u0131ld\u0131r uygulanm\u0131yor. H\u00fck\u00fcmet,\u00a0<strong>&#8220;Aile Y\u0131l\u0131&#8221;<\/strong>\u00a0kapsam\u0131nda bu karar\u0131n uygulanabilmesi i\u00e7in bir y\u00f6netmelik haz\u0131rl\u0131yor.<\/p>\n<h2 style=\"text-align: center;\">Yar\u0131 Zamanl\u0131 \u00c7al\u0131\u015fan Anneye S\u00fct \u0130zni Yok<\/h2>\n<p style=\"text-align: center;\">Tasla\u011fa g\u00f6re, yar\u0131 zamanl\u0131 \u00e7al\u0131\u015fmak isteyenler, ba\u015fvuru i\u00e7in en az 1 ay \u00f6nceden kuruma yaz\u0131l\u0131 talep iletecek.\u00a0<strong>Yar\u0131 zamanl\u0131 \u00e7al\u0131\u015fan anneye ayr\u0131ca s\u00fct izni verilmeyecek.<\/strong><\/p>\n<h2 style=\"text-align: center;\">Haftal\u0131k \u00c7al\u0131\u015fma S\u00fcresi D\u00fczenlemesi<\/h2>\n<p style=\"text-align: center;\">Haftal\u0131k \u00e7al\u0131\u015fma s\u00fcresi normalde 40 saatken, yar\u0131 zamanl\u0131 \u00e7al\u0131\u015fmak isteyen memur 20 saat \u00e7al\u0131\u015facak. Haftan\u0131n belirli g\u00fcnleri tam g\u00fcn ve en fazla 3 g\u00fcn olmak \u00fczere \u00e7al\u0131\u015f\u0131labilecek. Di\u011fer bir se\u00e7enek de haftan\u0131n 5 g\u00fcn\u00fc en az 3 saat \u00e7al\u0131\u015fmak.<\/p>\n<h2 style=\"text-align: center;\">Evlat Edinenler \u0130\u00e7in Ayn\u0131 \u015eartlar Ge\u00e7erli<\/h2>\n<p style=\"text-align: center;\">Yetkili amir, ocak ve temmuz aylar\u0131nda \u00e7al\u0131\u015fma saatlerinde de\u011fi\u015fiklik yapabilecek. Evlat edinenler i\u00e7in de ayn\u0131 \u015fartlar ge\u00e7erli olacak. Her bir \u00e7ocuk i\u00e7in ayr\u0131 ayr\u0131 bu hak kullan\u0131labilecek.<\/p>\n<h2 style=\"text-align: center;\">Tasla\u011fa Son Halini Bakanl\u0131k Verecek<\/h2>\n<p style=\"text-align: center;\">Y\u00f6netmelik tasla\u011f\u0131 g\u00f6r\u00fc\u015fe a\u00e7\u0131ld\u0131. \u00c7al\u0131\u015fmaya son halini Aile ve Sosyal Hizmetler Bakanl\u0131\u011f\u0131 verecek.<\/p>\n<p style=\"text-align: center;\">\n<p style=\"text-align: center;\">Kaynak : NTV<\/p>\n","protected":false},"excerpt":{"rendered":"<p>NTV&#8217;de yer alan habere g\u00f6re, memur olan anne ve babalar, \u00e7ocuklar\u0131n\u0131n bak\u0131m\u0131n\u0131 kolayla\u015ft\u0131rmak amac\u0131yla yar\u0131 zamanl\u0131 \u00e7al\u0131\u015fma hakk\u0131na sahip olacaklar. Bu hak, do\u011fum veya evlat edinme sonras\u0131nda kullan\u0131labilecek.\u00a0Yar\u0131 zamanl\u0131 \u00e7al\u0131\u015fmak isteyenin maa\u015f\u0131 da yar\u0131 yar\u0131ya d\u00fc\u015fecek. Yar\u0131 Zamanl\u0131 \u00c7al\u0131\u015fma Uygulamas\u0131 E\u015fler ayn\u0131 anda bu uygulamadan faydalanamayacak. Bu hak, \u00e7ocuk ilkokula ba\u015flay\u0131ncaya kadar devam edebilecek.\u00a0Yar\u0131 zamanl\u0131 [&hellip;]<\/p>\n","protected":false},"author":1,"featured_media":1489,"comment_status":"open","ping_status":"open","sticky":false,"template":"","format":"standard","meta":{"_jetpack_memberships_contains_paid_content":false,"footnotes":""},"categories":[1],"tags":[],"class_list":["post-1488","post","type-post","status-publish","format-standard","has-post-thumbnail","hentry","category-gundem"],"jetpack_featured_media_url":"https:\/\/yerelses.com.tr\/wp-content\/uploads\/2025\/03\/memurlara-yari-zamanli-calisma-hakki-geliyor.jpg","jetpack_sharing_enabled":true,"_links":{"self":[{"href":"https:\/\/yerelses.com.tr\/index.php?rest_route=\/wp\/v2\/posts\/1488","targetHints":{"allow":["GET"]}}],"collection":[{"href":"https:\/\/yerelses.com.tr\/index.php?rest_route=\/wp\/v2\/posts"}],"about":[{"href":"https:\/\/yerelses.com.tr\/index.php?rest_route=\/wp\/v2\/types\/post"}],"author":[{"embeddable":true,"href":"https:\/\/yerelses.com.tr\/index.php?rest_route=\/wp\/v2\/users\/1"}],"replies":[{"embeddable":true,"href":"https:\/\/yerelses.com.tr\/index.php?rest_route=%2Fwp%2Fv2%2Fcomments&post=1488"}],"version-history":[{"count":1,"href":"https:\/\/yerelses.com.tr\/index.php?rest_route=\/wp\/v2\/posts\/1488\/revisions"}],"predecessor-version":[{"id":1490,"href":"https:\/\/yerelses.com.tr\/index.php?rest_route=\/wp\/v2\/posts\/1488\/revisions\/1490"}],"wp:featuredmedia":[{"embeddable":true,"href":"https:\/\/yerelses.com.tr\/index.php?rest_route=\/wp\/v2\/media\/1489"}],"wp:attachment":[{"href":"https:\/\/yerelses.com.tr\/index.php?rest_route=%2Fwp%2Fv2%2Fmedia&parent=1488"}],"wp:term":[{"taxonomy":"category","embeddable":true,"href":"https:\/\/yerelses.com.tr\/index.php?rest_route=%2Fwp%2Fv2%2Fcategories&post=1488"},{"taxonomy":"post_tag","embeddable":true,"href":"https:\/\/yerelses.com.tr\/index.php?rest_route=%2Fwp%2Fv2%2Ftags&post=1488"}],"curies":[{"name":"wp","href":"https:\/\/api.w.org\/{rel}","templated":true}]}}