{"id":1479,"date":"2025-03-13T15:27:30","date_gmt":"2025-03-13T15:27:30","guid":{"rendered":"https:\/\/yerelses.com.tr\/?p=1479"},"modified":"2025-03-13T15:27:30","modified_gmt":"2025-03-13T15:27:30","slug":"sicakliklar-dusuyor-kar-yeniden-geliyor","status":"publish","type":"post","link":"https:\/\/yerelses.com.tr\/?p=1479","title":{"rendered":"S\u0131cakl\u0131klar D\u00fc\u015f\u00fcyor: Kar Yeniden Geliyor"},"content":{"rendered":"<h2 class=\"description\">T\u00fcrkiye genelinde s\u0131cakl\u0131klar sal\u0131 g\u00fcn\u00fcnden itibaren d\u00fc\u015fmeye ba\u015flayacak. Meteoroloji uzman\u0131 Abdullah Macit, detayl\u0131 hava durumu bilgilerini aktard\u0131.<\/h2>\n<p>S\u0131cakl\u0131k D\u00fc\u015f\u00fcyor, Kar Yeniden Geliyor<\/p>\n<h2>Yurt Genelinde S\u0131cakl\u0131klar D\u00fc\u015fecek<\/h2>\n<p>Yurt genelinde s\u0131cakl\u0131klar haftaya sal\u0131 g\u00fcn\u00fcnden itibaren mevsim normallerinin alt\u0131na inecek.<\/p>\n<h3>Meteoroloji Genel M\u00fcd\u00fcrl\u00fc\u011f\u00fc&#8217;nden A\u00e7\u0131klama<\/h3>\n<p>\u00c7evre, \u015eehircilik ve \u0130klim De\u011fi\u015fikli\u011fi Bakanl\u0131\u011f\u0131 Meteoroloji Genel M\u00fcd\u00fcrl\u00fc\u011f\u00fc hava tahmin uzman\u0131 Abdullah Macit, haftal\u0131k hava durumuna ili\u015fkin bilgi verdi.Macit, son de\u011ferlendirmelere g\u00f6re yar\u0131n ve hafta sonu yurt genelinde ya\u011f\u0131\u015f beklentisinin olmad\u0131\u011f\u0131n\u0131 s\u00f6yledi.<\/p>\n<h3>Hafta Sonu Hava Durumu<\/h3>\n<p>Hafta sonunda hava s\u0131cakl\u0131klar\u0131n\u0131n mevsim normallerinin 10 ila 15 derece \u00fczerinde seyredece\u011fini belirten Macit, &#8220;Yar\u0131n sabah saatlerinde do\u011fu kesimlerde buzlanma ve don olay\u0131 bekleniyor. Bir de Do\u011fu Karadeniz&#8217;in i\u00e7 kesimleri ve Do\u011fu Anadolu&#8217;nun do\u011fusunda \u00e7\u0131\u011f tehlikesi halen devam ediyor. Onun d\u0131\u015f\u0131nda yurt genelinde az bulutlu ve a\u00e7\u0131k bir hava var.&#8221; dedi.<\/p>\n<h3>S\u0131cakl\u0131klar\u0131n D\u00fc\u015fmesi Bekleniyor<\/h3>\n<p>Hava s\u0131cakl\u0131klar\u0131n\u0131n \u015fu anda mevsim normallerinin \u00fczerinde oldu\u011funu dile getiren Macit, &#8220;S\u0131cakl\u0131klar sal\u0131 g\u00fcn\u00fcne kadar b\u00f6yle devam ediyor. Hava s\u0131cakl\u0131klar\u0131n\u0131n yurt genelinde sal\u0131 g\u00fcn\u00fcnden itibaren kuzeybat\u0131 kesimlerden ba\u015flayarak hissedilir derecede azalmas\u0131n\u0131 bekliyoruz. \u00c7ar\u015famba ve per\u015fembe g\u00fcn\u00fc yurt genelinde mevsim normallerinin alt\u0131na d\u00fc\u015fecek ama pazartesiye kadar mevsim normallerinin 10-15 derece \u00fczerinde seyredecek.&#8221; diye konu\u015ftu.<\/p>\n<p>Kaynak : Anadolu Ajans\u0131<\/p>\n","protected":false},"excerpt":{"rendered":"<p>T\u00fcrkiye genelinde s\u0131cakl\u0131klar sal\u0131 g\u00fcn\u00fcnden itibaren d\u00fc\u015fmeye ba\u015flayacak. Meteoroloji uzman\u0131 Abdullah Macit, detayl\u0131 hava durumu bilgilerini aktard\u0131. S\u0131cakl\u0131k D\u00fc\u015f\u00fcyor, Kar Yeniden Geliyor Yurt Genelinde S\u0131cakl\u0131klar D\u00fc\u015fecek Yurt genelinde s\u0131cakl\u0131klar haftaya sal\u0131 g\u00fcn\u00fcnden itibaren mevsim normallerinin alt\u0131na inecek. Meteoroloji Genel M\u00fcd\u00fcrl\u00fc\u011f\u00fc&#8217;nden A\u00e7\u0131klama \u00c7evre, \u015eehircilik ve \u0130klim De\u011fi\u015fikli\u011fi Bakanl\u0131\u011f\u0131 Meteoroloji Genel M\u00fcd\u00fcrl\u00fc\u011f\u00fc hava tahmin uzman\u0131 Abdullah Macit, [&hellip;]<\/p>\n","protected":false},"author":1,"featured_media":1480,"comment_status":"open","ping_status":"open","sticky":false,"template":"","format":"standard","meta":{"_jetpack_memberships_contains_paid_content":false,"footnotes":""},"categories":[33,1,2],"tags":[],"class_list":["post-1479","post","type-post","status-publish","format-standard","has-post-thumbnail","hentry","category-genel","category-gundem","category-sondk"],"jetpack_featured_media_url":"https:\/\/yerelses.com.tr\/wp-content\/uploads\/2025\/03\/sicakliklar-dusuyor-kar-yeniden-geliyor.jpg","jetpack_sharing_enabled":true,"_links":{"self":[{"href":"https:\/\/yerelses.com.tr\/index.php?rest_route=\/wp\/v2\/posts\/1479","targetHints":{"allow":["GET"]}}],"collection":[{"href":"https:\/\/yerelses.com.tr\/index.php?rest_route=\/wp\/v2\/posts"}],"about":[{"href":"https:\/\/yerelses.com.tr\/index.php?rest_route=\/wp\/v2\/types\/post"}],"author":[{"embeddable":true,"href":"https:\/\/yerelses.com.tr\/index.php?rest_route=\/wp\/v2\/users\/1"}],"replies":[{"embeddable":true,"href":"https:\/\/yerelses.com.tr\/index.php?rest_route=%2Fwp%2Fv2%2Fcomments&post=1479"}],"version-history":[{"count":1,"href":"https:\/\/yerelses.com.tr\/index.php?rest_route=\/wp\/v2\/posts\/1479\/revisions"}],"predecessor-version":[{"id":1481,"href":"https:\/\/yerelses.com.tr\/index.php?rest_route=\/wp\/v2\/posts\/1479\/revisions\/1481"}],"wp:featuredmedia":[{"embeddable":true,"href":"https:\/\/yerelses.com.tr\/index.php?rest_route=\/wp\/v2\/media\/1480"}],"wp:attachment":[{"href":"https:\/\/yerelses.com.tr\/index.php?rest_route=%2Fwp%2Fv2%2Fmedia&parent=1479"}],"wp:term":[{"taxonomy":"category","embeddable":true,"href":"https:\/\/yerelses.com.tr\/index.php?rest_route=%2Fwp%2Fv2%2Fcategories&post=1479"},{"taxonomy":"post_tag","embeddable":true,"href":"https:\/\/yerelses.com.tr\/index.php?rest_route=%2Fwp%2Fv2%2Ftags&post=1479"}],"curies":[{"name":"wp","href":"https:\/\/api.w.org\/{rel}","templated":true}]}}