{"id":1473,"date":"2025-03-11T15:27:03","date_gmt":"2025-03-11T15:27:03","guid":{"rendered":"https:\/\/yerelses.com.tr\/?p=1473"},"modified":"2025-03-11T15:27:03","modified_gmt":"2025-03-11T15:27:03","slug":"oldurdugu-kisinin-cesedini-bodrumda-saklayan-supheli-tutuklandi","status":"publish","type":"post","link":"https:\/\/yerelses.com.tr\/?p=1473","title":{"rendered":"\u00d6ld\u00fcrd\u00fc\u011f\u00fc ki\u015finin cesedini bodrumda saklayan \u015f\u00fcpheli tutukland\u0131"},"content":{"rendered":"<h2 class=\"description\">Samsun&#8217;un Canik il\u00e7esinde, b\u0131\u00e7akla \u00f6ld\u00fcrd\u00fc\u011f\u00fc ki\u015finin cesedini bir evin bodrumunda saklayan \u015f\u00fcpheli tutukland\u0131.<\/h2>\n<p>Yavuzselim Mahallesi&#8217;nde 6 Mart&#8217;ta evinden ayr\u0131ld\u0131ktan sonra geri d\u00f6nmeyen Alzheimer hastas\u0131 Sebahattin Co\u015far (69) hakk\u0131nda yak\u0131nlar\u0131 taraf\u0131ndan kay\u0131p ihbar\u0131 yap\u0131ld\u0131.<\/p>\n<p>\u0130l Emniyet M\u00fcd\u00fcrl\u00fc\u011f\u00fc ekipleri y\u00fcr\u00fctt\u00fc\u011f\u00fc teknik ve fiziki \u00e7al\u0131\u015fmada bir evin bodrumunda Co\u015far&#8217;\u0131n cesedine ula\u015ft\u0131.<\/p>\n<p>B\u0131\u00e7aklanarak \u00f6ld\u00fcr\u00fcld\u00fc\u011f\u00fc belirlenen Co\u015far&#8217;\u0131n cesedi, otopsi i\u00e7in Adli T\u0131p Kurumu Samsun Grup Ba\u015fkanl\u0131\u011f\u0131na g\u00f6t\u00fcr\u00fcld\u00fc.<\/p>\n<p>Cesedin bulundu\u011fu evin, cinayetin \u015f\u00fcphelisi E.Y&#8217;nin (23) babas\u0131na ait oldu\u011fu tespit edildi.<\/p>\n<p>D\u00fczenlenen operasyonda g\u00f6zalt\u0131na al\u0131nan E.Y, emniyetteki i\u015flemlerinin ard\u0131ndan adliyeye sevk edildi.<\/p>\n<p>N\u00f6bet\u00e7i sulh ceza hakimli\u011fine \u00e7\u0131kar\u0131lan zanl\u0131, tutukland\u0131.<\/p>\n<p>\u015e\u00fcphelinin, 14 ayr\u0131 su\u00e7tan kayd\u0131 oldu\u011fu \u00f6\u011frenildi.<\/p>\n<p>Kaynak : Anadolu Ajans\u0131<\/p>\n","protected":false},"excerpt":{"rendered":"<p>Samsun&#8217;un Canik il\u00e7esinde, b\u0131\u00e7akla \u00f6ld\u00fcrd\u00fc\u011f\u00fc ki\u015finin cesedini bir evin bodrumunda saklayan \u015f\u00fcpheli tutukland\u0131. Yavuzselim Mahallesi&#8217;nde 6 Mart&#8217;ta evinden ayr\u0131ld\u0131ktan sonra geri d\u00f6nmeyen Alzheimer hastas\u0131 Sebahattin Co\u015far (69) hakk\u0131nda yak\u0131nlar\u0131 taraf\u0131ndan kay\u0131p ihbar\u0131 yap\u0131ld\u0131. \u0130l Emniyet M\u00fcd\u00fcrl\u00fc\u011f\u00fc ekipleri y\u00fcr\u00fctt\u00fc\u011f\u00fc teknik ve fiziki \u00e7al\u0131\u015fmada bir evin bodrumunda Co\u015far&#8217;\u0131n cesedine ula\u015ft\u0131. B\u0131\u00e7aklanarak \u00f6ld\u00fcr\u00fcld\u00fc\u011f\u00fc belirlenen Co\u015far&#8217;\u0131n cesedi, otopsi i\u00e7in [&hellip;]<\/p>\n","protected":false},"author":1,"featured_media":1474,"comment_status":"open","ping_status":"open","sticky":false,"template":"","format":"standard","meta":{"_jetpack_memberships_contains_paid_content":false,"footnotes":""},"categories":[9,33,1,2],"tags":[],"class_list":["post-1473","post","type-post","status-publish","format-standard","has-post-thumbnail","hentry","category-asayis","category-genel","category-gundem","category-sondk"],"jetpack_featured_media_url":"https:\/\/yerelses.com.tr\/wp-content\/uploads\/2025\/03\/oldurdugu-kisinin-cesedini-bodrumda-saklayan-supheli-tutuklandi.jpg","jetpack_sharing_enabled":true,"_links":{"self":[{"href":"https:\/\/yerelses.com.tr\/index.php?rest_route=\/wp\/v2\/posts\/1473","targetHints":{"allow":["GET"]}}],"collection":[{"href":"https:\/\/yerelses.com.tr\/index.php?rest_route=\/wp\/v2\/posts"}],"about":[{"href":"https:\/\/yerelses.com.tr\/index.php?rest_route=\/wp\/v2\/types\/post"}],"author":[{"embeddable":true,"href":"https:\/\/yerelses.com.tr\/index.php?rest_route=\/wp\/v2\/users\/1"}],"replies":[{"embeddable":true,"href":"https:\/\/yerelses.com.tr\/index.php?rest_route=%2Fwp%2Fv2%2Fcomments&post=1473"}],"version-history":[{"count":1,"href":"https:\/\/yerelses.com.tr\/index.php?rest_route=\/wp\/v2\/posts\/1473\/revisions"}],"predecessor-version":[{"id":1475,"href":"https:\/\/yerelses.com.tr\/index.php?rest_route=\/wp\/v2\/posts\/1473\/revisions\/1475"}],"wp:featuredmedia":[{"embeddable":true,"href":"https:\/\/yerelses.com.tr\/index.php?rest_route=\/wp\/v2\/media\/1474"}],"wp:attachment":[{"href":"https:\/\/yerelses.com.tr\/index.php?rest_route=%2Fwp%2Fv2%2Fmedia&parent=1473"}],"wp:term":[{"taxonomy":"category","embeddable":true,"href":"https:\/\/yerelses.com.tr\/index.php?rest_route=%2Fwp%2Fv2%2Fcategories&post=1473"},{"taxonomy":"post_tag","embeddable":true,"href":"https:\/\/yerelses.com.tr\/index.php?rest_route=%2Fwp%2Fv2%2Ftags&post=1473"}],"curies":[{"name":"wp","href":"https:\/\/api.w.org\/{rel}","templated":true}]}}