{"id":1469,"date":"2025-03-07T15:28:05","date_gmt":"2025-03-07T15:28:05","guid":{"rendered":"https:\/\/yerelses.com.tr\/?p=1469"},"modified":"2025-03-07T15:28:05","modified_gmt":"2025-03-07T15:28:05","slug":"4-sinif-ogrencisine-ogretmen-siddeti-iddiasina-sorusturma","status":"publish","type":"post","link":"https:\/\/yerelses.com.tr\/?p=1469","title":{"rendered":"4. s\u0131n\u0131f \u00f6\u011frencisine \u00f6\u011fretmen \u015fiddeti iddias\u0131na soru\u015fturma"},"content":{"rendered":"<h2 class=\"description\">Antalya&#8217;da bir ilkokulda, 4. s\u0131n\u0131f \u00f6\u011frencisi A.Y.&#8217;nin \u00f6\u011fretmeni taraf\u0131ndan darbedildi\u011fi iddias\u0131yla aile \u015fikayette bulundu. Olayla ilgili inceleme ba\u015flat\u0131ld\u0131.<\/h2>\n<p>&nbsp;<\/p>\n<p><strong>Antalya&#8217;n\u0131n Serik il\u00e7esinde<\/strong>, Mehmet Akif Ersoy \u0130lkokulu&#8217;nda meydana gelen olayda,\u00a0<strong>4&#8217;\u00fcnc\u00fc s\u0131n\u0131f \u00f6\u011frencisi A.Y.<\/strong>, \u00f6\u011fretmeni H.E.C. taraf\u0131ndan darbedildi\u011fi iddias\u0131yla g\u00fcndeme geldi. A.Y.&#8217;nin ailesi, o\u011fullar\u0131n\u0131n okulda ya\u015fad\u0131\u011f\u0131 bu olay\u0131 \u00f6\u011frendikten sonra hemen harekete ge\u00e7ti ve \u015fikayette bulundu. \u0130l\u00e7e Milli E\u011fitim M\u00fcd\u00fcrl\u00fc\u011f\u00fc, olayla ilgili detayl\u0131 bir inceleme ba\u015flatt\u0131.<\/p>\n<h2>Olay\u0131n Detaylar\u0131<\/h2>\n<ul>\n<li><strong>Tarih:<\/strong>\u00a05 Mart<\/li>\n<li><strong>Yer:<\/strong>\u00a0Mehmet Akif Ersoy \u0130lkokulu<\/li>\n<li><strong>Konu:<\/strong>\u00a0A.Y. ve arkada\u015f\u0131 aras\u0131nda ya\u015fanan iti\u015fme sonras\u0131nda \u00f6\u011fretmen m\u00fcdahalesi<\/li>\n<li><strong>\u0130ddia:<\/strong>\u00a0\u00d6\u011fretmen H.E.C., A.Y.&#8217;yi darbetti<\/li>\n<\/ul>\n<h3>Ailenin \u0130ddialar\u0131 ve Tepkileri<\/h3>\n<p><strong>Anne Ya\u015far Y\u0131lmaz<\/strong>, o\u011flunun okulda darbedildi\u011fini belirterek, &#8220;\u00c7ocu\u011fumun sol kolunda morarma var ve \u00f6\u011fretmen \u00e7enesini s\u0131k\u0131p tokat att\u0131&#8221; dedi. Ayr\u0131ca, \u00f6\u011fretmenin o\u011flunu yere yat\u0131r\u0131p karn\u0131na bast\u0131rarak \u015fiddet uygulad\u0131\u011f\u0131n\u0131 da iddia etti. Bu olay\u0131n ard\u0131ndan aile, hem polise hem de \u0130l\u00e7e Milli E\u011fitim M\u00fcd\u00fcrl\u00fc\u011f\u00fc&#8217;ne \u015fikayette bulundu.<\/p>\n<h3>Anne Ya\u015far Y\u0131lmaz&#8217;\u0131n A\u00e7\u0131klamalar\u0131<\/h3>\n<p>Ya\u015far Y\u0131lmaz, &#8220;\u00d6\u011fretmenle konu\u015ftu\u011fumda, bana yapt\u0131\u011f\u0131 \u015feyden pi\u015fman oldu\u011funu ama \u00e7ocu\u011fumun \u015f\u0131mar\u0131kl\u0131k yapt\u0131\u011f\u0131n\u0131 s\u00f6yledi. Ancak bu, \u015fiddeti hakl\u0131 k\u0131lmaz. \u00c7ocu\u011fumun psikolojik durumu bu olaydan sonra k\u00f6t\u00fcle\u015fti&#8221; diye belirtti. Ayr\u0131ca, \u00e7ocu\u011funun psikiyatri ve konu\u015fma terapi merkezinde tedavi g\u00f6rd\u00fc\u011f\u00fcn\u00fc ve olay sonras\u0131 okuldan korkmaya ba\u015flad\u0131\u011f\u0131n\u0131 ifade etti.<\/p>\n<h3>A.Y.&#8217;nin \u0130fadeleri<\/h3>\n<p>A.Y., ya\u015fad\u0131\u011f\u0131 durumu anlat\u0131rken, &#8220;Koridorda \u00f6\u011fretmen beni ald\u0131 yere yat\u0131rd\u0131, \u00e7i\u011fnedi. Kolumu s\u0131kt\u0131 ve tokat att\u0131&#8221; dedi. Bu olay sonras\u0131nda okula gitmek istemedi\u011fini de belirtti.<strong>Aile, \u00f6\u011fretmenin hukuki olarak cezaland\u0131r\u0131lmas\u0131n\u0131 talep ediyor<\/strong>\u00a0ve \u00e7ocuklar\u0131n\u0131n g\u00f6rd\u00fc\u011f\u00fc \u015fiddetin hi\u00e7bir \u015fekilde kabul edilemeyece\u011fini vurguluyor.<\/p>\n<p>&nbsp;<\/p>\n<div class=\"pc:col-4 col-6 info\">Kaynak : DHA<\/div>\n","protected":false},"excerpt":{"rendered":"<p>Antalya&#8217;da bir ilkokulda, 4. s\u0131n\u0131f \u00f6\u011frencisi A.Y.&#8217;nin \u00f6\u011fretmeni taraf\u0131ndan darbedildi\u011fi iddias\u0131yla aile \u015fikayette bulundu. Olayla ilgili inceleme ba\u015flat\u0131ld\u0131. &nbsp; Antalya&#8217;n\u0131n Serik il\u00e7esinde, Mehmet Akif Ersoy \u0130lkokulu&#8217;nda meydana gelen olayda,\u00a04&#8217;\u00fcnc\u00fc s\u0131n\u0131f \u00f6\u011frencisi A.Y., \u00f6\u011fretmeni H.E.C. taraf\u0131ndan darbedildi\u011fi iddias\u0131yla g\u00fcndeme geldi. A.Y.&#8217;nin ailesi, o\u011fullar\u0131n\u0131n okulda ya\u015fad\u0131\u011f\u0131 bu olay\u0131 \u00f6\u011frendikten sonra hemen harekete ge\u00e7ti ve \u015fikayette bulundu. \u0130l\u00e7e [&hellip;]<\/p>\n","protected":false},"author":1,"featured_media":1470,"comment_status":"open","ping_status":"open","sticky":false,"template":"","format":"standard","meta":{"_jetpack_memberships_contains_paid_content":false,"footnotes":""},"categories":[9,33,1,2],"tags":[],"class_list":["post-1469","post","type-post","status-publish","format-standard","has-post-thumbnail","hentry","category-asayis","category-genel","category-gundem","category-sondk"],"jetpack_featured_media_url":"https:\/\/yerelses.com.tr\/wp-content\/uploads\/2025\/03\/4-sinif-ogrencisine-ogretmen-siddeti-iddiasina-sorusturma.jpg","jetpack_sharing_enabled":true,"_links":{"self":[{"href":"https:\/\/yerelses.com.tr\/index.php?rest_route=\/wp\/v2\/posts\/1469","targetHints":{"allow":["GET"]}}],"collection":[{"href":"https:\/\/yerelses.com.tr\/index.php?rest_route=\/wp\/v2\/posts"}],"about":[{"href":"https:\/\/yerelses.com.tr\/index.php?rest_route=\/wp\/v2\/types\/post"}],"author":[{"embeddable":true,"href":"https:\/\/yerelses.com.tr\/index.php?rest_route=\/wp\/v2\/users\/1"}],"replies":[{"embeddable":true,"href":"https:\/\/yerelses.com.tr\/index.php?rest_route=%2Fwp%2Fv2%2Fcomments&post=1469"}],"version-history":[{"count":1,"href":"https:\/\/yerelses.com.tr\/index.php?rest_route=\/wp\/v2\/posts\/1469\/revisions"}],"predecessor-version":[{"id":1471,"href":"https:\/\/yerelses.com.tr\/index.php?rest_route=\/wp\/v2\/posts\/1469\/revisions\/1471"}],"wp:featuredmedia":[{"embeddable":true,"href":"https:\/\/yerelses.com.tr\/index.php?rest_route=\/wp\/v2\/media\/1470"}],"wp:attachment":[{"href":"https:\/\/yerelses.com.tr\/index.php?rest_route=%2Fwp%2Fv2%2Fmedia&parent=1469"}],"wp:term":[{"taxonomy":"category","embeddable":true,"href":"https:\/\/yerelses.com.tr\/index.php?rest_route=%2Fwp%2Fv2%2Fcategories&post=1469"},{"taxonomy":"post_tag","embeddable":true,"href":"https:\/\/yerelses.com.tr\/index.php?rest_route=%2Fwp%2Fv2%2Ftags&post=1469"}],"curies":[{"name":"wp","href":"https:\/\/api.w.org\/{rel}","templated":true}]}}