{"id":1464,"date":"2025-03-06T15:21:50","date_gmt":"2025-03-06T15:21:50","guid":{"rendered":"https:\/\/yerelses.com.tr\/?p=1464"},"modified":"2025-03-06T15:21:50","modified_gmt":"2025-03-06T15:21:50","slug":"uniforma-giydi-telsiz-tasidi-onune-geleni-dolandirdi","status":"publish","type":"post","link":"https:\/\/yerelses.com.tr\/?p=1464","title":{"rendered":"\u00dcniforma giydi, telsiz ta\u015f\u0131d\u0131: \u00d6n\u00fcne geleni doland\u0131rd\u0131"},"content":{"rendered":"<h2 class=\"description\" style=\"text-align: center;\">Denizli&#8217;de film senaryolar\u0131n\u0131 aratmayan bir doland\u0131r\u0131c\u0131l\u0131k olay\u0131 ya\u015fand\u0131&#8230; Adnan K. isimli \u015fah\u0131s, y\u0131llarca kendisini M\u0130T mensubu olarak tan\u0131tt\u0131&#8230; G\u00fcvenilir g\u00f6r\u00fcnmek i\u00e7in s\u00fcrekli yan\u0131nda telsiz ta\u015f\u0131d\u0131&#8230;<\/h2>\n<p style=\"text-align: center;\">Denizli \u0130l Jandarma Komutanl\u0131\u011f\u0131 ekipleri, kendisini M\u0130T g\u00f6revlisi olarak tan\u0131t\u0131p, vatanda\u015flardan resmi kurumlardaki i\u015flemlerini halledece\u011fini s\u00f6yleyip, para alan ki\u015fiyi tespit etmek i\u00e7in \u00e7al\u0131\u015fma ba\u015flatt\u0131.<\/p>\n<p style=\"text-align: center;\">\u0130l Jandarma Komutanl\u0131\u011f\u0131&#8217;n\u0131n dedektifleri olan Jandarma Su\u00e7 Ara\u015ft\u0131rma Timi (JASAT), aralar\u0131nda doktor, avukat, \u00f6\u011fretmen ve noter gibi meslek sahibi olan ki\u015filerden toplam 150 bin lira para ald\u0131\u011f\u0131 tespit edilen \u015f\u00fcphelinin Adnan Kurban oldu\u011funu belirledi.<\/p>\n<p style=\"text-align: center;\">\n<p style=\"text-align: center;\"><img fetchpriority=\"high\" decoding=\"async\" class=\"alignnone wp-image-1467 size-full\" src=\"https:\/\/yerelses.com.tr\/wp-content\/uploads\/2025\/03\/sahtemitcitutuklandipatronudaisti597705176910jpg-phjakom4puuy9gck1rxxdg-scaled.jpg\" alt=\"\" width=\"2560\" height=\"1691\" srcset=\"https:\/\/yerelses.com.tr\/wp-content\/uploads\/2025\/03\/sahtemitcitutuklandipatronudaisti597705176910jpg-phjakom4puuy9gck1rxxdg-scaled.jpg 2560w, https:\/\/yerelses.com.tr\/wp-content\/uploads\/2025\/03\/sahtemitcitutuklandipatronudaisti597705176910jpg-phjakom4puuy9gck1rxxdg-300x198.jpg 300w, https:\/\/yerelses.com.tr\/wp-content\/uploads\/2025\/03\/sahtemitcitutuklandipatronudaisti597705176910jpg-phjakom4puuy9gck1rxxdg-1024x677.jpg 1024w, https:\/\/yerelses.com.tr\/wp-content\/uploads\/2025\/03\/sahtemitcitutuklandipatronudaisti597705176910jpg-phjakom4puuy9gck1rxxdg-768x507.jpg 768w, https:\/\/yerelses.com.tr\/wp-content\/uploads\/2025\/03\/sahtemitcitutuklandipatronudaisti597705176910jpg-phjakom4puuy9gck1rxxdg-1536x1015.jpg 1536w, https:\/\/yerelses.com.tr\/wp-content\/uploads\/2025\/03\/sahtemitcitutuklandipatronudaisti597705176910jpg-phjakom4puuy9gck1rxxdg-2048x1353.jpg 2048w\" sizes=\"(max-width: 2560px) 100vw, 2560px\" \/><\/p>\n<h3 style=\"text-align: center;\">&#8216;N\u0130TEL\u0130KL\u0130 DOLANDIRICILIK&#8217;TAN TUTUKLANDI<\/h3>\n<p style=\"text-align: center;\">Bah\u00e7elievler Mahallesi&#8217;nde ya\u015fayan ve bir tekstil at\u00f6lyesinde i\u015f\u00e7i olarak \u00e7al\u0131\u015ft\u0131\u011f\u0131 belirlenen Kurban, JASAT ve Merkezefendi \u0130l\u00e7e Jandarma Komutanl\u0131\u011f\u0131 ekipleri taraf\u0131ndan 4 Mart&#8217;ta d\u00fczenlenen operasyonla yakaland\u0131.<\/p>\n<p style=\"text-align: center;\">\u015e\u00fcphelinin evinde yap\u0131lan aramada; jandarma ara\u00e7 giri\u015f kart\u0131, telsiz ve jandarma k\u0131yafetleri bulundu. Adliyeye sevk edilen Kurban, &#8216;Nitelikli doland\u0131r\u0131c\u0131l\u0131k&#8217; su\u00e7undan tutukland\u0131.<\/p>\n<h2 style=\"text-align: center;\">RESM\u0130 KURUMLARDA \u00c7EKT\u0130\u011e\u0130 FOTO\u011eRAFLARLA G\u00dcVEN KAZANMI\u015e<\/h2>\n<p style=\"text-align: center;\">Tutuklanan Kurban&#8217;\u0131n kendisinin ter\u00f6r gazisi jandarma y\u00fczba\u015f\u0131 ve M\u0130T B\u00f6lge Ba\u015fkan\u0131 olarak tan\u0131tt\u0131\u011f\u0131 belirlendi. Kurban&#8217;\u0131n kar\u015f\u0131s\u0131ndaki ki\u015fileri ikna etmek i\u00e7in yan\u0131nda telsiz ta\u015f\u0131d\u0131\u011f\u0131, resmi kurumlarda \u00e7ekti\u011fi foto\u011fraflar\u0131 payla\u015farak, g\u00fcven kazand\u0131\u011f\u0131 belirlendi.<\/p>\n<p style=\"text-align: center;\">Kurban&#8217;\u0131n vatanda\u015flar\u0131n resmi kurumlardaki i\u015flemlerini \u00e7\u00f6zece\u011fini belirtip, para ald\u0131\u011f\u0131 ortaya \u00e7\u0131kt\u0131.<\/p>\n<p style=\"text-align: center;\">Ayr\u0131ca Kurban&#8217;\u0131n i\u015f\u00e7i olarak \u00e7al\u0131\u015ft\u0131\u011f\u0131 tekstil at\u00f6lyesinin sahibine kendisini istihbarat g\u00f6revlisi olarak tan\u0131t\u0131p, zaman zaman gizli g\u00f6rev oldu\u011funu s\u00f6yleyerek i\u015f yerinden ayr\u0131ld\u0131\u011f\u0131 \u00f6\u011frenildi.<\/p>\n<p style=\"text-align: center;\">Jandarman\u0131n ifadesine ba\u015fvurdu\u011fu yak\u0131n arkada\u015f\u0131n\u0131n da Kurban&#8217;\u0131 istihbarat g\u00f6revlisi olarak bildi\u011fi ortaya \u00e7\u0131kt\u0131.<\/p>\n<p style=\"text-align: center;\">Kaynak : Anadolu Ajans\u0131<\/p>\n","protected":false},"excerpt":{"rendered":"<p>Denizli&#8217;de film senaryolar\u0131n\u0131 aratmayan bir doland\u0131r\u0131c\u0131l\u0131k olay\u0131 ya\u015fand\u0131&#8230; Adnan K. isimli \u015fah\u0131s, y\u0131llarca kendisini M\u0130T mensubu olarak tan\u0131tt\u0131&#8230; G\u00fcvenilir g\u00f6r\u00fcnmek i\u00e7in s\u00fcrekli yan\u0131nda telsiz ta\u015f\u0131d\u0131&#8230; Denizli \u0130l Jandarma Komutanl\u0131\u011f\u0131 ekipleri, kendisini M\u0130T g\u00f6revlisi olarak tan\u0131t\u0131p, vatanda\u015flardan resmi kurumlardaki i\u015flemlerini halledece\u011fini s\u00f6yleyip, para alan ki\u015fiyi tespit etmek i\u00e7in \u00e7al\u0131\u015fma ba\u015flatt\u0131. \u0130l Jandarma Komutanl\u0131\u011f\u0131&#8217;n\u0131n dedektifleri olan Jandarma [&hellip;]<\/p>\n","protected":false},"author":1,"featured_media":1466,"comment_status":"open","ping_status":"open","sticky":false,"template":"","format":"standard","meta":{"_jetpack_memberships_contains_paid_content":false,"footnotes":""},"categories":[9,33,1,2],"tags":[],"class_list":["post-1464","post","type-post","status-publish","format-standard","has-post-thumbnail","hentry","category-asayis","category-genel","category-gundem","category-sondk"],"jetpack_featured_media_url":"https:\/\/yerelses.com.tr\/wp-content\/uploads\/2025\/03\/uniforma-giydi-telsiz-tasidi-onune-geleni-dolandirdi-1.jpg","jetpack_sharing_enabled":true,"_links":{"self":[{"href":"https:\/\/yerelses.com.tr\/index.php?rest_route=\/wp\/v2\/posts\/1464","targetHints":{"allow":["GET"]}}],"collection":[{"href":"https:\/\/yerelses.com.tr\/index.php?rest_route=\/wp\/v2\/posts"}],"about":[{"href":"https:\/\/yerelses.com.tr\/index.php?rest_route=\/wp\/v2\/types\/post"}],"author":[{"embeddable":true,"href":"https:\/\/yerelses.com.tr\/index.php?rest_route=\/wp\/v2\/users\/1"}],"replies":[{"embeddable":true,"href":"https:\/\/yerelses.com.tr\/index.php?rest_route=%2Fwp%2Fv2%2Fcomments&post=1464"}],"version-history":[{"count":1,"href":"https:\/\/yerelses.com.tr\/index.php?rest_route=\/wp\/v2\/posts\/1464\/revisions"}],"predecessor-version":[{"id":1468,"href":"https:\/\/yerelses.com.tr\/index.php?rest_route=\/wp\/v2\/posts\/1464\/revisions\/1468"}],"wp:featuredmedia":[{"embeddable":true,"href":"https:\/\/yerelses.com.tr\/index.php?rest_route=\/wp\/v2\/media\/1466"}],"wp:attachment":[{"href":"https:\/\/yerelses.com.tr\/index.php?rest_route=%2Fwp%2Fv2%2Fmedia&parent=1464"}],"wp:term":[{"taxonomy":"category","embeddable":true,"href":"https:\/\/yerelses.com.tr\/index.php?rest_route=%2Fwp%2Fv2%2Fcategories&post=1464"},{"taxonomy":"post_tag","embeddable":true,"href":"https:\/\/yerelses.com.tr\/index.php?rest_route=%2Fwp%2Fv2%2Ftags&post=1464"}],"curies":[{"name":"wp","href":"https:\/\/api.w.org\/{rel}","templated":true}]}}