{"id":1458,"date":"2025-03-05T15:22:33","date_gmt":"2025-03-05T15:22:33","guid":{"rendered":"https:\/\/yerelses.com.tr\/?p=1458"},"modified":"2025-03-05T15:22:33","modified_gmt":"2025-03-05T15:22:33","slug":"bana-yapay-zeka-yerlestirdi-deyip-doktoru-bicakladi","status":"publish","type":"post","link":"https:\/\/yerelses.com.tr\/?p=1458","title":{"rendered":"&#8216;Bana yapay zeka yerle\u015ftirdi&#8217; deyip doktoru b\u0131\u00e7aklad\u0131"},"content":{"rendered":"<h2 class=\"description\">Ni\u011fde&#8217;de hastanede beyin doktoru Burak Y\u00fcr\u00fck&#8217;\u00fc kafas\u0131 ba\u015fta olmak \u00fczere \u00e7e\u015fitli yerlerinden b\u0131\u00e7aklayan \u015f\u00fcpheli tutukland\u0131. \u015e\u00fcpheli &#8220;Su\u00e7unu itiraf etmiyor, bana yapay zeka yerle\u015ftirdi, ba\u015f\u0131mda onun cihazlar\u0131 var&#8221; iddias\u0131nda bulundu.<\/h2>\n<p>Ni\u011fde \u00d6mer Halisdemir \u00dcniversitesi E\u011fitim ve Ara\u015ft\u0131rma Hastanesi&#8217;nde ya\u015fand\u0131. Hastanede Beyin ve Sinir Cerrahisi Servisi&#8217;nde g\u00f6revli olan Uzm. Dr. Burak Y\u00fcr\u00fck, i\u015f \u00e7\u0131k\u0131\u015f\u0131 62 ya\u015f\u0131ndaki T.S.&#8217;nin sald\u0131r\u0131s\u0131na u\u011frad\u0131.<\/p>\n<p>Zanl\u0131 T.S, adliyeye sevki s\u0131ras\u0131nda gazetecilerin<b>\u00a0&#8220;Doktoru neden b\u0131\u00e7aklad\u0131n\u0131z?&#8221;\u00a0<\/b>sorusu \u00fczerine<b>, &#8220;Su\u00e7unu itiraf etmiyor, bana yapay zeka yerle\u015ftirdi, ba\u015f\u0131mda onun cihazlar\u0131 var.&#8221;<\/b>\u00a0dedi.<\/p>\n<h2>Vali Cahit \u00c7elik&#8217;ten Ge\u00e7mi\u015f Olsun Mesaj\u0131<\/h2>\n<p>Hastaneye gelerek yetkililerden bilgi alan Vali Cahit \u00c7elik, gazetecilere, Uzm. Dr. Burak Y\u00fcr\u00fck&#8217;e ge\u00e7mi\u015f olsun dile\u011finde bulundu\u011funu s\u00f6yledi. Y\u00fcr\u00fck&#8217;\u00fcn durumunun iyi oldu\u011funu belirten \u00c7elik,<\/p>\n<blockquote><p>&#8220;\u015e\u00fcpheli, serviste g\u00f6revli arkada\u015flar taraf\u0131ndan etkisiz hale getirilmeye \u00e7al\u0131\u015f\u0131ld\u0131 ve k\u0131sa s\u00fcrede de emniyet ekiplerimiz olay yerine geldi. \u015e\u00fcpheli \u015fu an g\u00f6zalt\u0131nda. Sa\u011fl\u0131k sekt\u00f6r\u00fcndeki bu t\u00fcr sald\u0131r\u0131lar\u0131 \u015fiddetle k\u0131n\u0131yoruz. Sa\u011fl\u0131k \u00e7al\u0131\u015fanlar\u0131m\u0131z, vatanda\u015flar\u0131n hizmet almas\u0131 konusunda ellerinden gelen \u00e7abay\u0131 g\u00f6steriyor. T\u00fcrk adaleti \u015f\u00fcpheli hakk\u0131nda gerekeni yapacak ve ceza verecektir.&#8221;<\/p><\/blockquote>\n<p>ifadelerini kulland\u0131.<\/p>\n<h2>Sa\u011fl\u0131k Bakan\u0131 Memi\u015fo\u011flu&#8217;ndan Ni\u011fde&#8217;de b\u0131\u00e7aklanan doktora ili\u015fkin a\u00e7\u0131klama<\/h2>\n<p>Memi\u015fo\u011flu, sosyal medya hesab\u0131ndan yapt\u0131\u011f\u0131 a\u00e7\u0131klamada, \u015funlar\u0131 kaydetti:<\/p>\n<p>&#8220;Bug\u00fcn u\u011frad\u0131\u011f\u0131 sald\u0131r\u0131 sonucu yaralanan k\u0131ymetli meslekta\u015f\u0131m Burak Y\u00fcr\u00fck&#8217;e acil \u015fifalar diliyorum. Kendileriyle g\u00f6r\u00fc\u015ferek ge\u00e7mi\u015f olsun dileklerimi ilettim. \u00c7ok \u015f\u00fck\u00fcr, sa\u011fl\u0131k durumu iyi. Sa\u011fl\u0131k \u00e7al\u0131\u015fanlar\u0131m\u0131za y\u00f6nelik her t\u00fcrl\u00fc \u015fiddetin kar\u015f\u0131s\u0131nday\u0131z. Adli s\u00fcrecin bizzat takip\u00e7isi olaca\u011f\u0131z.&#8221;<\/p>\n<p>Kaynak : Anadolu Ajans\u0131<\/p>\n","protected":false},"excerpt":{"rendered":"<p>Ni\u011fde&#8217;de hastanede beyin doktoru Burak Y\u00fcr\u00fck&#8217;\u00fc kafas\u0131 ba\u015fta olmak \u00fczere \u00e7e\u015fitli yerlerinden b\u0131\u00e7aklayan \u015f\u00fcpheli tutukland\u0131. \u015e\u00fcpheli &#8220;Su\u00e7unu itiraf etmiyor, bana yapay zeka yerle\u015ftirdi, ba\u015f\u0131mda onun cihazlar\u0131 var&#8221; iddias\u0131nda bulundu. Ni\u011fde \u00d6mer Halisdemir \u00dcniversitesi E\u011fitim ve Ara\u015ft\u0131rma Hastanesi&#8217;nde ya\u015fand\u0131. Hastanede Beyin ve Sinir Cerrahisi Servisi&#8217;nde g\u00f6revli olan Uzm. Dr. Burak Y\u00fcr\u00fck, i\u015f \u00e7\u0131k\u0131\u015f\u0131 62 ya\u015f\u0131ndaki T.S.&#8217;nin [&hellip;]<\/p>\n","protected":false},"author":1,"featured_media":1459,"comment_status":"open","ping_status":"open","sticky":false,"template":"","format":"standard","meta":{"_jetpack_memberships_contains_paid_content":false,"footnotes":""},"categories":[9,33,1,2],"tags":[],"class_list":["post-1458","post","type-post","status-publish","format-standard","has-post-thumbnail","hentry","category-asayis","category-genel","category-gundem","category-sondk"],"jetpack_featured_media_url":"https:\/\/yerelses.com.tr\/wp-content\/uploads\/2025\/03\/ekran-goruntusu-2025-03-05-121651.webp","jetpack_sharing_enabled":true,"_links":{"self":[{"href":"https:\/\/yerelses.com.tr\/index.php?rest_route=\/wp\/v2\/posts\/1458","targetHints":{"allow":["GET"]}}],"collection":[{"href":"https:\/\/yerelses.com.tr\/index.php?rest_route=\/wp\/v2\/posts"}],"about":[{"href":"https:\/\/yerelses.com.tr\/index.php?rest_route=\/wp\/v2\/types\/post"}],"author":[{"embeddable":true,"href":"https:\/\/yerelses.com.tr\/index.php?rest_route=\/wp\/v2\/users\/1"}],"replies":[{"embeddable":true,"href":"https:\/\/yerelses.com.tr\/index.php?rest_route=%2Fwp%2Fv2%2Fcomments&post=1458"}],"version-history":[{"count":1,"href":"https:\/\/yerelses.com.tr\/index.php?rest_route=\/wp\/v2\/posts\/1458\/revisions"}],"predecessor-version":[{"id":1460,"href":"https:\/\/yerelses.com.tr\/index.php?rest_route=\/wp\/v2\/posts\/1458\/revisions\/1460"}],"wp:featuredmedia":[{"embeddable":true,"href":"https:\/\/yerelses.com.tr\/index.php?rest_route=\/wp\/v2\/media\/1459"}],"wp:attachment":[{"href":"https:\/\/yerelses.com.tr\/index.php?rest_route=%2Fwp%2Fv2%2Fmedia&parent=1458"}],"wp:term":[{"taxonomy":"category","embeddable":true,"href":"https:\/\/yerelses.com.tr\/index.php?rest_route=%2Fwp%2Fv2%2Fcategories&post=1458"},{"taxonomy":"post_tag","embeddable":true,"href":"https:\/\/yerelses.com.tr\/index.php?rest_route=%2Fwp%2Fv2%2Ftags&post=1458"}],"curies":[{"name":"wp","href":"https:\/\/api.w.org\/{rel}","templated":true}]}}