{"id":1449,"date":"2025-03-04T08:02:27","date_gmt":"2025-03-04T08:02:27","guid":{"rendered":"https:\/\/yerelses.com.tr\/?p=1449"},"modified":"2025-03-04T08:02:27","modified_gmt":"2025-03-04T08:02:27","slug":"yilin-ikinci-faiz-karari-persembe-gunu-aciklanacak","status":"publish","type":"post","link":"https:\/\/yerelses.com.tr\/?p=1449","title":{"rendered":"Y\u0131l\u0131n ikinci faiz karar\u0131 per\u015fembe g\u00fcn\u00fc a\u00e7\u0131klanacak"},"content":{"rendered":"<h2 class=\"description\">Merkez Bankas\u0131 Para Politikas\u0131 Kurulu y\u0131l\u0131n ikinci faiz karar\u0131n\u0131 per\u015fembe g\u00fcn\u00fc a\u00e7\u0131klayacak. Banka bir \u00f6nceki toplant\u0131da politika faizini 250 baz puan indirerek y\u00fczde 45 seviyesine \u00e7ekmi\u015fti.<\/h2>\n<p>T\u00fcrkiye Cumhuriyet Merkez Bankas\u0131 (TCMB) Para Politikas\u0131 Kurulu (PPK), Merkez Bankas\u0131 Ba\u015fkan\u0131 Fatih Karahan ba\u015fkanl\u0131\u011f\u0131nda 6 Mart Per\u015fembe g\u00fcn\u00fc toplanacak.<\/p>\n<p>Ayn\u0131 g\u00fcn saat 14.00&#8217;te faiz karar\u0131 a\u00e7\u0131klanacak. Ocak ay\u0131nda ger\u00e7ekle\u015ftirilen PPK toplant\u0131s\u0131nda, politika faizi 250 baz puan indirilerek y\u00fczde 47,50&#8217;den 45&#8217;e d\u00fc\u015f\u00fcr\u00fclm\u00fc\u015ft\u00fc.<\/p>\n<h2>Faizin 42,5 seviyesine indirilmesi bekleniyor<\/h2>\n<p>Para Politikas\u0131 Kurulu toplant\u0131s\u0131na y\u00f6nelik beklenti anketi, 20 ekonomistin kat\u0131l\u0131m\u0131yla sonu\u00e7land\u0131. Beklenti anketine kat\u0131lan ekonomistlerin tamam\u0131, politika faizinin 250 baz puan indirilerek y\u00fczde 42,5 seviyesine d\u00fc\u015f\u00fcr\u00fclece\u011fini \u00f6ng\u00f6r\u00fcyor. Ekonomistlerin y\u0131l sonu politika faizi beklentilerinin medyan\u0131 ise y\u00fczde 30 oldu.<\/p>\n<p>Kaynak : Memurlar.Net<\/p>\n","protected":false},"excerpt":{"rendered":"<p>Merkez Bankas\u0131 Para Politikas\u0131 Kurulu y\u0131l\u0131n ikinci faiz karar\u0131n\u0131 per\u015fembe g\u00fcn\u00fc a\u00e7\u0131klayacak. Banka bir \u00f6nceki toplant\u0131da politika faizini 250 baz puan indirerek y\u00fczde 45 seviyesine \u00e7ekmi\u015fti. T\u00fcrkiye Cumhuriyet Merkez Bankas\u0131 (TCMB) Para Politikas\u0131 Kurulu (PPK), Merkez Bankas\u0131 Ba\u015fkan\u0131 Fatih Karahan ba\u015fkanl\u0131\u011f\u0131nda 6 Mart Per\u015fembe g\u00fcn\u00fc toplanacak. Ayn\u0131 g\u00fcn saat 14.00&#8217;te faiz karar\u0131 a\u00e7\u0131klanacak. Ocak ay\u0131nda [&hellip;]<\/p>\n","protected":false},"author":1,"featured_media":1450,"comment_status":"open","ping_status":"open","sticky":false,"template":"","format":"standard","meta":{"_jetpack_memberships_contains_paid_content":false,"footnotes":""},"categories":[3,33,1,2],"tags":[],"class_list":["post-1449","post","type-post","status-publish","format-standard","has-post-thumbnail","hentry","category-ekonomi","category-genel","category-gundem","category-sondk"],"jetpack_featured_media_url":"https:\/\/yerelses.com.tr\/wp-content\/uploads\/2025\/03\/yilin-ikinci-faiz-karari-persembe-gunu-aciklanacak.jpg","jetpack_sharing_enabled":true,"_links":{"self":[{"href":"https:\/\/yerelses.com.tr\/index.php?rest_route=\/wp\/v2\/posts\/1449","targetHints":{"allow":["GET"]}}],"collection":[{"href":"https:\/\/yerelses.com.tr\/index.php?rest_route=\/wp\/v2\/posts"}],"about":[{"href":"https:\/\/yerelses.com.tr\/index.php?rest_route=\/wp\/v2\/types\/post"}],"author":[{"embeddable":true,"href":"https:\/\/yerelses.com.tr\/index.php?rest_route=\/wp\/v2\/users\/1"}],"replies":[{"embeddable":true,"href":"https:\/\/yerelses.com.tr\/index.php?rest_route=%2Fwp%2Fv2%2Fcomments&post=1449"}],"version-history":[{"count":1,"href":"https:\/\/yerelses.com.tr\/index.php?rest_route=\/wp\/v2\/posts\/1449\/revisions"}],"predecessor-version":[{"id":1451,"href":"https:\/\/yerelses.com.tr\/index.php?rest_route=\/wp\/v2\/posts\/1449\/revisions\/1451"}],"wp:featuredmedia":[{"embeddable":true,"href":"https:\/\/yerelses.com.tr\/index.php?rest_route=\/wp\/v2\/media\/1450"}],"wp:attachment":[{"href":"https:\/\/yerelses.com.tr\/index.php?rest_route=%2Fwp%2Fv2%2Fmedia&parent=1449"}],"wp:term":[{"taxonomy":"category","embeddable":true,"href":"https:\/\/yerelses.com.tr\/index.php?rest_route=%2Fwp%2Fv2%2Fcategories&post=1449"},{"taxonomy":"post_tag","embeddable":true,"href":"https:\/\/yerelses.com.tr\/index.php?rest_route=%2Fwp%2Fv2%2Ftags&post=1449"}],"curies":[{"name":"wp","href":"https:\/\/api.w.org\/{rel}","templated":true}]}}