{"id":1437,"date":"2025-01-10T15:19:20","date_gmt":"2025-01-10T15:19:20","guid":{"rendered":"https:\/\/yerelses.com.tr\/?p=1437"},"modified":"2025-01-10T15:19:20","modified_gmt":"2025-01-10T15:19:20","slug":"en-dusuk-emekli-maasi-duzenlenmesi-teklifi-mecliste","status":"publish","type":"post","link":"https:\/\/yerelses.com.tr\/?p=1437","title":{"rendered":"En d\u00fc\u015f\u00fck emekli maa\u015f\u0131 d\u00fczenlenmesi teklifi Meclis&#8217;te"},"content":{"rendered":"<h2 class=\"description\">En d\u00fc\u015f\u00fck emekli ayl\u0131\u011f\u0131n\u0131n 12 bin 500 liradan 14 bin 469 liraya \u00e7\u0131kar\u0131lmas\u0131n\u0131 \u00f6ng\u00f6ren d\u00fczenlemenin yer ald\u0131\u011f\u0131 kanun teklifi Meclis Ba\u015fkanl\u0131\u011f\u0131&#8217;na sunuldu. Kanun teklifinde i\u015fverene bin liral\u0131k asgari \u00fccret deste\u011fi de yer al\u0131yor.<\/h2>\n<p>En d\u00fc\u015f\u00fck emekli maa\u015f\u0131n\u0131n 14 bin 469 liraya y\u00fckseltilmesi \u00f6ng\u00f6ren d\u00fczenlemenin de yer ald\u0131\u011f\u0131 kanun teklifi Meclis Ba\u015fkanl\u0131\u011f\u0131&#8217;na sunuldu.<\/p>\n<p>Kanun teklifinde en d\u00fc\u015f\u00fck emekli maa\u015f\u0131n\u0131n 12 bin 500 liradan y\u00fczde 15,75 oran\u0131nda art\u0131\u015fla 14 bin 469 liraya \u00e7\u0131kar\u0131lmas\u0131 \u00f6ng\u00f6r\u00fcl\u00fcyor.<\/p>\n<p>Ayr\u0131ca, yasa teklifinde asgari \u00fccrette 750 lira olan i\u015fveren deste\u011finin 2025 y\u0131l\u0131nda bin liraya \u00e7\u0131kar\u0131lmas\u0131 da yer al\u0131yor.<\/p>\n<h2>\u00dc\u00e7 ayr\u0131 kanu teklifi sunuldu<\/h2>\n<p>AK Parti Siber G\u00fcvenlik Kanun teklifi, T\u00fcrkiye Bilimsel ve Teknolojik Ara\u015ft\u0131rma Kurumu ile ilgili Baz\u0131 D\u00fczenlemeler Hakk\u0131nda Kanun ile Baz\u0131 Kanunlarda De\u011fi\u015fiklik Yap\u0131lmas\u0131na Dair Kanun teklifi olmak \u00fczere \u00fc\u00e7 ayr\u0131 kanun teklifini Meclis Ba\u015fkanl\u0131\u011f\u0131&#8217;na sundu.<\/p>\n<p>Teklifte en d\u00fc\u015f\u00fck emekli maa\u015f\u0131n\u0131n 14 bin 469 liraya y\u00fckseltilmesi \u00f6ng\u00f6ren d\u00fczenleme de bulunuyor.<\/p>\n<h2>Emekli maa\u015flar\u0131 ne kadar?<\/h2>\n<p>Yeni y\u0131l\u0131n ilk yar\u0131s\u0131nda ge\u00e7erli en d\u00fc\u015f\u00fck emekli maa\u015f\u0131 ge\u00e7ti\u011fimiz g\u00fcnlerde belli olmu\u015ftu. Buna g\u00f6re, 2025&#8217;in ilk yar\u0131s\u0131na ait d\u00f6nemde SSK ve Ba\u011f-Kur emeklileri i\u00e7in y\u00fczde 15,75, emekli sand\u0131\u011f\u0131 ve memur emeklileri i\u00e7in y\u00fczde 11,54 oran\u0131nda art\u0131\u015f yap\u0131lm\u0131\u015ft\u0131.<\/p>\n<p>Yeni zamlarla birlikte SSK ve Ba\u011f-Kur emeklilerinin en d\u00fc\u015f\u00fck ayl\u0131\u011f\u0131 14 bin 469 olmu\u015ftu. Memur emeklisinin taban ayl\u0131\u011f\u0131 ise 19 bin 617 TL&#8217;ye y\u00fckselmi\u015fti.<\/p>\n","protected":false},"excerpt":{"rendered":"<p>En d\u00fc\u015f\u00fck emekli ayl\u0131\u011f\u0131n\u0131n 12 bin 500 liradan 14 bin 469 liraya \u00e7\u0131kar\u0131lmas\u0131n\u0131 \u00f6ng\u00f6ren d\u00fczenlemenin yer ald\u0131\u011f\u0131 kanun teklifi Meclis Ba\u015fkanl\u0131\u011f\u0131&#8217;na sunuldu. Kanun teklifinde i\u015fverene bin liral\u0131k asgari \u00fccret deste\u011fi de yer al\u0131yor. En d\u00fc\u015f\u00fck emekli maa\u015f\u0131n\u0131n 14 bin 469 liraya y\u00fckseltilmesi \u00f6ng\u00f6ren d\u00fczenlemenin de yer ald\u0131\u011f\u0131 kanun teklifi Meclis Ba\u015fkanl\u0131\u011f\u0131&#8217;na sunuldu. Kanun teklifinde en [&hellip;]<\/p>\n","protected":false},"author":1,"featured_media":1438,"comment_status":"open","ping_status":"open","sticky":false,"template":"","format":"standard","meta":{"_jetpack_memberships_contains_paid_content":false,"footnotes":""},"categories":[3,33,1,8,2],"tags":[],"class_list":["post-1437","post","type-post","status-publish","format-standard","has-post-thumbnail","hentry","category-ekonomi","category-genel","category-gundem","category-siyaset","category-sondk"],"jetpack_featured_media_url":"https:\/\/yerelses.com.tr\/wp-content\/uploads\/2025\/01\/en-dusuk-emekli-maasi-duzenlenmesi-teklifi-meclis-te.jpg","jetpack_sharing_enabled":true,"_links":{"self":[{"href":"https:\/\/yerelses.com.tr\/index.php?rest_route=\/wp\/v2\/posts\/1437","targetHints":{"allow":["GET"]}}],"collection":[{"href":"https:\/\/yerelses.com.tr\/index.php?rest_route=\/wp\/v2\/posts"}],"about":[{"href":"https:\/\/yerelses.com.tr\/index.php?rest_route=\/wp\/v2\/types\/post"}],"author":[{"embeddable":true,"href":"https:\/\/yerelses.com.tr\/index.php?rest_route=\/wp\/v2\/users\/1"}],"replies":[{"embeddable":true,"href":"https:\/\/yerelses.com.tr\/index.php?rest_route=%2Fwp%2Fv2%2Fcomments&post=1437"}],"version-history":[{"count":1,"href":"https:\/\/yerelses.com.tr\/index.php?rest_route=\/wp\/v2\/posts\/1437\/revisions"}],"predecessor-version":[{"id":1439,"href":"https:\/\/yerelses.com.tr\/index.php?rest_route=\/wp\/v2\/posts\/1437\/revisions\/1439"}],"wp:featuredmedia":[{"embeddable":true,"href":"https:\/\/yerelses.com.tr\/index.php?rest_route=\/wp\/v2\/media\/1438"}],"wp:attachment":[{"href":"https:\/\/yerelses.com.tr\/index.php?rest_route=%2Fwp%2Fv2%2Fmedia&parent=1437"}],"wp:term":[{"taxonomy":"category","embeddable":true,"href":"https:\/\/yerelses.com.tr\/index.php?rest_route=%2Fwp%2Fv2%2Fcategories&post=1437"},{"taxonomy":"post_tag","embeddable":true,"href":"https:\/\/yerelses.com.tr\/index.php?rest_route=%2Fwp%2Fv2%2Ftags&post=1437"}],"curies":[{"name":"wp","href":"https:\/\/api.w.org\/{rel}","templated":true}]}}