{"id":1433,"date":"2024-11-30T11:01:12","date_gmt":"2024-11-30T11:01:12","guid":{"rendered":"https:\/\/yerelses.com.tr\/?p=1433"},"modified":"2024-11-30T11:01:12","modified_gmt":"2024-11-30T11:01:12","slug":"bakanliktan-kayip-cocuk-aciklamasi","status":"publish","type":"post","link":"https:\/\/yerelses.com.tr\/?p=1433","title":{"rendered":"Bakanl\u0131ktan &#8216;kay\u0131p \u00e7ocuk&#8217; a\u00e7\u0131klamas\u0131"},"content":{"rendered":"<h2 class=\"description\">Aile ve Sosyal Hizmetler Bakanl\u0131\u011f\u0131, Konya&#8217;da 22 Kas\u0131m&#8217;da \u00c7ocuk Evleri Sitesi&#8217;nden izinsiz ayr\u0131lan S.A.&#8217;n\u0131n polis ekiplerince bulunarak kurulu\u015fa teslim edildi\u011fini a\u00e7\u0131klad\u0131.<\/h2>\n<p>Bakanl\u0131k a\u00e7\u0131klamas\u0131nda, baz\u0131 bas\u0131n yay\u0131n organlar\u0131nda Konya&#8217;da devlet korumas\u0131 alt\u0131nda bulunan 13 ya\u015f\u0131ndaki S.A.&#8217;n\u0131n kayboldu\u011funa ili\u015fkin haberler \u00fczerine a\u00e7\u0131klama yap\u0131lmas\u0131 gerekti\u011fi belirtilerek,<\/p>\n<p>&#8220;Konya&#8217;da S.A.&#8217;n\u0131n \u00c7ocuk Evleri Sitesi&#8217;nden 22 Kas\u0131m&#8217;da izinsiz ayr\u0131lmas\u0131n\u0131n ard\u0131ndan ivedilikle emniyet birimlerine ihbarda bulunulmu\u015ftur. Yap\u0131lan aramalar sonucu emniyet birimleri taraf\u0131ndan bulunan \u00e7ocu\u011fumuz kurulu\u015fa teslim edilmi\u015ftir. Ekiplerimiz taraf\u0131ndan \u00e7ocu\u011fumuza y\u00f6nelik psikososyal destek s\u00fcreci de ba\u015flat\u0131lm\u0131\u015ft\u0131r&#8221; denildi.<\/p>\n<p>Kaynak : Memurlar.Net<\/p>\n","protected":false},"excerpt":{"rendered":"<p>Aile ve Sosyal Hizmetler Bakanl\u0131\u011f\u0131, Konya&#8217;da 22 Kas\u0131m&#8217;da \u00c7ocuk Evleri Sitesi&#8217;nden izinsiz ayr\u0131lan S.A.&#8217;n\u0131n polis ekiplerince bulunarak kurulu\u015fa teslim edildi\u011fini a\u00e7\u0131klad\u0131. Bakanl\u0131k a\u00e7\u0131klamas\u0131nda, baz\u0131 bas\u0131n yay\u0131n organlar\u0131nda Konya&#8217;da devlet korumas\u0131 alt\u0131nda bulunan 13 ya\u015f\u0131ndaki S.A.&#8217;n\u0131n kayboldu\u011funa ili\u015fkin haberler \u00fczerine a\u00e7\u0131klama yap\u0131lmas\u0131 gerekti\u011fi belirtilerek, &#8220;Konya&#8217;da S.A.&#8217;n\u0131n \u00c7ocuk Evleri Sitesi&#8217;nden 22 Kas\u0131m&#8217;da izinsiz ayr\u0131lmas\u0131n\u0131n ard\u0131ndan ivedilikle emniyet [&hellip;]<\/p>\n","protected":false},"author":1,"featured_media":1434,"comment_status":"open","ping_status":"open","sticky":false,"template":"","format":"standard","meta":{"_jetpack_memberships_contains_paid_content":false,"footnotes":""},"categories":[33,1,8,2],"tags":[],"class_list":["post-1433","post","type-post","status-publish","format-standard","has-post-thumbnail","hentry","category-genel","category-gundem","category-siyaset","category-sondk"],"jetpack_featured_media_url":"https:\/\/yerelses.com.tr\/wp-content\/uploads\/2024\/11\/bakanliktan-kayip-cocuk-aciklamasi.jpg","jetpack_sharing_enabled":true,"_links":{"self":[{"href":"https:\/\/yerelses.com.tr\/index.php?rest_route=\/wp\/v2\/posts\/1433","targetHints":{"allow":["GET"]}}],"collection":[{"href":"https:\/\/yerelses.com.tr\/index.php?rest_route=\/wp\/v2\/posts"}],"about":[{"href":"https:\/\/yerelses.com.tr\/index.php?rest_route=\/wp\/v2\/types\/post"}],"author":[{"embeddable":true,"href":"https:\/\/yerelses.com.tr\/index.php?rest_route=\/wp\/v2\/users\/1"}],"replies":[{"embeddable":true,"href":"https:\/\/yerelses.com.tr\/index.php?rest_route=%2Fwp%2Fv2%2Fcomments&post=1433"}],"version-history":[{"count":1,"href":"https:\/\/yerelses.com.tr\/index.php?rest_route=\/wp\/v2\/posts\/1433\/revisions"}],"predecessor-version":[{"id":1435,"href":"https:\/\/yerelses.com.tr\/index.php?rest_route=\/wp\/v2\/posts\/1433\/revisions\/1435"}],"wp:featuredmedia":[{"embeddable":true,"href":"https:\/\/yerelses.com.tr\/index.php?rest_route=\/wp\/v2\/media\/1434"}],"wp:attachment":[{"href":"https:\/\/yerelses.com.tr\/index.php?rest_route=%2Fwp%2Fv2%2Fmedia&parent=1433"}],"wp:term":[{"taxonomy":"category","embeddable":true,"href":"https:\/\/yerelses.com.tr\/index.php?rest_route=%2Fwp%2Fv2%2Fcategories&post=1433"},{"taxonomy":"post_tag","embeddable":true,"href":"https:\/\/yerelses.com.tr\/index.php?rest_route=%2Fwp%2Fv2%2Ftags&post=1433"}],"curies":[{"name":"wp","href":"https:\/\/api.w.org\/{rel}","templated":true}]}}