{"id":1430,"date":"2024-11-30T11:00:02","date_gmt":"2024-11-30T11:00:02","guid":{"rendered":"https:\/\/yerelses.com.tr\/?p=1430"},"modified":"2024-11-30T11:00:02","modified_gmt":"2024-11-30T11:00:02","slug":"4-soruda-asgari-ucret-maratonu","status":"publish","type":"post","link":"https:\/\/yerelses.com.tr\/?p=1430","title":{"rendered":"4 soruda Asgari \u00fccret maratonu"},"content":{"rendered":"<h2 class=\"description\">Do\u011frudan 7 milyondan fazla \u00e7al\u0131\u015fan\u0131, dolayl\u0131 olarak ise t\u00fcm vatanda\u015flar\u0131 ilgilendiren yeni asgari \u00fccreti belirleme \u00e7al\u0131\u015fmalar\u0131nda s\u00fcre\u00e7 10 Aral\u0131k&#8217;ta \u00c7al\u0131\u015fma ve Sosyal G\u00fcvenlik Bakanl\u0131\u011f\u0131&#8217;ndaki ilk toplant\u0131yla ba\u015flayacak. Asgari \u00fccret pazarl\u0131\u011f\u0131nda masada 4 i\u015f\u00e7i de olacak. \u0130\u015fte Asgari \u00fccret maratonuna ili\u015fkin detaylar&#8230;<\/h2>\n<p>2025 y\u0131l\u0131nda ge\u00e7erli olacak asgari \u00fccret rakam\u0131n\u0131n belirlenmesi kapsam\u0131nda Asgari \u00dccret Tespit Komisyonu, ilk toplant\u0131s\u0131n\u0131 10 Aral\u0131k Sal\u0131 g\u00fcn\u00fc ger\u00e7ekle\u015ftirecek.<\/p>\n<p>\u00c7al\u0131\u015fma ve Sosyal G\u00fcvenlik Bakanl\u0131\u011f\u0131&#8217;\u0131n ev sahipli\u011findeki toplant\u0131da, i\u015fveren taraf\u0131n\u0131 T\u00fcrkiye \u0130\u015fveren Sendikalar\u0131 Konfederasyonu (T\u0130SK), i\u015f\u00e7i taraf\u0131n\u0131 ise en fazla \u00fcyeye sahip konfederasyon oldu\u011fu i\u00e7in T\u00dcRK-\u0130\u015e temsil edecek.<\/p>\n<p><b>Mevcut asgari \u00fccret net ne kadar?<\/b><br \/>\nAsgari \u00fccret, halen bir i\u015f\u00e7i i\u00e7in ayl\u0131k br\u00fct 20 bin 2 lira 50 kuru\u015f, kesintiler d\u00fc\u015ft\u00fc\u011f\u00fcnde net 17 bin 2 lira 12 kuru\u015f olarak uygulan\u0131yor.<\/p>\n<p>Asgari \u00fccretin i\u015fverene toplam maliyeti, bir i\u015f\u00e7i i\u00e7in 23 bin 502 lira 94 kuru\u015f. Bunun 20 bin 2 lira 50 kuru\u015funu br\u00fct asgari \u00fccret, 3 bin 100 lira 39 kuru\u015funu sosyal g\u00fcvenlik primi, 400 lira 5 kuru\u015funu i\u015fveren i\u015fsizlik sigorta fonu olu\u015fturuyor.<\/p>\n<p><b>Asgari \u00fccret pazarl\u0131\u011f\u0131nda masada kimler olacak?<\/b><br \/>\n\u0130\u015f\u00e7i, i\u015fveren ve h\u00fck\u00fcmetten be\u015fer temsilci olmak \u00fczere 15 ki\u015fiden olu\u015fan Asgari \u00dccret Tespit Komisyonunda, i\u015f\u00e7ileri T\u00dcRK-\u0130\u015e, i\u015fverenleri ise T\u00fcrkiye \u0130\u015fveren Sendikalar\u0131 Konfederasyonu (T\u0130SK) temsil edecek.<\/p>\n<p>Komisyonda i\u015f\u00e7i kesimini temsil eden 5 ki\u015filik T\u00dcRK-\u0130\u015e heyetine, Genel Ba\u015fkan Yard\u0131mc\u0131s\u0131 Ramazan A\u011far ba\u015fkanl\u0131k edecek. T\u00dcRK-\u0130\u015e heyetinde ge\u00e7en y\u0131l oldu\u011fu gibi bu y\u0131l da 4 i\u015f\u00e7i yer alacak. A\u015f\u00e7\u0131 Selma Say\u0131n, kuaf\u00f6r Nihan Ko\u00e7ak, Karayollar\u0131nda ta\u015feron i\u015f\u00e7i Durmu\u015f \u00d6zt\u00fcrk ve bas\u0131n mensubu Sezer \u00d6zseven bu y\u0131l Komisyonda asgari \u00fccretlilerin sorun ve taleplerini dile getirecek.<\/p>\n<p><b>Mevcut asgari \u00fccret ne kadar ve kimleri ilgilendiriyor?<\/b><br \/>\nAsgari \u00fccretteki art\u0131\u015f, toplu i\u015f s\u00f6zle\u015fmesi uygulanan i\u015f yerlerindeki \u00fccretler ba\u015fta olmak \u00fczere, t\u00fcm \u00fccretleri de art\u0131r\u0131c\u0131 bir etkiye sahip.<\/p>\n<p>Asgari \u00fccret, bu \u00fccretle ge\u00e7inen \u00e7al\u0131\u015fanlar\u0131 do\u011frudan etkilemesinin yan\u0131nda, yasal mevzuattaki bir\u00e7ok d\u00fczenlemede \u00f6l\u00e7\u00fc olarak kabul edilmesi bak\u0131m\u0131ndan da toplumun b\u00fcy\u00fck b\u00f6l\u00fcm\u00fcn\u00fc ilgilendiriyor.<\/p>\n<p>Asgari \u00fccret rakam\u0131; i\u015fsizlik maa\u015f\u0131, k\u0131dem tazminat\u0131, GSS primleri, askerlik ve do\u011fum bor\u00e7lanmas\u0131, iste\u011fe ba\u011fl\u0131 sigorta primleri, staj \u00fccretleri, asgari \u00fccretlilerin rapor \u00fccretlerinin de aralar\u0131nda oldu\u011fu bir\u00e7ok kalemi etkiliyor.<\/p>\n<p>&nbsp;<\/p>\n<div id=\"zone-pharagraphs1\" class=\"widget-article\"><\/div>\n<p>&nbsp;<\/p>\n<p><b>Asgari \u00fccret nas\u0131l belirleniyor?<\/b><br \/>\nAsgari \u00fccreti, yasa gere\u011fi i\u015f\u00e7i, i\u015fveren ve h\u00fck\u00fcmetten be\u015fer temsilci olmak \u00fczere 15 ki\u015fiden olu\u015fan Asgari \u00dccret Tespit Komisyonu belirliyor. Komisyon, \u00c7al\u0131\u015fma ve Sosyal G\u00fcvenlik Bakan\u0131 taraf\u0131ndan toplant\u0131ya \u00e7a\u011fr\u0131l\u0131yor ve yeni asgari \u00fccreti belirleme \u00e7al\u0131\u015fmalar\u0131 kapsam\u0131nda team\u00fcl \u00fczerine aral\u0131k ay\u0131nda d\u00f6rt kez toplan\u0131yor.<\/p>\n<p>\u00c7al\u0131\u015fma ve Sosyal G\u00fcvenlik Bakanl\u0131\u011f\u0131n\u0131n belirledi\u011fi \u00fcyelerden birinin ba\u015fkanl\u0131k etti\u011fi komisyon, en az 10 \u00fcyenin kat\u0131l\u0131m\u0131yla toplan\u0131p oy \u00e7oklu\u011fuyla karar veriyor. Oylar\u0131n e\u015fitli\u011fi halinde Komisyon ba\u015fkan\u0131n bulundu\u011fu taraf\u0131n \u00e7o\u011funlu\u011fu sa\u011flad\u0131\u011f\u0131 kabul ediliyor.<\/p>\n<p>Kaynak : Memurlar.Net<\/p>\n","protected":false},"excerpt":{"rendered":"<p>Do\u011frudan 7 milyondan fazla \u00e7al\u0131\u015fan\u0131, dolayl\u0131 olarak ise t\u00fcm vatanda\u015flar\u0131 ilgilendiren yeni asgari \u00fccreti belirleme \u00e7al\u0131\u015fmalar\u0131nda s\u00fcre\u00e7 10 Aral\u0131k&#8217;ta \u00c7al\u0131\u015fma ve Sosyal G\u00fcvenlik Bakanl\u0131\u011f\u0131&#8217;ndaki ilk toplant\u0131yla ba\u015flayacak. Asgari \u00fccret pazarl\u0131\u011f\u0131nda masada 4 i\u015f\u00e7i de olacak. \u0130\u015fte Asgari \u00fccret maratonuna ili\u015fkin detaylar&#8230; 2025 y\u0131l\u0131nda ge\u00e7erli olacak asgari \u00fccret rakam\u0131n\u0131n belirlenmesi kapsam\u0131nda Asgari \u00dccret Tespit Komisyonu, ilk [&hellip;]<\/p>\n","protected":false},"author":1,"featured_media":1431,"comment_status":"open","ping_status":"open","sticky":false,"template":"","format":"standard","meta":{"_jetpack_memberships_contains_paid_content":false,"footnotes":""},"categories":[3,33,1,2],"tags":[],"class_list":["post-1430","post","type-post","status-publish","format-standard","has-post-thumbnail","hentry","category-ekonomi","category-genel","category-gundem","category-sondk"],"jetpack_featured_media_url":"https:\/\/yerelses.com.tr\/wp-content\/uploads\/2024\/11\/4-soruda-asgari-ucret-maratonu.jpg","jetpack_sharing_enabled":true,"_links":{"self":[{"href":"https:\/\/yerelses.com.tr\/index.php?rest_route=\/wp\/v2\/posts\/1430","targetHints":{"allow":["GET"]}}],"collection":[{"href":"https:\/\/yerelses.com.tr\/index.php?rest_route=\/wp\/v2\/posts"}],"about":[{"href":"https:\/\/yerelses.com.tr\/index.php?rest_route=\/wp\/v2\/types\/post"}],"author":[{"embeddable":true,"href":"https:\/\/yerelses.com.tr\/index.php?rest_route=\/wp\/v2\/users\/1"}],"replies":[{"embeddable":true,"href":"https:\/\/yerelses.com.tr\/index.php?rest_route=%2Fwp%2Fv2%2Fcomments&post=1430"}],"version-history":[{"count":1,"href":"https:\/\/yerelses.com.tr\/index.php?rest_route=\/wp\/v2\/posts\/1430\/revisions"}],"predecessor-version":[{"id":1432,"href":"https:\/\/yerelses.com.tr\/index.php?rest_route=\/wp\/v2\/posts\/1430\/revisions\/1432"}],"wp:featuredmedia":[{"embeddable":true,"href":"https:\/\/yerelses.com.tr\/index.php?rest_route=\/wp\/v2\/media\/1431"}],"wp:attachment":[{"href":"https:\/\/yerelses.com.tr\/index.php?rest_route=%2Fwp%2Fv2%2Fmedia&parent=1430"}],"wp:term":[{"taxonomy":"category","embeddable":true,"href":"https:\/\/yerelses.com.tr\/index.php?rest_route=%2Fwp%2Fv2%2Fcategories&post=1430"},{"taxonomy":"post_tag","embeddable":true,"href":"https:\/\/yerelses.com.tr\/index.php?rest_route=%2Fwp%2Fv2%2Ftags&post=1430"}],"curies":[{"name":"wp","href":"https:\/\/api.w.org\/{rel}","templated":true}]}}