{"id":1421,"date":"2024-11-26T15:25:37","date_gmt":"2024-11-26T15:25:37","guid":{"rendered":"https:\/\/yerelses.com.tr\/?p=1421"},"modified":"2024-11-26T15:25:37","modified_gmt":"2024-11-26T15:25:37","slug":"erzurum-merkezli-feto-operasyonunda-7-supheli-serbest-birakildi","status":"publish","type":"post","link":"https:\/\/yerelses.com.tr\/?p=1421","title":{"rendered":"Erzurum merkezli FET\u00d6 operasyonunda 7 \u015f\u00fcpheli serbest b\u0131rak\u0131ld\u0131"},"content":{"rendered":"<h2 class=\"description\" style=\"text-align: center;\">Erzurum merkezli 7 ilde FET\u00d6&#8217;n\u00fcn askeri mahrem yap\u0131lanmas\u0131na y\u00f6nelik operasyonda yakalanan ve etkin pi\u015fmanl\u0131k h\u00fck\u00fcmlerinden faydalanan 7 \u015f\u00fcpheli serbest b\u0131rak\u0131ld\u0131.<\/h2>\n<p style=\"text-align: center;\">Erzurum merkezli 7 ilde FET\u00d6&#8217;n\u00fcn askeri mahrem yap\u0131lanmas\u0131na y\u00f6nelik operasyonda yakalanan ve etkin pi\u015fmanl\u0131k h\u00fck\u00fcmlerinden faydalanan 7 \u015f\u00fcpheli serbest b\u0131rak\u0131ld\u0131.<\/p>\n<p style=\"text-align: center;\">\u0130l Emniyet M\u00fcd\u00fcrl\u00fc\u011f\u00fcnden yap\u0131lan a\u00e7\u0131klamaya g\u00f6re, Erzurum Cumhuriyet Ba\u015fsavc\u0131l\u0131\u011f\u0131 koordinesinde \u0130l Emniyet M\u00fcd\u00fcrl\u00fc\u011f\u00fc \u0130stihbarat ile Ter\u00f6rle M\u00fccadele \u015fubeleri ekipleri, FET\u00d6&#8217;n\u00fcn faaliyetlerini tespit ve de\u015fifre etmeye y\u00f6nelik \u00e7al\u0131\u015fmalar\u0131n\u0131 s\u00fcrd\u00fcr\u00fcyor.<\/p>\n<p style=\"text-align: center;\">Bu kapsamda Erzurum, \u0130stanbul, K\u00fctahya, A\u011fr\u0131, Ardahan, Samsun ve Kars&#8217;ta belirlenen adreslere d\u00fczenlenen operasyonda, FET\u00d6&#8217;ye ait evlerde b\u00f6lge talebe mesul\u00fc ve ev abisi olarak \u00f6rg\u00fct\u00fcn askeri mahrem yap\u0131lanmas\u0131 i\u00e7erisinde faaliyet y\u00fcr\u00fctt\u00fc\u011f\u00fc iddias\u0131yla 11 zanl\u0131 g\u00f6zalt\u0131na al\u0131nd\u0131.<\/p>\n<p style=\"text-align: center;\">Etkin pi\u015fmanl\u0131k h\u00fck\u00fcmlerinden faydalanan 7 \u015f\u00fcpheli emniyetteki i\u015flemlerinin ard\u0131ndan sal\u0131verildi.<\/p>\n<p style=\"text-align: center;\">Adliyeye sevk edilen 4 zanl\u0131 ise savc\u0131l\u0131k sorgusu sonras\u0131 \u00e7\u0131kar\u0131ld\u0131klar\u0131 mahkemece yurt d\u0131\u015f\u0131na \u00e7\u0131k\u0131\u015f yasa\u011f\u0131 konularak adli kontrol \u015fart\u0131yla serbest b\u0131rak\u0131ld\u0131.<\/p>\n<p style=\"text-align: center;\">Kaynak : Anadolu Ajans\u0131<\/p>\n","protected":false},"excerpt":{"rendered":"<p>Erzurum merkezli 7 ilde FET\u00d6&#8217;n\u00fcn askeri mahrem yap\u0131lanmas\u0131na y\u00f6nelik operasyonda yakalanan ve etkin pi\u015fmanl\u0131k h\u00fck\u00fcmlerinden faydalanan 7 \u015f\u00fcpheli serbest b\u0131rak\u0131ld\u0131. Erzurum merkezli 7 ilde FET\u00d6&#8217;n\u00fcn askeri mahrem yap\u0131lanmas\u0131na y\u00f6nelik operasyonda yakalanan ve etkin pi\u015fmanl\u0131k h\u00fck\u00fcmlerinden faydalanan 7 \u015f\u00fcpheli serbest b\u0131rak\u0131ld\u0131. \u0130l Emniyet M\u00fcd\u00fcrl\u00fc\u011f\u00fcnden yap\u0131lan a\u00e7\u0131klamaya g\u00f6re, Erzurum Cumhuriyet Ba\u015fsavc\u0131l\u0131\u011f\u0131 koordinesinde \u0130l Emniyet M\u00fcd\u00fcrl\u00fc\u011f\u00fc \u0130stihbarat ile [&hellip;]<\/p>\n","protected":false},"author":1,"featured_media":1422,"comment_status":"open","ping_status":"open","sticky":false,"template":"","format":"standard","meta":{"_jetpack_memberships_contains_paid_content":false,"footnotes":""},"categories":[9,33,1,2],"tags":[],"class_list":["post-1421","post","type-post","status-publish","format-standard","has-post-thumbnail","hentry","category-asayis","category-genel","category-gundem","category-sondk"],"jetpack_featured_media_url":"https:\/\/yerelses.com.tr\/wp-content\/uploads\/2024\/11\/erzurum-merkezli-feto-operasyonunda-7-supheli-serbest-birakildi.jpg","jetpack_sharing_enabled":true,"_links":{"self":[{"href":"https:\/\/yerelses.com.tr\/index.php?rest_route=\/wp\/v2\/posts\/1421","targetHints":{"allow":["GET"]}}],"collection":[{"href":"https:\/\/yerelses.com.tr\/index.php?rest_route=\/wp\/v2\/posts"}],"about":[{"href":"https:\/\/yerelses.com.tr\/index.php?rest_route=\/wp\/v2\/types\/post"}],"author":[{"embeddable":true,"href":"https:\/\/yerelses.com.tr\/index.php?rest_route=\/wp\/v2\/users\/1"}],"replies":[{"embeddable":true,"href":"https:\/\/yerelses.com.tr\/index.php?rest_route=%2Fwp%2Fv2%2Fcomments&post=1421"}],"version-history":[{"count":1,"href":"https:\/\/yerelses.com.tr\/index.php?rest_route=\/wp\/v2\/posts\/1421\/revisions"}],"predecessor-version":[{"id":1423,"href":"https:\/\/yerelses.com.tr\/index.php?rest_route=\/wp\/v2\/posts\/1421\/revisions\/1423"}],"wp:featuredmedia":[{"embeddable":true,"href":"https:\/\/yerelses.com.tr\/index.php?rest_route=\/wp\/v2\/media\/1422"}],"wp:attachment":[{"href":"https:\/\/yerelses.com.tr\/index.php?rest_route=%2Fwp%2Fv2%2Fmedia&parent=1421"}],"wp:term":[{"taxonomy":"category","embeddable":true,"href":"https:\/\/yerelses.com.tr\/index.php?rest_route=%2Fwp%2Fv2%2Fcategories&post=1421"},{"taxonomy":"post_tag","embeddable":true,"href":"https:\/\/yerelses.com.tr\/index.php?rest_route=%2Fwp%2Fv2%2Ftags&post=1421"}],"curies":[{"name":"wp","href":"https:\/\/api.w.org\/{rel}","templated":true}]}}