{"id":1417,"date":"2024-11-26T15:24:14","date_gmt":"2024-11-26T15:24:14","guid":{"rendered":"https:\/\/yerelses.com.tr\/?p=1417"},"modified":"2024-11-26T15:24:14","modified_gmt":"2024-11-26T15:24:14","slug":"bakan-yumakli-besilik-dana-uretilmesi-seferberligi-basladi","status":"publish","type":"post","link":"https:\/\/yerelses.com.tr\/?p=1417","title":{"rendered":"Bakan Yumakl\u0131: Besilik dana \u00fcretilmesi seferberli\u011fi ba\u015flad\u0131"},"content":{"rendered":"<h2 class=\"description\" style=\"text-align: center;\">Tar\u0131m ve Orman Bakan\u0131 \u0130brahim Yumakl\u0131, T\u00fcrkiye Odalar ve Borsalar Birli\u011fi&#8217;nde (TOBB), Oda\/Borsa Y\u00f6netim Kurulu Ba\u015fkanlar\u0131 ve \u0130lgili Sekt\u00f6r Meclisi Ba\u015fkanlar\u0131 \u0130sti\u015fare Toplant\u0131s\u0131&#8217;na kat\u0131ld\u0131. Bakan Yumakl\u0131, &#8220;\u0130htiya\u00e7 olan besilik danan\u0131n \u00fcretilmesinin seferberli\u011fi ba\u015flad\u0131. Bu kapsamda I\u011fd\u0131r ve Ceylanp\u0131nar Tar\u0131m \u0130\u015fletmeleri Genel M\u00fcd\u00fcrl\u00fc\u011f\u00fc (T\u0130GEM) i\u015fletmelerimizde dam\u0131zl\u0131k et, s\u0131\u011f\u0131r yeti\u015ftiricili\u011fi projesini ba\u015flatt\u0131. \u00d6n\u00fcm\u00fczdeki ay I\u011fd\u0131r i\u015fletmemiz tam kapasiteyle \u00e7al\u0131\u015fmaya ba\u015flam\u0131\u015f olacak&#8221; dedi.<\/h2>\n<p style=\"text-align: center;\">ANKARA (AA) &#8211; Tar\u0131m ve Orman Bakan\u0131 \u0130brahim Yumakl\u0131, T\u00fcrkiye Odalar ve Borsalar Birli\u011fi (TOBB) \u00fcyelerine dam\u0131zl\u0131k et i\u015fletmesi kurmalar\u0131 \u00e7a\u011fr\u0131s\u0131nda bulunarak, &#8220;\u0130mkanlar\u0131n\u0131z \u00f6l\u00e7\u00fcs\u00fcnde 100, 500 ya da 1000 ba\u015fl\u0131k dam\u0131zl\u0131k et\u00e7i \u0131rk i\u015fletmesi kurdurman\u0131z \u00fclkemiz a\u00e7\u0131s\u0131ndan \u00f6nemli.&#8221; dedi.<\/p>\n<p style=\"text-align: center;\">Yumakl\u0131, TOBB Geni\u015fletilmi\u015f Ticaret Borsalar\u0131 Konsey Toplant\u0131s\u0131&#8217;nda yapt\u0131\u011f\u0131 konu\u015fmada, sekt\u00f6r\u00fcn geli\u015fmesi ve rekabet g\u00fcc\u00fcn\u00fcn artmas\u0131n\u0131n bir\u00e7ok etkene ve dinami\u011fe ba\u011fl\u0131 oldu\u011funu belirtti.<\/p>\n<p style=\"text-align: center;\">Sekt\u00f6r temsilcilerinin 81 ilde b\u00fcy\u00fck emekle ekip, bi\u00e7ip, i\u015fleyerek, markala\u015ft\u0131rd\u0131\u011f\u0131n\u0131 dile getiren Yumakl\u0131, Bakanl\u0131k olarak bu s\u00fcre\u00e7te \u00fcreticilere ellerinden gelen deste\u011fi sa\u011flad\u0131klar\u0131n\u0131, sekt\u00f6r\u00fcn geli\u015fmesi i\u00e7in t\u00fcm imkanlar\u0131 seferber ettiklerini s\u00f6yledi.<\/p>\n<p style=\"text-align: center;\">Yumakl\u0131, \u00e7ift\u00e7ilerin al\u0131n teri ve eme\u011fiyle \u00fclke tar\u0131m\u0131n\u0131n her ge\u00e7en g\u00fcn daha da b\u00fcy\u00fcd\u00fc\u011f\u00fcn\u00fc belirterek \u015f\u00f6yle devam etti:<\/p>\n<p style=\"text-align: center;\">&#8220;Tar\u0131m sekt\u00f6r\u00fcne stratejik olarak yakla\u015ft\u0131k. Son 22 y\u0131lda tar\u0131m sekt\u00f6r\u00fcne aktar\u0131lan destek 1 trilyon 365 milyar lira. Bitkisel \u00fcretim miktar\u0131m\u0131z\u0131 y\u0131ll\u0131k 139 milyon tona \u00e7\u0131kararak Cumhuriyet tarihimizin rekorunu k\u0131rd\u0131k. B\u00fcy\u00fckba\u015f hayvan varl\u0131\u011f\u0131m\u0131z\u0131 y\u00fczde 67, k\u00fc\u00e7\u00fckba\u015f hayvan varl\u0131\u011f\u0131m\u0131z\u0131 y\u00fczde 64, s\u00fct \u00fcretimimizi y\u00fczde 155, k\u0131rm\u0131z\u0131 et \u00fcretimimizi ise y\u00fczde 206 art\u0131rd\u0131k, 782 baraj in\u015fa ettik, 24 milyon dekar araziyi sulamaya a\u00e7t\u0131k. K\u0131rsal kalk\u0131nma alan\u0131nda 95 bin projeye yakla\u015f\u0131k 120 milyar lira kaynak sa\u011flad\u0131k. Tohumluk \u00fcretimimizi 9 kat, tohumluk ihracat\u0131m\u0131z\u0131 10 kat art\u0131rd\u0131k. Tar\u0131msal has\u0131lam\u0131z da 68,5 milyar dolara \u00e7\u0131kard\u0131k. Ayr\u0131ca 31 milyar dolarl\u0131k tar\u0131msal ihracat\u0131m\u0131zla net ihracat\u00e7\u0131 konumday\u0131z. \u015eimdi yeni hedefler i\u00e7in \u00e7al\u0131\u015f\u0131yoruz.&#8221;<\/p>\n<p style=\"text-align: center;\">&#8211; &#8220;IPARD III&#8217;te 39 proje, 635 milyon lira hibe deste\u011fi almaya hak kazand\u0131&#8221;<\/p>\n<p style=\"text-align: center;\">B\u00fct\u00fcn \u00fclkeler i\u00e7in g\u0131da arz g\u00fcvenli\u011fi konusunun milli g\u00fcvenlik meselesi oldu\u011funu ifade eden Yumakl\u0131, \u00fclkelerin kendi kaynaklar\u0131n\u0131 g\u00f6zeterek daha korumac\u0131 davrand\u0131\u011f\u0131n\u0131 s\u00f6yledi.<\/p>\n<p style=\"text-align: center;\">Yumakl\u0131, \u00fclke kaynaklar\u0131n\u0131 en verimli \u015fekilde kullanman\u0131n \u00f6nemine i\u015faret ederek, &#8220;Bu kapsamda bitkisel ve hayvansal \u00fcretim ile su \u00fcr\u00fcnlerinde planlamay\u0131 hayata ge\u00e7irdik. \u0130\u015flenmeyen arazilerin \u00fcretime kazand\u0131r\u0131lmas\u0131, tar\u0131msal alanlar\u0131n kay\u0131t alt\u0131na al\u0131nmas\u0131, s\u00f6zle\u015fmeli \u00fcretimin yayg\u0131nla\u015ft\u0131r\u0131lmas\u0131 ve tar\u0131m say\u0131m\u0131yla ilgili \u00e7al\u0131\u015fmalar\u0131n ba\u015flat\u0131lmas\u0131, tar\u0131mda devrim niteli\u011finde uygulamalar oldu.&#8221; dedi.<\/p>\n<p style=\"text-align: center;\">IPARD desteklerinin verildi\u011fi il say\u0131s\u0131n\u0131 42&#8217;den 81&#8217;e \u00e7\u0131kard\u0131klar\u0131n\u0131 an\u0131msatan Yumakl\u0131, \u015f\u00f6yle konu\u015ftu:<\/p>\n<p style=\"text-align: center;\">&#8220;\u0130stiyoruz ki \u00fcretilen \u00fcr\u00fcnlerin katma de\u011ferli hale d\u00f6n\u00fc\u015fmesi \u00e7ok daha h\u0131zl\u0131 olsun. IPARD I ve II programlar\u0131 \u00e7ok ba\u015far\u0131l\u0131 \u015fekilde ger\u00e7ekle\u015fti, IPARD III&#8217;\u00fcn de \u00e7a\u011fr\u0131s\u0131na ba\u015flad\u0131k. IPARD III&#8217;te birinci ba\u015fvuru \u00e7a\u011fr\u0131 ilan\u0131 kapsam\u0131nda g\u0131da i\u015fleme ve pazarlama sekt\u00f6rlerine y\u00f6nelik de\u011ferlendirme s\u00fcrecinin tamamland\u0131\u011f\u0131n\u0131 sizlerle payla\u015fmak istiyorum. Bu manada 39 proje, 635 milyon lira hibe deste\u011fi almaya hak kazand\u0131. Projelerin yat\u0131r\u0131m s\u00fcreci tamamland\u0131\u011f\u0131na \u00fclke ekonomisine katk\u0131s\u0131n\u0131n 1,3 milyar liraya ula\u015faca\u011f\u0131n\u0131 \u00f6ng\u00f6r\u00fcyoruz.&#8221;<\/p>\n<p style=\"text-align: center;\">&#8211; &#8220;Seferberlik ba\u015flat\u0131yoruz&#8221;<\/p>\n<p style=\"text-align: center;\">\n<figure id=\"attachment_1418\" aria-describedby=\"caption-attachment-1418\" style=\"width: 666px\" class=\"wp-caption aligncenter\"><img fetchpriority=\"high\" decoding=\"async\" class=\"wp-image-1418 size-full\" src=\"https:\/\/yerelses.com.tr\/wp-content\/uploads\/2024\/11\/6745d54105414c8cc9e38c0c.jpg\" alt=\"\" width=\"666\" height=\"444\" srcset=\"https:\/\/yerelses.com.tr\/wp-content\/uploads\/2024\/11\/6745d54105414c8cc9e38c0c.jpg 666w, https:\/\/yerelses.com.tr\/wp-content\/uploads\/2024\/11\/6745d54105414c8cc9e38c0c-300x200.jpg 300w\" sizes=\"(max-width: 666px) 100vw, 666px\" \/><figcaption id=\"caption-attachment-1418\" class=\"wp-caption-text\">Tar\u0131m ve Orman Bakan\u0131 \u0130brahim Yumakl\u0131 TOBB&#8217;da geni\u015fletilmi\u015f ticaret borsalar\u0131 konseyi&#8217; isti\u015fare toplant\u0131s\u0131na kat\u0131ld\u0131. Foto\u011fraf: Ankara,(DHA)<\/figcaption><\/figure>\n<p style=\"text-align: center;\">\n<p style=\"text-align: center;\">\n<p style=\"text-align: center;\">Bakan Yumakl\u0131, k\u0131rm\u0131z\u0131 etle ilgili yeterlilik oran\u0131n\u0131n y\u00fczde 95 oldu\u011funu belirterek \u015funlar\u0131 kaydetti:<\/p>\n<p style=\"text-align: center;\">&#8220;Kalan y\u00fczde 5&#8217;lik k\u0131sm\u0131 yerli imkanlarla kar\u015f\u0131layabilmek i\u00e7in ihtiya\u00e7 olan besilik danan\u0131n \u00fcretilmesi seferberli\u011fini ba\u015flat\u0131yoruz. Bu kapsamda I\u011fd\u0131r ve Ceylanp\u0131nar tar\u0131m i\u015fletmelerimizde dam\u0131zl\u0131k et\u00e7i \u0131rk s\u0131\u011f\u0131r yeti\u015ftiricili\u011fini ba\u015flatt\u0131k. \u00d6n\u00fcm\u00fczdeki ay I\u011fd\u0131r i\u015fletmemiz tam kapasiteyle \u00e7al\u0131\u015fmaya ba\u015flayacak. Ceylanp\u0131nar i\u015fletmesinin ise Haziran 2025&#8217;e kadar tam kapasiteyle \u00e7al\u0131\u015fmas\u0131n\u0131 bekliyoruz. Bu iki i\u015fletmede ilk amac\u0131m\u0131z 70 bin ba\u015fl\u0131k kapasiteye ula\u015fmak. Onun i\u00e7in dam\u0131zl\u0131k hayvanlardan do\u011fan di\u015fileri dam\u0131zl\u0131k kadromuza kataca\u011f\u0131z. Erkekleri de besiye al\u0131p, kesim d\u00f6neminde Et S\u00fct Kurumunun reg\u00fclasyon faaliyetinde de\u011ferlendirece\u011fiz. Bu t\u00fcr i\u015fletmelerin artmas\u0131n\u0131 \u00f6nemsiyoruz. Sizlerin de imkanlar\u0131n\u0131z \u00f6l\u00e7\u00fcs\u00fcnde 100, 500 ya da 1000 ba\u015fl\u0131k dam\u0131zl\u0131k et\u00e7i \u0131rk i\u015fletmesi kurdurman\u0131z, \u00fclkemiz a\u00e7\u0131s\u0131ndan \u00f6nemli. Bu t\u00fcr i\u015fletmelerin TOBB \u00fcyesi m\u00fcte\u015febbisler taraf\u0131ndan kurulmas\u0131 bizim i\u00e7in memnuniyet verici olur. Bu konuda Bakanl\u0131k olarak sadece elimizi de\u011fil, v\u00fccudumuzu bu i\u015fin alt\u0131na koymu\u015f durumday\u0131z. Bu ba\u011flamda gerekli destek \u00e7al\u0131\u015fmalar\u0131n\u0131n yap\u0131lmas\u0131 i\u00e7in ekibime de talimat verdim, onlar da takip edecek.&#8221;<\/p>\n<p style=\"text-align: center;\">Bu arada, Bakan Yumakl\u0131 ile TOBB Ba\u015fkan\u0131 Rifat Hisarc\u0131kl\u0131o\u011flu, Su Verimlili\u011fi Protokol\u00fc&#8217;n\u00fc imzalad\u0131.<\/p>\n<p style=\"text-align: center;\">Kaynak : Anadolu Ajans\u0131<\/p>\n","protected":false},"excerpt":{"rendered":"<p>Tar\u0131m ve Orman Bakan\u0131 \u0130brahim Yumakl\u0131, T\u00fcrkiye Odalar ve Borsalar Birli\u011fi&#8217;nde (TOBB), Oda\/Borsa Y\u00f6netim Kurulu Ba\u015fkanlar\u0131 ve \u0130lgili Sekt\u00f6r Meclisi Ba\u015fkanlar\u0131 \u0130sti\u015fare Toplant\u0131s\u0131&#8217;na kat\u0131ld\u0131. Bakan Yumakl\u0131, &#8220;\u0130htiya\u00e7 olan besilik danan\u0131n \u00fcretilmesinin seferberli\u011fi ba\u015flad\u0131. Bu kapsamda I\u011fd\u0131r ve Ceylanp\u0131nar Tar\u0131m \u0130\u015fletmeleri Genel M\u00fcd\u00fcrl\u00fc\u011f\u00fc (T\u0130GEM) i\u015fletmelerimizde dam\u0131zl\u0131k et, s\u0131\u011f\u0131r yeti\u015ftiricili\u011fi projesini ba\u015flatt\u0131. \u00d6n\u00fcm\u00fczdeki ay I\u011fd\u0131r i\u015fletmemiz tam [&hellip;]<\/p>\n","protected":false},"author":1,"featured_media":1419,"comment_status":"open","ping_status":"open","sticky":false,"template":"","format":"standard","meta":{"_jetpack_memberships_contains_paid_content":false,"footnotes":""},"categories":[33,1,8,2],"tags":[],"class_list":["post-1417","post","type-post","status-publish","format-standard","has-post-thumbnail","hentry","category-genel","category-gundem","category-siyaset","category-sondk"],"jetpack_featured_media_url":"https:\/\/yerelses.com.tr\/wp-content\/uploads\/2024\/11\/bakan-yumakli-besilik-dana-uretilmesi-seferberligi-basladi.jpg","jetpack_sharing_enabled":true,"_links":{"self":[{"href":"https:\/\/yerelses.com.tr\/index.php?rest_route=\/wp\/v2\/posts\/1417","targetHints":{"allow":["GET"]}}],"collection":[{"href":"https:\/\/yerelses.com.tr\/index.php?rest_route=\/wp\/v2\/posts"}],"about":[{"href":"https:\/\/yerelses.com.tr\/index.php?rest_route=\/wp\/v2\/types\/post"}],"author":[{"embeddable":true,"href":"https:\/\/yerelses.com.tr\/index.php?rest_route=\/wp\/v2\/users\/1"}],"replies":[{"embeddable":true,"href":"https:\/\/yerelses.com.tr\/index.php?rest_route=%2Fwp%2Fv2%2Fcomments&post=1417"}],"version-history":[{"count":1,"href":"https:\/\/yerelses.com.tr\/index.php?rest_route=\/wp\/v2\/posts\/1417\/revisions"}],"predecessor-version":[{"id":1420,"href":"https:\/\/yerelses.com.tr\/index.php?rest_route=\/wp\/v2\/posts\/1417\/revisions\/1420"}],"wp:featuredmedia":[{"embeddable":true,"href":"https:\/\/yerelses.com.tr\/index.php?rest_route=\/wp\/v2\/media\/1419"}],"wp:attachment":[{"href":"https:\/\/yerelses.com.tr\/index.php?rest_route=%2Fwp%2Fv2%2Fmedia&parent=1417"}],"wp:term":[{"taxonomy":"category","embeddable":true,"href":"https:\/\/yerelses.com.tr\/index.php?rest_route=%2Fwp%2Fv2%2Fcategories&post=1417"},{"taxonomy":"post_tag","embeddable":true,"href":"https:\/\/yerelses.com.tr\/index.php?rest_route=%2Fwp%2Fv2%2Ftags&post=1417"}],"curies":[{"name":"wp","href":"https:\/\/api.w.org\/{rel}","templated":true}]}}