{"id":1410,"date":"2024-11-25T15:17:07","date_gmt":"2024-11-25T15:17:07","guid":{"rendered":"https:\/\/yerelses.com.tr\/?p=1410"},"modified":"2024-11-25T15:17:07","modified_gmt":"2024-11-25T15:17:07","slug":"siddet-iceren-yayinlara-agir-mueyyideler-uygulamaya-devam-edecegiz","status":"publish","type":"post","link":"https:\/\/yerelses.com.tr\/?p=1410","title":{"rendered":"&#8216;\u015eiddet i\u00e7eren yay\u0131nlara a\u011f\u0131r m\u00fceyyideler uygulamaya devam edece\u011fiz&#8217;"},"content":{"rendered":"<h2 class=\"description\" style=\"text-align: center;\">Radyo ve Televizyon \u00dcst Kurulu (RT\u00dcK) Ba\u015fkan\u0131 Ebubekir \u015eahin, \u015fiddet i\u00e7eren yay\u0131nlara a\u011f\u0131r m\u00fceyyideler uygulamaya devam edeceklerini a\u00e7\u0131klad\u0131. RT\u00dcK Ba\u015fkan\u0131 \u015eahin, &#8220;Yay\u0131nlarda kad\u0131na y\u00f6nelik \u015fiddete tahamm\u00fcl\u00fcm\u00fcz yoktur. Hi\u00e7 kimse reyting u\u011fruna kad\u0131na y\u00f6nelik \u015fiddeti kan\u0131ksatamaz&#8221; dedi.<\/h2>\n<p style=\"text-align: center;\">\n<p style=\"text-align: center;\">ANKARA (AA) &#8211; Radyo ve Televizyon \u00dcst Kurulu (RT\u00dcK) Ba\u015fkan\u0131 Ebubekir \u015eahin, &#8220;Yay\u0131nlarda kad\u0131na y\u00f6nelik \u015fiddete tahamm\u00fcl\u00fcm\u00fcz yoktur. Hi\u00e7 kimse reyting u\u011fruna kad\u0131na y\u00f6nelik \u015fiddeti kan\u0131ksatamaz.&#8221; ifadelerini kulland\u0131.<\/p>\n<p style=\"text-align: center;\">\u015eahin, sosyal medya hesab\u0131ndan yapt\u0131\u011f\u0131 a\u00e7\u0131klamada, Cumhurba\u015fkan\u0131 Recep Tayyip Erdo\u011fan&#8217;\u0131n bug\u00fcn d\u00fczenlenen &#8220;Kad\u0131na Y\u00f6nelik \u015eiddete Kar\u015f\u0131 Uluslararas\u0131 M\u00fccadele G\u00fcn\u00fc&#8221;ndeki konu\u015fmas\u0131n\u0131 hat\u0131rlatt\u0131.<\/p>\n<p style=\"text-align: center;\">T\u00fcrkiye&#8217;deki dizi film sekt\u00f6r\u00fcn\u00fcn, zaman zaman \u00e7\u0131tay\u0131 a\u015farak kad\u0131na y\u00f6nelik \u015fiddet konusunda s\u0131n\u0131rlar\u0131 zorlad\u0131\u011f\u0131n\u0131 belirten \u015eahin, \u015funlar\u0131 kaydetti:<\/p>\n<p style=\"text-align: center;\">&#8220;M\u00fccadelemizi kararl\u0131l\u0131kla s\u00fcrd\u00fcrerek son d\u00f6nemde \u015fiddet i\u00e7eren, milli ve manevi de\u011ferlerimizi tahrip eden yay\u0131nlara a\u011f\u0131r m\u00fceyyideler uygulad\u0131k ve uygulamaya devam edece\u011fiz. Yay\u0131nlarda kad\u0131na y\u00f6nelik \u015fiddete tahamm\u00fcl\u00fcm\u00fcz yoktur. Hi\u00e7 kimse reyting u\u011fruna kad\u0131na y\u00f6nelik \u015fiddeti kan\u0131ksatamaz. \u015eiddetin kar\u015f\u0131s\u0131nda biz var\u0131z.&#8221;<\/p>\n<div class=\"pc:col-4 col-6 info\" style=\"text-align: center;\">Kaynak : Anadolu Ajans\u0131<\/div>\n","protected":false},"excerpt":{"rendered":"<p>Radyo ve Televizyon \u00dcst Kurulu (RT\u00dcK) Ba\u015fkan\u0131 Ebubekir \u015eahin, \u015fiddet i\u00e7eren yay\u0131nlara a\u011f\u0131r m\u00fceyyideler uygulamaya devam edeceklerini a\u00e7\u0131klad\u0131. RT\u00dcK Ba\u015fkan\u0131 \u015eahin, &#8220;Yay\u0131nlarda kad\u0131na y\u00f6nelik \u015fiddete tahamm\u00fcl\u00fcm\u00fcz yoktur. Hi\u00e7 kimse reyting u\u011fruna kad\u0131na y\u00f6nelik \u015fiddeti kan\u0131ksatamaz&#8221; dedi. ANKARA (AA) &#8211; Radyo ve Televizyon \u00dcst Kurulu (RT\u00dcK) Ba\u015fkan\u0131 Ebubekir \u015eahin, &#8220;Yay\u0131nlarda kad\u0131na y\u00f6nelik \u015fiddete tahamm\u00fcl\u00fcm\u00fcz yoktur. Hi\u00e7 [&hellip;]<\/p>\n","protected":false},"author":1,"featured_media":1411,"comment_status":"open","ping_status":"open","sticky":false,"template":"","format":"standard","meta":{"_jetpack_memberships_contains_paid_content":false,"footnotes":""},"categories":[33,1,8,2],"tags":[],"class_list":["post-1410","post","type-post","status-publish","format-standard","has-post-thumbnail","hentry","category-genel","category-gundem","category-siyaset","category-sondk"],"jetpack_featured_media_url":"https:\/\/yerelses.com.tr\/wp-content\/uploads\/2024\/11\/siddet-iceren-yayinlara-agir-mueyyideler-uygulamaya-devam-edecegiz.jpg","jetpack_sharing_enabled":true,"_links":{"self":[{"href":"https:\/\/yerelses.com.tr\/index.php?rest_route=\/wp\/v2\/posts\/1410","targetHints":{"allow":["GET"]}}],"collection":[{"href":"https:\/\/yerelses.com.tr\/index.php?rest_route=\/wp\/v2\/posts"}],"about":[{"href":"https:\/\/yerelses.com.tr\/index.php?rest_route=\/wp\/v2\/types\/post"}],"author":[{"embeddable":true,"href":"https:\/\/yerelses.com.tr\/index.php?rest_route=\/wp\/v2\/users\/1"}],"replies":[{"embeddable":true,"href":"https:\/\/yerelses.com.tr\/index.php?rest_route=%2Fwp%2Fv2%2Fcomments&post=1410"}],"version-history":[{"count":1,"href":"https:\/\/yerelses.com.tr\/index.php?rest_route=\/wp\/v2\/posts\/1410\/revisions"}],"predecessor-version":[{"id":1412,"href":"https:\/\/yerelses.com.tr\/index.php?rest_route=\/wp\/v2\/posts\/1410\/revisions\/1412"}],"wp:featuredmedia":[{"embeddable":true,"href":"https:\/\/yerelses.com.tr\/index.php?rest_route=\/wp\/v2\/media\/1411"}],"wp:attachment":[{"href":"https:\/\/yerelses.com.tr\/index.php?rest_route=%2Fwp%2Fv2%2Fmedia&parent=1410"}],"wp:term":[{"taxonomy":"category","embeddable":true,"href":"https:\/\/yerelses.com.tr\/index.php?rest_route=%2Fwp%2Fv2%2Fcategories&post=1410"},{"taxonomy":"post_tag","embeddable":true,"href":"https:\/\/yerelses.com.tr\/index.php?rest_route=%2Fwp%2Fv2%2Ftags&post=1410"}],"curies":[{"name":"wp","href":"https:\/\/api.w.org\/{rel}","templated":true}]}}