{"id":1405,"date":"2024-11-25T15:16:01","date_gmt":"2024-11-25T15:16:01","guid":{"rendered":"https:\/\/yerelses.com.tr\/?p=1405"},"modified":"2024-11-25T15:16:01","modified_gmt":"2024-11-25T15:16:01","slug":"besiktasta-denizde-kaybolan-iki-kisi-abla-kardes-cikti","status":"publish","type":"post","link":"https:\/\/yerelses.com.tr\/?p=1405","title":{"rendered":"Be\u015fikta\u015f&#8217;ta denizde kaybolan iki ki\u015fi abla-karde\u015f \u00e7\u0131kt\u0131"},"content":{"rendered":"<h2 class=\"description\" style=\"text-align: center;\">\u0130stanbul&#8217;da Bebek sahilinde denize d\u00fc\u015fen bir kad\u0131n\u0131n arkas\u0131ndan, onu kurtarmak i\u00e7in bir erkek denize atlam\u0131\u015f iki ki\u015fi de dalgalar\u0131n aras\u0131nda kaybolmu\u015ftu. \u0130ki g\u00fcnd\u00fcr denizde aranan ki\u015filerin abla-karde\u015f olduklar\u0131 ortaya \u00e7\u0131kt\u0131.<\/h2>\n<p style=\"text-align: center;\">Denize d\u00fc\u015fen ki\u015filerin kimlikleri belirlendi. Denize d\u00fc\u015fen Ay\u015fe C&#8217;yi (29) kurtarmak i\u00e7in pe\u015finden suya atlayan Velat C.&#8217;nin (23) kad\u0131n\u0131n karde\u015fi oldu\u011fu anla\u015f\u0131ld\u0131. Ebeveynlerinin durumu polise bildirmesiyle iki ki\u015finin kimlik bilgileri tespit edildi.<\/p>\n<p style=\"text-align: center;\">Velat C. ve Ay\u015fe C&#8217;nin anne ile babas\u0131yla 15 y\u0131l \u00f6nce yerle\u015ftikleri \u0130spanya&#8217;da ikamet ettikleri ve restoran i\u015fi yapt\u0131klar\u0131 belirlendi. 14 Kas\u0131m&#8217;da Diyarbak\u0131r&#8217;a gelen ikilinin 25 Kas\u0131m&#8217;da ailesiyle \u0130spanya&#8217;ya d\u00f6nece\u011fi i\u00e7in Diyarbak\u0131r&#8217;dan \u0130stanbul&#8217;a geldikleri ve Sar\u0131yer&#8217;de bir otelde kald\u0131klar\u0131 tespit edildi.<\/p>\n<p style=\"text-align: center;\"><img fetchpriority=\"high\" decoding=\"async\" class=\"alignnone wp-image-1407 size-full\" src=\"https:\/\/yerelses.com.tr\/wp-content\/uploads\/2024\/11\/5zuagopgukmsut1zn5qrva.jpg\" alt=\"\" width=\"1000\" height=\"563\" srcset=\"https:\/\/yerelses.com.tr\/wp-content\/uploads\/2024\/11\/5zuagopgukmsut1zn5qrva.jpg 1000w, https:\/\/yerelses.com.tr\/wp-content\/uploads\/2024\/11\/5zuagopgukmsut1zn5qrva-300x169.jpg 300w, https:\/\/yerelses.com.tr\/wp-content\/uploads\/2024\/11\/5zuagopgukmsut1zn5qrva-768x432.jpg 768w\" sizes=\"(max-width: 1000px) 100vw, 1000px\" \/><\/p>\n<p style=\"text-align: center;\">Aile bas\u0131nda \u00e7\u0131kan haberler \u00fczerine kay\u0131p ba\u015fvurusunda bulundu. Dalg\u0131\u00e7 ekipleri, denizde kaybolan abla ve karde\u015finin bulunmas\u0131 i\u00e7in arama \u00e7al\u0131\u015fmalar\u0131n\u0131 s\u00fcrd\u00fcr\u00fcyor.<\/p>\n<p style=\"text-align: center;\">NE OLMU\u015eTU<\/p>\n<p style=\"text-align: center;\">Be\u015fikta\u015f Bebek sahilinde 23 Kas\u0131m&#8217;da y\u00fcr\u00fcy\u00fc\u015f yapan bir kad\u0131n, foto\u011fraf \u00e7ektirdi\u011fi s\u0131rada denize d\u00fc\u015fm\u00fc\u015f, onu kurtarmak i\u00e7in yan\u0131ndaki ki\u015fi de denize atlam\u0131\u015ft\u0131. \u0130ki ki\u015fi bir s\u00fcre sonra g\u00f6zden kayboldu.<\/p>\n<p style=\"text-align: center;\"><img decoding=\"async\" class=\"alignnone wp-image-1406 size-full\" src=\"https:\/\/yerelses.com.tr\/wp-content\/uploads\/2024\/11\/pg65kazaeuspcefmz9au8w.jpg\" alt=\"\" width=\"1000\" height=\"563\" srcset=\"https:\/\/yerelses.com.tr\/wp-content\/uploads\/2024\/11\/pg65kazaeuspcefmz9au8w.jpg 1000w, https:\/\/yerelses.com.tr\/wp-content\/uploads\/2024\/11\/pg65kazaeuspcefmz9au8w-300x169.jpg 300w, https:\/\/yerelses.com.tr\/wp-content\/uploads\/2024\/11\/pg65kazaeuspcefmz9au8w-768x432.jpg 768w\" sizes=\"(max-width: 1000px) 100vw, 1000px\" \/><\/p>\n<p style=\"text-align: center;\">Denizde kaybolan Ay\u015fe C. ile Velat C&#8217;nin kimlikleri belirlenmi\u015f, iki ki\u015finin abla-karde\u015f olduklar\u0131 ortaya \u00e7\u0131kt\u0131. Kay\u0131p abla karde\u015fi arama \u00e7al\u0131\u015fmalar\u0131 s\u00fcr\u00fcyor.<\/p>\n<p style=\"text-align: center;\">Bebek Mahallesi Cevdet Pa\u015fa Caddesi&#8217;nde, 23 Kas\u0131m saat 18.06 s\u0131ralar\u0131nda denizde kaybolan iki ki\u015fi aran\u0131yor.<\/p>\n<p style=\"text-align: center;\">Kaynak : Anadolu Ajans\u0131<\/p>\n","protected":false},"excerpt":{"rendered":"<p>\u0130stanbul&#8217;da Bebek sahilinde denize d\u00fc\u015fen bir kad\u0131n\u0131n arkas\u0131ndan, onu kurtarmak i\u00e7in bir erkek denize atlam\u0131\u015f iki ki\u015fi de dalgalar\u0131n aras\u0131nda kaybolmu\u015ftu. \u0130ki g\u00fcnd\u00fcr denizde aranan ki\u015filerin abla-karde\u015f olduklar\u0131 ortaya \u00e7\u0131kt\u0131. Denize d\u00fc\u015fen ki\u015filerin kimlikleri belirlendi. Denize d\u00fc\u015fen Ay\u015fe C&#8217;yi (29) kurtarmak i\u00e7in pe\u015finden suya atlayan Velat C.&#8217;nin (23) kad\u0131n\u0131n karde\u015fi oldu\u011fu anla\u015f\u0131ld\u0131. Ebeveynlerinin durumu polise [&hellip;]<\/p>\n","protected":false},"author":1,"featured_media":1408,"comment_status":"open","ping_status":"open","sticky":false,"template":"","format":"standard","meta":{"_jetpack_memberships_contains_paid_content":false,"footnotes":""},"categories":[9,33,1,2],"tags":[],"class_list":["post-1405","post","type-post","status-publish","format-standard","has-post-thumbnail","hentry","category-asayis","category-genel","category-gundem","category-sondk"],"jetpack_featured_media_url":"https:\/\/yerelses.com.tr\/wp-content\/uploads\/2024\/11\/besiktas-ta-denizde-kaybolan-iki-kisi-abla-kardes-cikti.jpg","jetpack_sharing_enabled":true,"_links":{"self":[{"href":"https:\/\/yerelses.com.tr\/index.php?rest_route=\/wp\/v2\/posts\/1405","targetHints":{"allow":["GET"]}}],"collection":[{"href":"https:\/\/yerelses.com.tr\/index.php?rest_route=\/wp\/v2\/posts"}],"about":[{"href":"https:\/\/yerelses.com.tr\/index.php?rest_route=\/wp\/v2\/types\/post"}],"author":[{"embeddable":true,"href":"https:\/\/yerelses.com.tr\/index.php?rest_route=\/wp\/v2\/users\/1"}],"replies":[{"embeddable":true,"href":"https:\/\/yerelses.com.tr\/index.php?rest_route=%2Fwp%2Fv2%2Fcomments&post=1405"}],"version-history":[{"count":1,"href":"https:\/\/yerelses.com.tr\/index.php?rest_route=\/wp\/v2\/posts\/1405\/revisions"}],"predecessor-version":[{"id":1409,"href":"https:\/\/yerelses.com.tr\/index.php?rest_route=\/wp\/v2\/posts\/1405\/revisions\/1409"}],"wp:featuredmedia":[{"embeddable":true,"href":"https:\/\/yerelses.com.tr\/index.php?rest_route=\/wp\/v2\/media\/1408"}],"wp:attachment":[{"href":"https:\/\/yerelses.com.tr\/index.php?rest_route=%2Fwp%2Fv2%2Fmedia&parent=1405"}],"wp:term":[{"taxonomy":"category","embeddable":true,"href":"https:\/\/yerelses.com.tr\/index.php?rest_route=%2Fwp%2Fv2%2Fcategories&post=1405"},{"taxonomy":"post_tag","embeddable":true,"href":"https:\/\/yerelses.com.tr\/index.php?rest_route=%2Fwp%2Fv2%2Ftags&post=1405"}],"curies":[{"name":"wp","href":"https:\/\/api.w.org\/{rel}","templated":true}]}}