{"id":1392,"date":"2024-11-22T15:22:01","date_gmt":"2024-11-22T15:22:01","guid":{"rendered":"https:\/\/yerelses.com.tr\/?p=1392"},"modified":"2024-11-22T15:22:01","modified_gmt":"2024-11-22T15:22:01","slug":"meteorolojiden-44-il-icin-uyari-kar-firtina-ve-saganaga-dikkat","status":"publish","type":"post","link":"https:\/\/yerelses.com.tr\/?p=1392","title":{"rendered":"Meteoroloji&#8217;den 44 il i\u00e7in uyar\u0131: Kar, f\u0131rt\u0131na ve sa\u011fana\u011fa dikkat"},"content":{"rendered":"<h2 class=\"description\" style=\"text-align: center;\">Marmara, Orta ve Bat\u0131 Karadeniz, Ege, \u0130\u00e7 Anadolu ve Bat\u0131 Akdeniz&#8217;de beklenen f\u0131rt\u0131na, g\u00f6k g\u00fcr\u00fclt\u00fcl\u00fc sa\u011fanak ve kar ya\u011f\u0131\u015f\u0131 nedeniyle 44 il i\u00e7in &#8220;turuncu&#8221; ve &#8220;sar\u0131&#8221; kodlu uyar\u0131da bulunuldu.<\/h2>\n<p style=\"text-align: center;\">Meteoroloji Genel M\u00fcd\u00fcrl\u00fc\u011f\u00fcnden yap\u0131lan a\u00e7\u0131klamada, Marmara B\u00f6lgesi&#8217;nde yar\u0131n sabah saatlerinden itibaren Tekirda\u011f, \u0130stanbul, \u00c7anakkale, Bal\u0131kesir ve Bursa ile Bilecik, Yalova, Kocaeli ve Sakarya&#8217;da kuvvetli sa\u011fanak ve yer yer g\u00f6k g\u00fcr\u00fclt\u00fcl\u00fc sa\u011fanak tahmin ediliyor.<\/p>\n<p style=\"text-align: center;\">Ya\u011f\u0131\u015flar\u0131n, \u00f6\u011fle saatlerinden sonra ani so\u011fumayla b\u00f6lgenin do\u011fusunun 500 metre rak\u0131m \u00fczeri y\u00fckseklerinde kuvvetli karla kar\u0131\u015f\u0131k ya\u011fmur ve kar ya\u011f\u0131\u015f\u0131 \u015feklinde etkili olaca\u011f\u0131 \u00f6ng\u00f6r\u00fcl\u00fcyor.<\/p>\n<p style=\"text-align: center;\">Genel olarak ak\u015fam saatlerinde etkisini kaybetmesi beklenen ya\u011f\u0131\u015flar\u0131n, Sakarya&#8217;da pazar g\u00fcn\u00fc de etkisini devam ettirmesi bekleniyor.<\/p>\n<p style=\"text-align: center;\">Kuvvetli ya\u011f\u0131\u015flar nedeniyle ula\u015f\u0131mda aksamalar, su bask\u0131n\u0131, y\u0131ld\u0131r\u0131m, kuvvetli r\u00fczgar, y\u00fckseklerde buzlanma, don ve tipi gibi olumsuzluklara kar\u015f\u0131 dikkatli ve tedbirli olunmas\u0131 gerekiyor.<\/p>\n<p style=\"text-align: center;\">&#8211; Bat\u0131 Karadeniz&#8217;in y\u00fckseklerinde yo\u011fun kar ya\u011f\u0131\u015f\u0131<\/p>\n<p style=\"text-align: center;\">Yar\u0131n \u00f6\u011fle saatlerinden itibaren Bat\u0131 Karadeniz&#8217;de (Zonguldak, Bart\u0131n, Bolu, D\u00fczce, Karab\u00fck, Kastamonu ve ak\u015fam saatlerinden sonra Sinop) kuvvetli sa\u011fanak ya\u011f\u0131\u015f bekleniyor.<\/p>\n<p style=\"text-align: center;\">Ya\u011f\u0131\u015flar\u0131n \u00f6\u011fle saatlerinden sonra ani so\u011fumayla 400 metre rak\u0131m \u00fczeri y\u00fckseklerde yo\u011fun kar ya\u011f\u0131\u015f\u0131 (20 santimetre \u00fczeri) \u015feklinde etkili olaca\u011f\u0131 tahmin ediliyor. Pazar g\u00fcn\u00fc de b\u00f6lgenin i\u00e7 kesimlerinde kar ya\u011f\u0131\u015flar\u0131n\u0131n aral\u0131klarla etkili olmas\u0131 bekleniyor.<\/p>\n<p style=\"text-align: center;\">Kuvvetli ya\u011f\u0131\u015flarla birlikte k\u0131y\u0131larda sel ve su bask\u0131n\u0131, i\u00e7 kesimlerde, ba\u015fta Bolu Da\u011f\u0131 Ge\u00e7idi olmak \u00fczere ula\u015f\u0131mda aksamalar, buzlanma, don ve tipi gibi olumsuzluklara kar\u015f\u0131 dikkatli ve tedbirli olunmas\u0131 isteniyor.<\/p>\n<p style=\"text-align: center;\">&#8211; Buzlanmaya kar\u015f\u0131 tedbirli olun uyar\u0131s\u0131<\/p>\n<p style=\"text-align: center;\">\n<div id=\"zone-pharagraphs1\" class=\"widget-article\" style=\"text-align: center;\"><\/div>\n<p style=\"text-align: center;\">\n<p style=\"text-align: center;\">Antalya&#8217;n\u0131n do\u011fusunda ise yar\u0131n sabah saatlerinden itibaren yerel olarak kuvvetli ve \u00e7ok kuvvetli sa\u011fanak ve g\u00f6k g\u00fcr\u00fclt\u00fcl\u00fc sa\u011fanak \u00f6ng\u00f6r\u00fcl\u00fcyor.<\/p>\n<p style=\"text-align: center;\">Ya\u011f\u0131\u015flar\u0131n ak\u015fam saatlerinden sonra 1000 metre \u00fczeri y\u00fcksek kesimlerinde kar ya\u011f\u0131\u015f\u0131na d\u00f6nece\u011fi tahmin ediliyor.<\/p>\n<p style=\"text-align: center;\">Kuvvetli ya\u011f\u0131\u015flarla sel, su bask\u0131n\u0131, y\u0131ld\u0131r\u0131m, ya\u011f\u0131\u015f an\u0131nda kuvvetli r\u00fczgar, ak\u015fam saatlerinden sonra Konya-Antalya yolu Alacabel Ge\u00e7idi ba\u015fta olmak \u00fczere y\u00fckseklerde buzlanma ve tipi gibi olumsuzluklara kar\u015f\u0131 dikkatli ve tedbirli olunmas\u0131 isteniyor.<\/p>\n<p style=\"text-align: center;\">Ayr\u0131ca K\u0131y\u0131 Ege&#8217;de de kuvvetli g\u00f6k g\u00fcr\u00fclt\u00fcl\u00fc sa\u011fanak bekleniyor. Yap\u0131lan son de\u011ferlendirmelere g\u00f6re, yar\u0131n sabah saatlerinden itibaren \u0130zmir, Manisa, Ayd\u0131n ve Mu\u011fla&#8217;da yerel olarak kuvvetli sa\u011fanak ve g\u00f6k g\u00fcr\u00fclt\u00fcl\u00fc sa\u011fanak tahmin ediliyor.<\/p>\n<p style=\"text-align: center;\">&#8211; Soba zehirlenmelerine dikkat<\/p>\n<p style=\"text-align: center;\">\n<div id=\"zone-pharagraphs2\" class=\"widget-article\" style=\"text-align: center;\"><\/div>\n<p style=\"text-align: center;\">\n<p style=\"text-align: center;\">\u00d6te yandan, ak\u015fam saatlerinden itibaren bat\u0131s\u0131ndan ba\u015flayarak Marmara&#8217;da g\u00fcney ve g\u00fcneybat\u0131dan, yar\u0131n sabahtan itibaren kuzey y\u00f6nlerden, \u00f6\u011fle saatlerinden itibaren de \u0130\u00e7 Ege, Bat\u0131 ve Orta Karadeniz ile \u0130\u00e7 Anadolu&#8217;da g\u00fcney ve g\u00fcneybat\u0131, zamanla kuzeybat\u0131dan kuvvetli r\u00fczgar ve f\u0131rt\u0131na bekleniyor.<\/p>\n<p style=\"text-align: center;\">Marmara&#8217;da yar\u0131n ak\u015fam saatlerinde, di\u011fer b\u00f6lgelerde gece saatlerinden sonra etkisini kaybetmesi beklenen kuvvetli r\u00fczgar ve f\u0131rt\u0131nayla ula\u015f\u0131mda aksamalar, \u00e7at\u0131 u\u00e7mas\u0131, soba zehirlenmeleri gibi olumsuzluklara kar\u015f\u0131 dikkatli ve tedbirli olunmas\u0131 gerekiyor.<\/p>\n<p style=\"text-align: center;\">Kaynak : Anadolu Ajans\u0131<\/p>\n","protected":false},"excerpt":{"rendered":"<p>Marmara, Orta ve Bat\u0131 Karadeniz, Ege, \u0130\u00e7 Anadolu ve Bat\u0131 Akdeniz&#8217;de beklenen f\u0131rt\u0131na, g\u00f6k g\u00fcr\u00fclt\u00fcl\u00fc sa\u011fanak ve kar ya\u011f\u0131\u015f\u0131 nedeniyle 44 il i\u00e7in &#8220;turuncu&#8221; ve &#8220;sar\u0131&#8221; kodlu uyar\u0131da bulunuldu. Meteoroloji Genel M\u00fcd\u00fcrl\u00fc\u011f\u00fcnden yap\u0131lan a\u00e7\u0131klamada, Marmara B\u00f6lgesi&#8217;nde yar\u0131n sabah saatlerinden itibaren Tekirda\u011f, \u0130stanbul, \u00c7anakkale, Bal\u0131kesir ve Bursa ile Bilecik, Yalova, Kocaeli ve Sakarya&#8217;da kuvvetli sa\u011fanak ve [&hellip;]<\/p>\n","protected":false},"author":1,"featured_media":1393,"comment_status":"open","ping_status":"open","sticky":false,"template":"","format":"standard","meta":{"_jetpack_memberships_contains_paid_content":false,"footnotes":""},"categories":[33,1,2],"tags":[],"class_list":["post-1392","post","type-post","status-publish","format-standard","has-post-thumbnail","hentry","category-genel","category-gundem","category-sondk"],"jetpack_featured_media_url":"https:\/\/yerelses.com.tr\/wp-content\/uploads\/2024\/11\/images.jpeg","jetpack_sharing_enabled":true,"_links":{"self":[{"href":"https:\/\/yerelses.com.tr\/index.php?rest_route=\/wp\/v2\/posts\/1392","targetHints":{"allow":["GET"]}}],"collection":[{"href":"https:\/\/yerelses.com.tr\/index.php?rest_route=\/wp\/v2\/posts"}],"about":[{"href":"https:\/\/yerelses.com.tr\/index.php?rest_route=\/wp\/v2\/types\/post"}],"author":[{"embeddable":true,"href":"https:\/\/yerelses.com.tr\/index.php?rest_route=\/wp\/v2\/users\/1"}],"replies":[{"embeddable":true,"href":"https:\/\/yerelses.com.tr\/index.php?rest_route=%2Fwp%2Fv2%2Fcomments&post=1392"}],"version-history":[{"count":1,"href":"https:\/\/yerelses.com.tr\/index.php?rest_route=\/wp\/v2\/posts\/1392\/revisions"}],"predecessor-version":[{"id":1394,"href":"https:\/\/yerelses.com.tr\/index.php?rest_route=\/wp\/v2\/posts\/1392\/revisions\/1394"}],"wp:featuredmedia":[{"embeddable":true,"href":"https:\/\/yerelses.com.tr\/index.php?rest_route=\/wp\/v2\/media\/1393"}],"wp:attachment":[{"href":"https:\/\/yerelses.com.tr\/index.php?rest_route=%2Fwp%2Fv2%2Fmedia&parent=1392"}],"wp:term":[{"taxonomy":"category","embeddable":true,"href":"https:\/\/yerelses.com.tr\/index.php?rest_route=%2Fwp%2Fv2%2Fcategories&post=1392"},{"taxonomy":"post_tag","embeddable":true,"href":"https:\/\/yerelses.com.tr\/index.php?rest_route=%2Fwp%2Fv2%2Ftags&post=1392"}],"curies":[{"name":"wp","href":"https:\/\/api.w.org\/{rel}","templated":true}]}}