{"id":1389,"date":"2024-11-22T15:20:15","date_gmt":"2024-11-22T15:20:15","guid":{"rendered":"https:\/\/yerelses.com.tr\/?p=1389"},"modified":"2024-11-22T15:20:15","modified_gmt":"2024-11-22T15:20:15","slug":"ak-parti-vergi-dilimi-guncellemesini-gundemine-aldi","status":"publish","type":"post","link":"https:\/\/yerelses.com.tr\/?p=1389","title":{"rendered":"AK Parti vergi dilimi g\u00fcncellemesini g\u00fcndemine ald\u0131!"},"content":{"rendered":"<h2 class=\"description\" style=\"text-align: center;\">Uzun s\u00fcredir sendikalar taraf\u0131ndan g\u00fcndeme getirilen vergi dilimi sorunun AK Parti taraf\u0131ndan g\u00fcndeme al\u0131nd\u0131\u011f\u0131 bildirildi. D\u00fczenleme kapsam\u0131nda e\u011fer vergi tarifesinde g\u00fcncellemeye gidilirse \u00fccretlerin y\u0131l i\u00e7inde vergi dilimi nedeniyle d\u00fc\u015fmesi engellenecek. \u0130\u015fte detaylar&#8230;<\/h2>\n<div id=\"article-detail-container\" class=\"detail article-detail-container\" style=\"text-align: center;\">\n<p>Meclis&#8217;te AK Parti grubunun farkl\u0131 kesimlerden gelen taleplerin ard\u0131ndan yeni vergi ve bor\u00e7 d\u00fczenlemesi haz\u0131rl\u0131\u011f\u0131 yapt\u0131\u011f\u0131 bildirildi.<\/p>\n<p>CNBC-e&#8217;den Hazal Ate\u015f&#8217;in haberine g\u00f6re T\u00fcrk-\u0130\u015f, Hak-\u0130\u015f ve D\u0130SK&#8217;in Meclis turunda g\u00fcndeme getirdi\u011fi, \u00fccretlerin d\u00fc\u015fmesine neden olan vergi dilimlerinde d\u00fczenleme talebi uzun zamand\u0131r g\u00fcndemde.<\/p>\n<p>Sendikalar, vergi tarifesinin Hazine ve Maliye Bakanl\u0131\u011f\u0131&#8217;nca a\u00e7\u0131klanan yeniden de\u011ferleme oran\u0131na g\u00f6re g\u00fcncellenmesini, ilk dilimin asgari \u00fccretin 14 kat\u0131 olmas\u0131n\u0131 istiyor.<\/p>\n<p>\u00c7al\u0131\u015fma ve Sosyal \u0130\u015fler Komisyonu sendikalardan gelen bu talebi g\u00fcndemine al\u0131rken d\u00fczenleme yap\u0131lmas\u0131 durumunda \u00fccretlerin d\u00fc\u015fmesine neden olan Gelir Vergisi Kanunu&#8217;ndaki ikinci dilime girmesi \u00f6nlenecek. B\u00f6ylece \u00fccretlerin vergi dilimi de\u011fi\u015fikli\u011fi nedeniyle y\u0131l i\u00e7inde d\u00fc\u015fmesi g\u00fcndemden kalkacak. Vergi diliminin y\u00fczde 15&#8217;ten y\u00fczde 10&#8217;a indirilmesi de se\u00e7enekler aras\u0131nda yer al\u0131yor.<\/p>\n<p><b>Prim deste\u011fine d\u00fczenleme<\/b><br \/>\nEkonomi Koordinasyon Kurulu toplant\u0131s\u0131nda da g\u00fcndeme gelen sanayi sekt\u00f6r\u00fcndeki istihdam kayb\u0131n\u0131n \u00f6nlenmesi kapsam\u0131nda 5 puanl\u0131k prim deste\u011fi yeniden d\u00fczenleniyor. Bu kapsamda, istihdam kayb\u0131 ya\u015fanan tekstil, mobilya, haz\u0131r giyim, deri gibi sekt\u00f6rlerde 5 puanl\u0131k prim deste\u011finin 7 puana y\u00fckseltilmesi, baz\u0131 sekt\u00f6rlerde de 4 puana d\u00fc\u015f\u00fcr\u00fclmesi g\u00fcndemde.<\/p>\n<p><b>Genel Sa\u011fl\u0131k Sigortas\u0131 bor\u00e7lar\u0131 ertelecek mi?<\/b><br \/>\nGenel Sa\u011fl\u0131k Sigortas\u0131 borcu bulunan vatanda\u015flar\u0131n 1 Ocak itibar\u0131yla sa\u011fl\u0131k hizmetlerinden yararlanma hakk\u0131 sona erecek. AK Parti konuya ili\u015fkin yasa teklifi i\u00e7in \u00e7al\u0131\u015fma ba\u015flatt\u0131. Ge\u00e7en y\u0131l da GSS borcu olanlar\u0131n bor\u00e7lar\u0131 31 Aral\u0131k 2024 tarihine kadar ertelenmi\u015fti. Yeni d\u00fczenlemeyle borcu bulunan vatanda\u015flar\u0131n 1 Ocak 2025&#8217;ten 31 Aral\u0131k 2025&#8217;e kadar sa\u011fl\u0131k hizmetinden yararlanmalar\u0131 sa\u011flanacak.<\/p>\n<div class=\"spc:4x\"><\/div>\n<\/div>\n<p style=\"text-align: center;\">Kaynak : Memurlar.Net<\/p>\n","protected":false},"excerpt":{"rendered":"<p>Uzun s\u00fcredir sendikalar taraf\u0131ndan g\u00fcndeme getirilen vergi dilimi sorunun AK Parti taraf\u0131ndan g\u00fcndeme al\u0131nd\u0131\u011f\u0131 bildirildi. D\u00fczenleme kapsam\u0131nda e\u011fer vergi tarifesinde g\u00fcncellemeye gidilirse \u00fccretlerin y\u0131l i\u00e7inde vergi dilimi nedeniyle d\u00fc\u015fmesi engellenecek. \u0130\u015fte detaylar&#8230; Meclis&#8217;te AK Parti grubunun farkl\u0131 kesimlerden gelen taleplerin ard\u0131ndan yeni vergi ve bor\u00e7 d\u00fczenlemesi haz\u0131rl\u0131\u011f\u0131 yapt\u0131\u011f\u0131 bildirildi. CNBC-e&#8217;den Hazal Ate\u015f&#8217;in haberine g\u00f6re T\u00fcrk-\u0130\u015f, [&hellip;]<\/p>\n","protected":false},"author":1,"featured_media":1390,"comment_status":"open","ping_status":"open","sticky":false,"template":"","format":"standard","meta":{"_jetpack_memberships_contains_paid_content":false,"footnotes":""},"categories":[3,33,1,8,2],"tags":[],"class_list":["post-1389","post","type-post","status-publish","format-standard","has-post-thumbnail","hentry","category-ekonomi","category-genel","category-gundem","category-siyaset","category-sondk"],"jetpack_featured_media_url":"https:\/\/yerelses.com.tr\/wp-content\/uploads\/2024\/11\/ak-parti-vergi-dilimi-guncellemesini-gundemine-aldi.jpg","jetpack_sharing_enabled":true,"_links":{"self":[{"href":"https:\/\/yerelses.com.tr\/index.php?rest_route=\/wp\/v2\/posts\/1389","targetHints":{"allow":["GET"]}}],"collection":[{"href":"https:\/\/yerelses.com.tr\/index.php?rest_route=\/wp\/v2\/posts"}],"about":[{"href":"https:\/\/yerelses.com.tr\/index.php?rest_route=\/wp\/v2\/types\/post"}],"author":[{"embeddable":true,"href":"https:\/\/yerelses.com.tr\/index.php?rest_route=\/wp\/v2\/users\/1"}],"replies":[{"embeddable":true,"href":"https:\/\/yerelses.com.tr\/index.php?rest_route=%2Fwp%2Fv2%2Fcomments&post=1389"}],"version-history":[{"count":1,"href":"https:\/\/yerelses.com.tr\/index.php?rest_route=\/wp\/v2\/posts\/1389\/revisions"}],"predecessor-version":[{"id":1391,"href":"https:\/\/yerelses.com.tr\/index.php?rest_route=\/wp\/v2\/posts\/1389\/revisions\/1391"}],"wp:featuredmedia":[{"embeddable":true,"href":"https:\/\/yerelses.com.tr\/index.php?rest_route=\/wp\/v2\/media\/1390"}],"wp:attachment":[{"href":"https:\/\/yerelses.com.tr\/index.php?rest_route=%2Fwp%2Fv2%2Fmedia&parent=1389"}],"wp:term":[{"taxonomy":"category","embeddable":true,"href":"https:\/\/yerelses.com.tr\/index.php?rest_route=%2Fwp%2Fv2%2Fcategories&post=1389"},{"taxonomy":"post_tag","embeddable":true,"href":"https:\/\/yerelses.com.tr\/index.php?rest_route=%2Fwp%2Fv2%2Ftags&post=1389"}],"curies":[{"name":"wp","href":"https:\/\/api.w.org\/{rel}","templated":true}]}}