{"id":1382,"date":"2024-11-21T15:25:32","date_gmt":"2024-11-21T15:25:32","guid":{"rendered":"https:\/\/yerelses.com.tr\/?p=1382"},"modified":"2024-11-21T15:25:32","modified_gmt":"2024-11-21T15:25:32","slug":"hafta-sonu-soguk-hava-ve-kar-yagisi-etkili-olacak","status":"publish","type":"post","link":"https:\/\/yerelses.com.tr\/?p=1382","title":{"rendered":"Hafta sonu so\u011fuk hava ve kar ya\u011f\u0131\u015f\u0131 etkili olacak"},"content":{"rendered":"<h2 class=\"description\" style=\"text-align: center;\">Meteoroloji Genel M\u00fcd\u00fcrl\u00fc\u011f\u00fc, hava s\u0131cakl\u0131klar\u0131n\u0131n cumartesi bat\u0131 kesimlerden ba\u015flayarak yurt genelinde 10 ila 15 derece, Karadeniz B\u00f6lgesi&#8217;nde yer yer 18 derece azalarak mevsim normalleri alt\u0131na inece\u011fini duyurdu.<\/h2>\n<p style=\"text-align: center;\">Meteorolojinin tahminlerine g\u00f6re, yurdun b\u00fcy\u00fck b\u00f6l\u00fcm\u00fcnde mevsim normalleri \u00fczerinde seyreden hava s\u0131cakl\u0131klar\u0131 cumartesi g\u00fcn\u00fc bat\u0131 kesimlerden ba\u015flayarak d\u00fc\u015fecek.<\/p>\n<p style=\"text-align: center;\">S\u0131cakl\u0131klar yurt genelinde 10 ila 15 derece, Karadeniz B\u00f6lgesi&#8217;nde yer yer 18 derece azalarak, mevsim normalleri alt\u0131na inecek.<\/p>\n<p style=\"text-align: center;\">Cumartesi g\u00fcn\u00fc Marmara, Ege, Bat\u0131 ve Orta Akdeniz, \u0130\u00e7 Anadolu&#8217;nun bat\u0131s\u0131, Bat\u0131 ve Orta Karadeniz ile Yozgat \u00e7evrelerinin aral\u0131kl\u0131 ya\u011f\u0131\u015fl\u0131 ge\u00e7ece\u011fi tahmin ediliyor.<\/p>\n<p style=\"text-align: center;\">Ya\u011f\u0131\u015flar\u0131n genellikle ya\u011fmur ve sa\u011fanak, K\u0131y\u0131 Ege ile Bat\u0131 Akdeniz k\u0131y\u0131lar\u0131nda yer yer g\u00f6k g\u00fcr\u00fclt\u00fcl\u00fc sa\u011fanak, Marmara&#8217;n\u0131n g\u00fcneybat\u0131s\u0131, Bat\u0131 Karadeniz&#8217;in i\u00e7 kesimleri ile ak\u015fam saatlerinden sonra i\u00e7 b\u00f6lgelerin y\u00fckseklerinde karla kar\u0131\u015f\u0131k ya\u011fmur ve kar \u015feklinde olmas\u0131 bekleniyor.<\/p>\n<p style=\"text-align: center;\">Pazar g\u00fcn\u00fc ilk saatlerden itibaren yurdun i\u00e7 kesimlerinde beklenen ya\u011f\u0131\u015flar, karla kar\u0131\u015f\u0131k ya\u011fmur ve kar \u015feklinde olacak.<\/p>\n<p style=\"text-align: center;\">Ya\u011f\u0131\u015fl\u0131 havan\u0131n zamanla do\u011fuya do\u011fru hareket ederek, \u00e7ar\u015famba g\u00fcn\u00fc yurdu terk edece\u011fi tahmin ediliyor.<\/p>\n<p style=\"text-align: center;\">Hafta sonunda baz\u0131 illerde ger\u00e7ekle\u015fmesi beklenen g\u00fcn\u00fcn en d\u00fc\u015f\u00fck ve en y\u00fcksek hava s\u0131cakl\u0131klar\u0131 \u015f\u00f6yle:<\/p>\n<p style=\"text-align: center;\">Ankara: -3\/2, \u0130stanbul: 3\/7, \u0130zmir: 4\/11, Antalya: 7\/15, Bursa: 0\/8, Eski\u015fehir: -5\/1, Konya: -5\/1, Kayseri: -10\/-2, Bolu: -2\/1, Samsun: 6\/9, Trabzon: 7\/10, Erzurum: -10\/-7, Diyarbak\u0131r: -4\/4.<\/p>\n<p style=\"text-align: center;\">Kaynak : Anadolu Ajans\u0131<\/p>\n","protected":false},"excerpt":{"rendered":"<p>Meteoroloji Genel M\u00fcd\u00fcrl\u00fc\u011f\u00fc, hava s\u0131cakl\u0131klar\u0131n\u0131n cumartesi bat\u0131 kesimlerden ba\u015flayarak yurt genelinde 10 ila 15 derece, Karadeniz B\u00f6lgesi&#8217;nde yer yer 18 derece azalarak mevsim normalleri alt\u0131na inece\u011fini duyurdu. Meteorolojinin tahminlerine g\u00f6re, yurdun b\u00fcy\u00fck b\u00f6l\u00fcm\u00fcnde mevsim normalleri \u00fczerinde seyreden hava s\u0131cakl\u0131klar\u0131 cumartesi g\u00fcn\u00fc bat\u0131 kesimlerden ba\u015flayarak d\u00fc\u015fecek. S\u0131cakl\u0131klar yurt genelinde 10 ila 15 derece, Karadeniz B\u00f6lgesi&#8217;nde yer [&hellip;]<\/p>\n","protected":false},"author":1,"featured_media":1383,"comment_status":"open","ping_status":"open","sticky":false,"template":"","format":"standard","meta":{"_jetpack_memberships_contains_paid_content":false,"footnotes":""},"categories":[33,1,2],"tags":[],"class_list":["post-1382","post","type-post","status-publish","format-standard","has-post-thumbnail","hentry","category-genel","category-gundem","category-sondk"],"jetpack_featured_media_url":"https:\/\/yerelses.com.tr\/wp-content\/uploads\/2024\/11\/hafta-sonu-soguk-hava-ve-kar-yagisi-etkili-olacak.jpg","jetpack_sharing_enabled":true,"_links":{"self":[{"href":"https:\/\/yerelses.com.tr\/index.php?rest_route=\/wp\/v2\/posts\/1382","targetHints":{"allow":["GET"]}}],"collection":[{"href":"https:\/\/yerelses.com.tr\/index.php?rest_route=\/wp\/v2\/posts"}],"about":[{"href":"https:\/\/yerelses.com.tr\/index.php?rest_route=\/wp\/v2\/types\/post"}],"author":[{"embeddable":true,"href":"https:\/\/yerelses.com.tr\/index.php?rest_route=\/wp\/v2\/users\/1"}],"replies":[{"embeddable":true,"href":"https:\/\/yerelses.com.tr\/index.php?rest_route=%2Fwp%2Fv2%2Fcomments&post=1382"}],"version-history":[{"count":2,"href":"https:\/\/yerelses.com.tr\/index.php?rest_route=\/wp\/v2\/posts\/1382\/revisions"}],"predecessor-version":[{"id":1385,"href":"https:\/\/yerelses.com.tr\/index.php?rest_route=\/wp\/v2\/posts\/1382\/revisions\/1385"}],"wp:featuredmedia":[{"embeddable":true,"href":"https:\/\/yerelses.com.tr\/index.php?rest_route=\/wp\/v2\/media\/1383"}],"wp:attachment":[{"href":"https:\/\/yerelses.com.tr\/index.php?rest_route=%2Fwp%2Fv2%2Fmedia&parent=1382"}],"wp:term":[{"taxonomy":"category","embeddable":true,"href":"https:\/\/yerelses.com.tr\/index.php?rest_route=%2Fwp%2Fv2%2Fcategories&post=1382"},{"taxonomy":"post_tag","embeddable":true,"href":"https:\/\/yerelses.com.tr\/index.php?rest_route=%2Fwp%2Fv2%2Ftags&post=1382"}],"curies":[{"name":"wp","href":"https:\/\/api.w.org\/{rel}","templated":true}]}}