{"id":1379,"date":"2024-11-21T15:24:29","date_gmt":"2024-11-21T15:24:29","guid":{"rendered":"https:\/\/yerelses.com.tr\/?p=1379"},"modified":"2024-11-21T15:24:29","modified_gmt":"2024-11-21T15:24:29","slug":"bakan-memisoglundan-istifasinin-istenmesine-yanit","status":"publish","type":"post","link":"https:\/\/yerelses.com.tr\/?p=1379","title":{"rendered":"Bakan Memi\u015fo\u011flu&#8217;ndan istifas\u0131n\u0131n istenmesine yan\u0131t"},"content":{"rendered":"<h2 class=\"description\" style=\"text-align: center;\">Sa\u011fl\u0131k Bakan\u0131 Kemal Memi\u015fo\u011flu, yenido\u011fan \u00e7etesine ili\u015fkin, &#8220;\u00c7eteyi ortaya \u00e7\u0131kartan, onu takiple delillendiren, bebeklerimizin \u00f6l\u00fcm\u00fcne engel olan bir ki\u015fiye niye istifa istenir? Onlar\u0131 yakalatt\u0131\u011f\u0131m\u0131z i\u00e7in mi?&#8221; ifadesini kulland\u0131.<\/h2>\n<p style=\"text-align: center;\">Memi\u015fo\u011flu, bir otelde d\u00fczenlenen 3. Uluslararas\u0131 Anadolu Ebeler Derne\u011fi Kongresi&#8217;nde yapt\u0131\u011f\u0131 konu\u015fmada, 60 binin \u00fczerinde ebesi bulunan, d\u00fcnyada en iyi sa\u011fl\u0131k hizmeti sunan, en kapsaml\u0131 sa\u011fl\u0131k hizmet sunumuyla d\u00fcnyaya \u00f6rnek olan sa\u011fl\u0131k ordusunun Bakan\u0131 olmaktan gurur duydu\u011funu s\u00f6yledi.<\/p>\n<p style=\"text-align: center;\">T\u00fcrkiye&#8217;deki sa\u011fl\u0131k hizmetlerinde \u00e7ok \u00f6nemli bir yerde olundu\u011funu vurgulayan Memi\u015fo\u011flu, &#8220;Biz T\u00fcrkiye&#8217;de d\u00fcnyan\u0131n en iyi sa\u011fl\u0131k hizmetini, en iyi sa\u011fl\u0131k \u00e7al\u0131\u015fanlar\u0131yla, en iyi alt yap\u0131ya sahip olarak veren bir \u00fclkeyiz. Biz, d\u00fcnyan\u0131n en iyi sa\u011fl\u0131k hizmetini sunan \u00fclkelerden biriyiz.&#8221; ifadelerini kulland\u0131.<\/p>\n<p style=\"text-align: center;\">Memi\u015fo\u011flu, bu ba\u015far\u0131n\u0131n alt\u0131nda sa\u011fl\u0131k \u00e7al\u0131\u015fanlar\u0131n\u0131n yatt\u0131\u011f\u0131na i\u015faret ederek, &#8220;Bu Say\u0131n Cumhurba\u015fkan\u0131&#8217;m\u0131z\u0131n iradesi ve vizyonuyla oldu.&#8221; dedi.<\/p>\n<p style=\"text-align: center;\">&#8211; &#8220;Ebelik, \u00e7ok kutsald\u0131r ve adanm\u0131\u015fl\u0131k mesle\u011fidir&#8221;<\/p>\n<p style=\"text-align: center;\">Do\u011fum y\u00f6ntemlerine ili\u015fkin de\u011ferlendirmelerde bulunan Memi\u015fo\u011flu, sezaryenin do\u011fum y\u00f6ntemi de\u011fil, ameliyat y\u00f6ntemi oldu\u011funa dikkati \u00e7ekerek, \u015f\u00f6yle devam etti:<\/p>\n<p style=\"text-align: center;\">&#8220;2023 senesinde 953 bin do\u011fum var ve bunlar\u0131n maalesef y\u00fczde 50&#8217;sinin \u00fczeri sezaryen. Sezaryen, do\u011fal ve normal olmayan\u0131d\u0131r. Sezaryen, t\u0131bbi olarak do\u011fum eylemini ger\u00e7ekle\u015ftirme anlam\u0131nda endikasyon dedi\u011fimiz t\u0131bbi gereklilik durumunda, 10 do\u011fumdan en fazla 1,5&#8217;unda olmas\u0131 gereken ameliyat t\u00fcr\u00fc. Ebenin g\u00f6revi de do\u011fum eylemini yapt\u0131rtmakt\u0131r. Ebelik, \u00e7ok kutsald\u0131r ve adanm\u0131\u015fl\u0131k mesle\u011fidir. En b\u00fcy\u00fck mutlulu\u011fumuz, bebekle annenin ilk kar\u015f\u0131la\u015fmas\u0131, birle\u015fmesi, duygusal ili\u015fkisi, hastan\u0131n iyile\u015fmesi, ameliyat edilen ki\u015finin y\u00fcr\u00fcyerek hastaneden \u00e7\u0131kabilmesidir. Biz sa\u011fl\u0131k\u00e7\u0131lar hep iyilik taraf\u0131nday\u0131z ve 1,5 milyon sa\u011fl\u0131k\u00e7\u0131m\u0131z T\u00fcrkiye&#8217;nin y\u00fcz ak\u0131d\u0131r.<\/p>\n<p style=\"text-align: center;\">Her meslekte, her grupta oldu\u011fu gibi \u00e7ok az da olsa k\u00f6t\u00fcler \u00e7\u0131kacakt\u0131r. Bizim g\u00f6revimiz, bu k\u00f6t\u00fcleri ay\u0131klamak ve onlara gerekli cezay\u0131 vermektir. Maalesef bazen iftiralar oluyor. Bunlardan biz asla y\u0131lmay\u0131z. O nedenle k\u00f6t\u00fcl\u00fc\u011f\u00fc ortaya \u00e7\u0131kar\u0131p, k\u00f6t\u00fcl\u00fckle m\u00fccadele ederken, k\u00f6t\u00fcl\u00fc\u011f\u00fcn iftiras\u0131yla da k\u00f6t\u00fcl\u00fc\u011f\u00fcn yalanlar\u0131yla da m\u00fccadele etmeye haz\u0131r\u0131z. Bundan hi\u00e7 vazge\u00e7medik, hi\u00e7 vazge\u00e7meyece\u011fiz. Ne atam\u0131z vazge\u00e7ti ne ecdad\u0131m\u0131z vazge\u00e7ti ne de gelecek vazge\u00e7ecek. Bu kadar net.&#8221;<\/p>\n<p style=\"text-align: center;\">&#8211; &#8220;Do\u011furganl\u0131k oran\u0131m\u0131z e\u011fer 2&#8217;nin alt\u0131na d\u00fc\u015fm\u00fc\u015fse toplumumuz azal\u0131yor demektir&#8221;<\/p>\n<p style=\"text-align: center;\">Ebelerin \u00f6zl\u00fck haklar\u0131na ili\u015fkin y\u00fcr\u00fct\u00fclen \u00e7al\u0131\u015fmalar hakk\u0131nda da bilgi veren Memi\u015fo\u011flu, 2002&#8217;de 100 bin do\u011fumda kaybedilen anne say\u0131s\u0131n\u0131n 64 oldu\u011funu, bu say\u0131n\u0131n 13&#8217;lere d\u00fc\u015ft\u00fc\u011f\u00fcn\u00fc an\u0131msatt\u0131.<\/p>\n<p style=\"text-align: center;\">\n<div id=\"zone-pharagraphs1\" class=\"widget-article\" style=\"text-align: center;\"><\/div>\n<p style=\"text-align: center;\">\n<p style=\"text-align: center;\">Memi\u015fo\u011flu, 2002&#8217;de bin canl\u0131 do\u011fumda bebeklerin 30,5&#8217;inin hayat\u0131n\u0131 kaybetti\u011fine de\u011finerek, &#8220;Bug\u00fcn 9,2&#8217;sini kaybediyoruz. Bu oranlardaki d\u00fc\u015fme hepimizin ba\u015far\u0131s\u0131d\u0131r. D\u00fcnya standartlar\u0131na g\u00f6re geli\u015fmi\u015f \u00fclkelerin ba\u015far\u0131s\u0131n\u0131 elde etmi\u015f durumday\u0131z.&#8221; diye konu\u015ftu.<\/p>\n<p style=\"text-align: center;\">Art\u0131k hastanelerde, evde do\u011fum yap\u0131l\u0131yor gibi konfor sunan bir hizmet verildi\u011finin alt\u0131n\u0131 \u00e7izen Memi\u015fo\u011flu, \u015funlar\u0131 kaydetti:<\/p>\n<p style=\"text-align: center;\">&#8220;Bu ay sonuna kadar ebelikle ilgili y\u00f6netmeli\u011fimiz de \u00e7\u0131km\u0131\u015f olacakt\u0131r. \u00d6zellikle do\u011fumhanede \u00e7al\u0131\u015fan ebelerle ilgili iyile\u015ftirme ve d\u00fczeltme \u00e7al\u0131\u015fmalar\u0131m\u0131z da \u00e7ok yak\u0131n zamanda uygulamaya ge\u00e7ecektir. Y\u00fcksek\u00f6\u011fretim Kurulu ile de 20 g\u00fcn \u00f6nce sa\u011fl\u0131k e\u011fitimi ve uygulamalar\u0131yla ilgi bir ortak kurul olu\u015fturduk.&#8221;<\/p>\n<p style=\"text-align: center;\">Memi\u015fo\u011flu, toplumda obezite ve hareketsizlik, ba\u011f\u0131ml\u0131l\u0131k ve do\u011furganl\u0131k oranlar\u0131n\u0131n d\u00fc\u015f\u00fck olmas\u0131na ili\u015fkin sorunlar oldu\u011funu belirtti. Do\u011furganl\u0131k oranlar\u0131n\u0131n azalmas\u0131n\u0131n, toplumun ya\u015flanaca\u011f\u0131 anlam\u0131na de\u011fil azalaca\u011f\u0131 anlam\u0131na geldi\u011fini ifade eden Memi\u015fo\u011flu, &#8220;Do\u011furganl\u0131k oran\u0131m\u0131z e\u011fer 2&#8217;nin alt\u0131na d\u00fc\u015fm\u00fc\u015fse toplumumuz azal\u0131yor demektir.&#8221; dedi.<\/p>\n<p style=\"text-align: center;\">&#8211; &#8220;Ebelerden, anne adaylar\u0131n\u0131 do\u011fuma haz\u0131rlamalar\u0131n\u0131 istiyoruz&#8221;<\/p>\n<p style=\"text-align: center;\">\n<div id=\"zone-pharagraphs2\" class=\"widget-article\" style=\"text-align: center;\"><\/div>\n<p style=\"text-align: center;\">\n<p style=\"text-align: center;\">Bakan Memi\u015fo\u011flu, gen\u00e7 n\u00fcfus oldu\u011funda \u00fcretimin de s\u00fcrd\u00fcr\u00fclebilir \u015fekilde artaca\u011f\u0131n\u0131 vurgulayarak, s\u00f6zlerini \u015f\u00f6yle s\u00fcrd\u00fcrd\u00fc:<\/p>\n<p style=\"text-align: center;\">&#8220;Onun i\u00e7in k\u00f6t\u00fclere direnebiliyor, &#8216;d\u00fcnya 5&#8217;ten b\u00fcy\u00fckt\u00fcr&#8217; diyebiliyoruz. Ama bunu demememizi isteyenler bize iftara da atacak, k\u00f6t\u00fcl\u00fck de yapacak. Su\u00e7 \u00f6rg\u00fct\u00fcn\u00fc \u00e7\u0131karan adama, &#8216;Sen niye \u00e7\u0131kard\u0131n?&#8217; diye iftira da atacaklar, biz buna da kabul\u00fcz. &#8216;Niye do\u011furganl\u0131k oran\u0131m\u0131z\u0131 artt\u0131rm\u0131yoruz?&#8217; diyenlere de k\u0131zacaklar, buna al\u0131\u015f\u0131\u011f\u0131z. Ama bunlar\u0131 demeye devam edece\u011fiz.<\/p>\n<p style=\"text-align: center;\">Sizden bir \u015fey istiyorum. Biz mevzuat\u0131n\u0131 haz\u0131rl\u0131yoruz ve yetkisini de veriyoruz. Anneler, hamilelik boyunca duygusald\u0131r ve deste\u011fe ihtiyac\u0131 vard\u0131r. Ama sa\u011fda, solda hayat\u0131nda do\u011fum g\u00f6rmemi\u015f, do\u011fum da yapmam\u0131\u015f &#8216;Ben \u015fu ko\u00e7uyum, bu ko\u00e7uyum&#8217; diyenlerden de\u011fil, ebelerden, bu mesle\u011fi yapan ebelerden anne adaylar\u0131n\u0131 do\u011fuma haz\u0131rlamalar\u0131n\u0131 istiyoruz. Siz ebelerden, y\u00fczde 50 oran\u0131nda sezaryen oran\u0131n\u0131 y\u00fczde 20&#8217;nin alt\u0131na d\u00fc\u015f\u00fcrmenizi istiyoruz. Ben Bakan olarak sizin emrinizdeyim.&#8221;<\/p>\n<p style=\"text-align: center;\">&#8211; &#8220;Bebeklerimizin \u00f6l\u00fcm\u00fcne engel olan bir ki\u015fiye niye istifa istenir&#8221;<\/p>\n<p style=\"text-align: center;\">Memi\u015fo\u011flu, konu\u015fmas\u0131n\u0131n ard\u0131ndan, \u00e7\u0131k\u0131\u015fta bir gazetecinin, &#8220;yenido\u011fan \u00e7etesine&#8221; ili\u015fkin de\u011ferlendirmesini sormas\u0131 \u00fczerine, &#8220;\u00c7eteyi ortaya \u00e7\u0131kartan, onu takiple delillendiren, bebeklerimizin \u00f6l\u00fcm\u00fcne engel olan bir ki\u015fiye niye istifa istenir? Onlar\u0131 yakalatt\u0131\u011f\u0131m\u0131z i\u00e7in mi?&#8221; ifadelerini kulland\u0131.<\/p>\n<p style=\"text-align: center;\">\n<div id=\"zone-pharagraphs3\" class=\"widget-article\" style=\"text-align: center;\"><\/div>\n<p style=\"text-align: center;\">\n<p style=\"text-align: center;\">Cumhurba\u015fkan\u0131 Recep Tayyip Erdo\u011fan&#8217;\u0131n e\u015fi Emine Erdo\u011fan da &#8220;Uluslararas\u0131 Anadolu Ebeler Derne\u011fi Kongresi&#8221;ne telgraf mesaj\u0131 g\u00f6nderdi.<\/p>\n<p style=\"text-align: center;\">Anadolu Ebeler Derne\u011fi Ba\u015fkan\u0131 Nesibe \u00dczel de konu\u015fmas\u0131nda, ebeli\u011fin \u00f6nemine dikkati \u00e7ekti ve bu alanda daha kaliteli hizmet verilebilmesi i\u00e7in yap\u0131lmas\u0131 gerekenlere ili\u015fkin de\u011ferlendirmelerde bulundu.<\/p>\n<p style=\"text-align: center;\">Kongrenin a\u00e7\u0131l\u0131\u015f\u0131nda, K\u00fclt\u00fcr ve Turizm Bakanl\u0131\u011f\u0131 G\u00fczel Sanatlar Genel M\u00fcd\u00fcrl\u00fc\u011f\u00fcne ba\u011fl\u0131 sanat\u00e7\u0131lar k\u0131sa bir konser verdi.<\/p>\n<p style=\"text-align: center;\">Cumhuriyetin ilk y\u0131llar\u0131ndan itibaren ebelik e\u011fitimi verilen okullardaki \u00f6\u011frenciler ile farkl\u0131 illerdeki ebelerin giydi\u011fi formalar, mini bir defileyle sunuldu. Bakan Memi\u015fo\u011flu da defilenin sonunda sahneye \u00e7\u0131karak, defileyi sunan mankenlerle foto\u011fraf \u00e7ektirdi.<\/p>\n<p style=\"text-align: center;\">Kaynak : Anadolu Ajans\u0131<\/p>\n","protected":false},"excerpt":{"rendered":"<p>Sa\u011fl\u0131k Bakan\u0131 Kemal Memi\u015fo\u011flu, yenido\u011fan \u00e7etesine ili\u015fkin, &#8220;\u00c7eteyi ortaya \u00e7\u0131kartan, onu takiple delillendiren, bebeklerimizin \u00f6l\u00fcm\u00fcne engel olan bir ki\u015fiye niye istifa istenir? Onlar\u0131 yakalatt\u0131\u011f\u0131m\u0131z i\u00e7in mi?&#8221; ifadesini kulland\u0131. Memi\u015fo\u011flu, bir otelde d\u00fczenlenen 3. Uluslararas\u0131 Anadolu Ebeler Derne\u011fi Kongresi&#8217;nde yapt\u0131\u011f\u0131 konu\u015fmada, 60 binin \u00fczerinde ebesi bulunan, d\u00fcnyada en iyi sa\u011fl\u0131k hizmeti sunan, en kapsaml\u0131 sa\u011fl\u0131k hizmet [&hellip;]<\/p>\n","protected":false},"author":1,"featured_media":1380,"comment_status":"open","ping_status":"open","sticky":false,"template":"","format":"standard","meta":{"_jetpack_memberships_contains_paid_content":false,"footnotes":""},"categories":[33,1,8,2],"tags":[],"class_list":["post-1379","post","type-post","status-publish","format-standard","has-post-thumbnail","hentry","category-genel","category-gundem","category-siyaset","category-sondk"],"jetpack_featured_media_url":"https:\/\/yerelses.com.tr\/wp-content\/uploads\/2024\/11\/bakan-memisoglu-ndan-istifasinin-istenmesine-yanit.jpg","jetpack_sharing_enabled":true,"_links":{"self":[{"href":"https:\/\/yerelses.com.tr\/index.php?rest_route=\/wp\/v2\/posts\/1379","targetHints":{"allow":["GET"]}}],"collection":[{"href":"https:\/\/yerelses.com.tr\/index.php?rest_route=\/wp\/v2\/posts"}],"about":[{"href":"https:\/\/yerelses.com.tr\/index.php?rest_route=\/wp\/v2\/types\/post"}],"author":[{"embeddable":true,"href":"https:\/\/yerelses.com.tr\/index.php?rest_route=\/wp\/v2\/users\/1"}],"replies":[{"embeddable":true,"href":"https:\/\/yerelses.com.tr\/index.php?rest_route=%2Fwp%2Fv2%2Fcomments&post=1379"}],"version-history":[{"count":1,"href":"https:\/\/yerelses.com.tr\/index.php?rest_route=\/wp\/v2\/posts\/1379\/revisions"}],"predecessor-version":[{"id":1381,"href":"https:\/\/yerelses.com.tr\/index.php?rest_route=\/wp\/v2\/posts\/1379\/revisions\/1381"}],"wp:featuredmedia":[{"embeddable":true,"href":"https:\/\/yerelses.com.tr\/index.php?rest_route=\/wp\/v2\/media\/1380"}],"wp:attachment":[{"href":"https:\/\/yerelses.com.tr\/index.php?rest_route=%2Fwp%2Fv2%2Fmedia&parent=1379"}],"wp:term":[{"taxonomy":"category","embeddable":true,"href":"https:\/\/yerelses.com.tr\/index.php?rest_route=%2Fwp%2Fv2%2Fcategories&post=1379"},{"taxonomy":"post_tag","embeddable":true,"href":"https:\/\/yerelses.com.tr\/index.php?rest_route=%2Fwp%2Fv2%2Ftags&post=1379"}],"curies":[{"name":"wp","href":"https:\/\/api.w.org\/{rel}","templated":true}]}}