{"id":1367,"date":"2024-11-19T15:14:09","date_gmt":"2024-11-19T15:14:09","guid":{"rendered":"https:\/\/yerelses.com.tr\/?p=1367"},"modified":"2024-11-19T15:14:09","modified_gmt":"2024-11-19T15:14:09","slug":"bakan-memisoglu-bizim-icin-bu-curuk-elma-operasyonu","status":"publish","type":"post","link":"https:\/\/yerelses.com.tr\/?p=1367","title":{"rendered":"Bakan Memi\u015fo\u011flu: Bizim i\u00e7in bu \u00e7\u00fcr\u00fck elma operasyonu"},"content":{"rendered":"<h2 class=\"description\" style=\"text-align: center;\">Sa\u011fl\u0131k Bakan\u0131 Kemal Memi\u015fo\u011flu, &#8220;yenido\u011fan \u00e7etesi&#8221;ne ili\u015fkin &#8216;Bizim i\u00e7in bu operasyonun ad\u0131, &#8216;\u00e7\u00fcr\u00fck elma operasyonu&#8217;; \u00e7etenin ad\u0131 da &#8216;insanl\u0131ktan nasibini almam\u0131\u015flar \u00e7etesi&#8217;dir. \u00c7ocuklar\u0131m\u0131z\u0131n sa\u011fl\u0131\u011f\u0131 ve g\u00fcvenli\u011fi konusunda duydu\u011fumuz endi\u015fe her \u015feyin \u00f6tesindedir&#8217; dedi<\/h2>\n<p style=\"text-align: center;\">TBMM (AA) &#8211; Sa\u011fl\u0131k Bakan\u0131 Kemal Memi\u015fo\u011flu, &#8220;yenido\u011fan \u00e7etesi&#8221;ne ili\u015fkin &#8220;Bizim i\u00e7in bu operasyonun ad\u0131, &#8216;\u00e7\u00fcr\u00fck elma operasyonu&#8217;; \u00e7etenin ad\u0131 da &#8216;insanl\u0131ktan nasibini almam\u0131\u015flar \u00e7etesi&#8217;dir. \u00c7ocuklar\u0131m\u0131z\u0131n sa\u011fl\u0131\u011f\u0131 ve g\u00fcvenli\u011fi konusunda duydu\u011fumuz endi\u015fe her \u015feyin \u00f6tesindedir.&#8221; dedi.<\/p>\n<p style=\"text-align: center;\">Memi\u015fo\u011flu, TBMM Plan ve B\u00fct\u00e7e Komisyonunda, Bakanl\u0131\u011f\u0131n\u0131n 2025 y\u0131l\u0131 b\u00fct\u00e7esinin sunumunda, y\u00fcksek teknolojiye sahip cihaz kapasitesini her ge\u00e7en g\u00fcn art\u0131rd\u0131klar\u0131n\u0131, halihaz\u0131rda 1026 MR, 1381 BT, 230 LINAC, 174 PET CT, 27 Tomoterapi, 43 Brakiterapi ve 19 Cyberknife cihaz\u0131n\u0131n hastanelerde bulundu\u011funu anlatt\u0131.<\/p>\n<p style=\"text-align: center;\">Sa\u011fl\u0131k sekt\u00f6r\u00fcnde \u00f6zellikli hizmetlere ula\u015f\u0131labilirli\u011fi kolayla\u015ft\u0131rmak i\u00e7in de \u00e7al\u0131\u015ft\u0131klar\u0131n\u0131 vurgulayan Memi\u015fo\u011flu, 59 Hiperbarik Oksijen Tedavi Merkezi, 330 Eri\u015fkin ve Pediatrik KVC Merkezi, 118 Kemik \u0130li\u011fi Transplantasyon Merkezi, 45 Robotik Cerrahi Merkezi ve 174 \u00dcremeye Yard\u0131mc\u0131 Tedavi Merkezinin vatanda\u015flar\u0131n hizmetine sunuldu\u011funu ifade etti.<\/p>\n<p style=\"text-align: center;\">Bakan Memi\u015fo\u011flu, 63 Eri\u015fkin ve \u00c7ocuk Ar\u0131nd\u0131rma Merkezi, 79 Ayakta Ar\u0131nd\u0131rma Merkezi ve 16 Ba\u011f\u0131ml\u0131 Hastalar i\u00e7in Rehabilitasyon Merkezinin hizmet verdi\u011fini, bunlar\u0131n say\u0131s\u0131n\u0131n art\u0131r\u0131lmas\u0131na y\u00f6nelik \u00e7al\u0131\u015fmalar\u0131n s\u00fcrd\u00fc\u011f\u00fcn\u00fc dile getirerek, y\u00fcksek donan\u0131m kapasitesiyle hizmet veren yo\u011fun bak\u0131m yatak say\u0131s\u0131n\u0131n 48 bini a\u015ft\u0131\u011f\u0131n\u0131, Kovid-19 d\u00f6neminde yo\u011fun bak\u0131m yatak say\u0131s\u0131n\u0131n 1,5 kat art\u0131r\u0131ld\u0131\u011f\u0131n\u0131 kaydetti.<\/p>\n<p style=\"text-align: center;\">&#8211; Sa\u011fl\u0131k sekt\u00f6r\u00fcne 9 ayda 796 milyon kez m\u00fcracaat edildi<\/p>\n<p style=\"text-align: center;\">Sa\u011fl\u0131k Bakan\u0131 Memi\u015fo\u011flu, vatanda\u015flar\u0131n sa\u011fl\u0131k hizmeti ba\u015fvurular\u0131na de\u011finerek, &#8220;2023&#8217;te 973 milyon kez sa\u011fl\u0131k hizmetine m\u00fcracaat oldu, bunlar\u0131n y\u00fczde 88&#8217;i Bakanl\u0131\u011f\u0131m\u0131za ba\u011fl\u0131 kurulu\u015flara yap\u0131ld\u0131. 2024&#8217;\u00fcn 9 ay\u0131nda ise 796 milyon kez m\u00fcracaat oldu; 10 milyon 655 bin hastam\u0131z yatarak tedavi g\u00f6rd\u00fc.&#8221; diye konu\u015ftu.<\/p>\n<p style=\"text-align: center;\">Bu y\u0131l\u0131n 9 ay\u0131nda A, B, C grubu hastanelerde 4,6 milyon ameliyat ger\u00e7ekle\u015ftirildi\u011fini bildiren Memi\u015fo\u011flu, \u015fu bilgileri payla\u015ft\u0131:<\/p>\n<p style=\"text-align: center;\">&#8220;Acil sa\u011fl\u0131k hizmetlerinde 5 bin 668 ambulans ve 3 bin 494 acil yard\u0131m istasyonu ile hizmet veriyoruz. 2024&#8217;te 6 milyona yak\u0131n vatanda\u015f\u0131m\u0131z\u0131 ambulanslar\u0131m\u0131zla sa\u011fl\u0131k tesislerimize naklettik. 42 ilimizde, 25 Yan\u0131k Merkezimiz ve 36 Yan\u0131k \u00dcnitemizle toplam 711 yan\u0131k yata\u011f\u0131 kapasitesine sahibiz. Engelli, ya\u015fl\u0131 ve kronik hastal\u0131klar\u0131 nedeniyle eve, yata\u011fa ve cihaza ba\u011f\u0131ml\u0131 olan vatanda\u015flar\u0131m\u0131z\u0131 yaln\u0131z b\u0131rakm\u0131yoruz. 2012&#8217;den bu yana yakla\u015f\u0131k 2 milyon 682 bin hastam\u0131za ziyaret ger\u00e7ekle\u015ftirdik.&#8221;<\/p>\n<p style=\"text-align: center;\">&#8211; &#8220;2024&#8217;\u00fcn 10 ay\u0131nda 4 bin 548 organ nakli ger\u00e7ekle\u015ftirildi&#8221;<\/p>\n<p style=\"text-align: center;\">\n<div id=\"zone-pharagraphs1\" class=\"widget-article\" style=\"text-align: center;\"><\/div>\n<p style=\"text-align: center;\">\n<p style=\"text-align: center;\">Bakan Memi\u015fo\u011flu, 81 ilde afet ve acil durumlarda ilk m\u00fcdahaleyi ger\u00e7ekle\u015ftirecek 30 b\u00f6lge koordinat\u00f6rl\u00fc\u011f\u00fcn\u00fcn bulundu\u011funu, olas\u0131 Marmara depremi ve \u00e7e\u015fitli afetlere d\u00f6n\u00fck sa\u011fl\u0131k hizmetleri planlamalar\u0131 ve tatbikatlar\u0131n\u0131 yapt\u0131klar\u0131n\u0131 anlatt\u0131.<\/p>\n<p style=\"text-align: center;\">Memi\u015fo\u011flu, &#8220;75 b\u00f6brek, 52 karaci\u011fer, 15 kalp, 9 pankreas, 2 akci\u011fer nakil merkezimizle sadece 2024&#8217;\u00fcn 10 ay\u0131nda 4 bin 548 organ nakli ger\u00e7ekle\u015ftirildi. Organ ve doku ba\u011f\u0131\u015f\u0131 konusunda toplumsal duyarl\u0131l\u0131\u011f\u0131 art\u0131rmak \u00fczere ulusal ve b\u00f6lgesel projeler ger\u00e7ekle\u015ftiriyoruz. G\u00f6n\u00fcll\u00fc ba\u011f\u0131\u015f\u00e7\u0131 say\u0131m\u0131z 1 milyon 632 bini a\u015ft\u0131. Yurt i\u00e7indeki akraba d\u0131\u015f\u0131 k\u00f6k h\u00fccre nakillerinin y\u00fczde 90&#8217;\u0131n\u0131 T\u00dcRK\u00d6K arac\u0131l\u0131\u011f\u0131yla sa\u011fl\u0131yoruz.&#8221; ifadesini kulland\u0131.<\/p>\n<p style=\"text-align: center;\">&#8211; &#8220;11 binden fazla nadir hastal\u0131k tan\u0131l\u0131 vatanda\u015f\u0131m\u0131z\u0131 kay\u0131t alt\u0131na ald\u0131k&#8221;<\/p>\n<p style=\"text-align: center;\">Nadir hastal\u0131klara y\u00f6nelik \u00e7al\u0131\u015fmalar hakk\u0131nda da bilgi veren Memi\u015fo\u011flu, &#8220;Nadir Hastal\u0131klar Ulusal Kay\u0131t Sistemi&#8217;ni kurduk ve \u00f6nemli bir veri taban\u0131 olu\u015fturduk. B\u00f6ylece nadir hastal\u0131\u011f\u0131 olan hastalar\u0131n takibini kolayla\u015ft\u0131rd\u0131k. Bu sistemle bug\u00fcne kadar 11 binden fazla nadir hastal\u0131k tan\u0131l\u0131 vatanda\u015f\u0131m\u0131z\u0131 kay\u0131t alt\u0131na ald\u0131k. Y\u00fcr\u00fctt\u00fc\u011f\u00fcm\u00fcz Otizm Tarama Programlar\u0131 ile 2,5 milyon \u00e7ocu\u011fumuzu tarad\u0131k.&#8221; dedi.<\/p>\n<p style=\"text-align: center;\">&#8211; &#8220;Yeni a\u015f\u0131lar \u00fcretmek \u00fczere bir ekosistem olu\u015fturuyoruz&#8221;<\/p>\n<p style=\"text-align: center;\">\n<div id=\"zone-pharagraphs2\" class=\"widget-article\" style=\"text-align: center;\"><\/div>\n<p style=\"text-align: center;\">\n<p style=\"text-align: center;\">Bakan Memi\u015fo\u011flu, sa\u011fl\u0131kta AR-GE ve \u00dcR-GE projelerine de destek olundu\u011funa i\u015faret ederek, s\u00f6zlerini \u015f\u00f6yle s\u00fcrd\u00fcrd\u00fc:<\/p>\n<p style=\"text-align: center;\">&#8220;2025 y\u0131l\u0131 itibar\u0131yla 1600 projeyi destekliyor ve yakla\u015f\u0131k 2 milyar 153 milyon lira AR-GE finansman\u0131 sa\u011flam\u0131\u015f oluyoruz. D\u00fcnyada Kovid-19 pandemisinde a\u015f\u0131 \u00fcretebilen ilk 7 \u00fclkeden birisi olan \u00fclkemizde, yeni a\u015f\u0131lar \u00fcretmek \u00fczere bir ekosistem olu\u015fturuyoruz. T\u00fcrkiye&#8217;nin kendi ihtiyac\u0131 olan a\u015f\u0131lar\u0131 \u00fclkemize kazand\u0131r\u0131yoruz. Orta vadeli hedefimiz ise \u00fclkemizi a\u015f\u0131lar\u0131 sadece t\u00fcketen de\u011fil, \u00fcretip ihra\u00e7 eden bir \u00fclke haline getirmektir. Vatanda\u015flar\u0131m\u0131z\u0131n kulland\u0131\u011f\u0131 ila\u00e7lar\u0131n, kutu baz\u0131nda yakla\u015f\u0131k y\u00fczde 91&#8217;ini, de\u011fer baz\u0131nda ise yakla\u015f\u0131k y\u00fczde 57&#8217;sini \u00fclkemizde \u00fcretiyoruz.&#8221;<\/p>\n<p style=\"text-align: center;\">&#8211; Y\u0131lda 41 milyona yak\u0131n insan kronik hastal\u0131klar nedeniyle vefat ediyor<\/p>\n<p style=\"text-align: center;\">Memi\u015fo\u011flu, d\u00fcnya n\u00fcfusunun h\u0131zla artmas\u0131 ve ya\u015flanmas\u0131n\u0131n sa\u011fl\u0131k hizmetlerine y\u00f6nelik talebi art\u0131rd\u0131\u011f\u0131na; yak\u0131n d\u00f6nemin en b\u00fcy\u00fck k\u0131r\u0131lmalar\u0131ndan birinin Kovid-19 salg\u0131n\u0131nda ya\u015fand\u0131\u011f\u0131na dikkati \u00e7ekerek, &#8220;\u0130\u00e7inde bulundu\u011fumuz, &#8216;kronik hastal\u0131klar asr\u0131&#8217; olarak bilinen devirde, her y\u0131l 41 milyona yak\u0131n insan bu sebeple hayat\u0131n\u0131 kaybediyor. Dolay\u0131s\u0131yla sa\u011fl\u0131k sistemleri kurgulan\u0131rken, de\u011fi\u015fen hastal\u0131k y\u00fck\u00fcn\u00fc de dikkate almak gerekiyor.&#8221; de\u011ferlendirmesinde bulundu.<\/p>\n<p style=\"text-align: center;\">Sa\u011fl\u0131k sistemlerinin kriz y\u00f6netme kabiliyetlerinin daha kapsaml\u0131 ve ayr\u0131nt\u0131l\u0131 \u015fekilde planlanmas\u0131 ve donat\u0131lmas\u0131 gerekti\u011finin ortaya \u00e7\u0131kt\u0131\u011f\u0131n\u0131 belirten Memi\u015fo\u011flu, salg\u0131nla beraber toplumun sa\u011fl\u0131k fark\u0131ndal\u0131\u011f\u0131n\u0131n artt\u0131\u011f\u0131n\u0131, koruyucu sa\u011fl\u0131k hizmetlerinin \u00f6neminin bir kez daha anla\u015f\u0131ld\u0131\u011f\u0131n\u0131 dile getirdi.<\/p>\n<p style=\"text-align: center;\">\n<div id=\"zone-pharagraphs3\" class=\"widget-article\" style=\"text-align: center;\"><\/div>\n<p style=\"text-align: center;\">\n<p style=\"text-align: center;\">Kemal Memi\u015fo\u011flu, Cumhurba\u015fkan\u0131 Recep Tayyip Erdo\u011fan&#8217;\u0131n &#8220;\u015fehir hastaneleri&#8221; vizyonunun ne kadar \u00f6nemli oldu\u011funun da salg\u0131n s\u00fcrecinde ortaya \u00e7\u0131kt\u0131\u011f\u0131na dikkati \u00e7ekti.<\/p>\n<p style=\"text-align: center;\">&#8211; &#8220;\u0130nsanl\u0131ktan nasibini almam\u0131\u015flar \u00e7etesi&#8221;<\/p>\n<p style=\"text-align: center;\">Bakan Memi\u015fo\u011flu, &#8220;yenido\u011fan \u00e7etesi&#8221;ne ili\u015fkin ise \u015fu ifadeleri kulland\u0131:<\/p>\n<p style=\"text-align: center;\">&#8220;Yak\u0131n zamanda \u00fclkemizde baz\u0131 yenido\u011fan birimlerinde ya\u015fanan ve hepimizi derinden \u00fczen hadiseye de de\u011finmek istiyorum. Ancak yarg\u0131ya intikal etmi\u015f, soru\u015fturma a\u015famas\u0131ndan kovu\u015fturma a\u015famas\u0131na ge\u00e7ilmi\u015f bir dosya oldu\u011fu i\u00e7in detaylara giremeyece\u011fim. Bizim i\u00e7in bu operasyonun ad\u0131, &#8216;\u00e7\u00fcr\u00fck elma operasyonu&#8217;, \u00e7etenin ad\u0131 da &#8216;insanl\u0131ktan nasibini almam\u0131\u015flar \u00e7etesi&#8217;dir. \u00c7ocuklar\u0131m\u0131z\u0131n sa\u011fl\u0131\u011f\u0131 ve g\u00fcvenli\u011fi konusunda duydu\u011fumuz endi\u015fe her \u015feyin \u00f6tesindedir. Biz hekimlerin meslek yemini, hayat\u0131 korumak ve insan sa\u011fl\u0131\u011f\u0131n\u0131 her \u015feyin \u00fcst\u00fcnde tutmakt\u0131r. Bu yemine ayk\u0131r\u0131 d\u00fc\u015fecek hi\u00e7bir \u015feye m\u00fcsaade etmedik, etmeyece\u011fiz.<\/p>\n<p style=\"text-align: center;\">Sa\u011fl\u0131k Bakanl\u0131\u011f\u0131 olarak vatanda\u015flar\u0131m\u0131z\u0131n sa\u011fl\u0131\u011f\u0131n\u0131 tehlikeye atabilecek uygulamalara m\u00fcsaade etmeyece\u011fimizi kesin bir dille belirtiyoruz. Her zaman oldu\u011fu gibi yasa d\u0131\u015f\u0131l\u0131k ve usuls\u00fczl\u00fcklerle m\u00fccadele ettik ve m\u00fccadele etmeye devam edece\u011fiz.&#8221;<\/p>\n<p style=\"text-align: center;\">Memi\u015fo\u011flu, bu kapsamda, idari denetimlere ilaveten bilim insanlar\u0131yla kan\u0131ta dayal\u0131 t\u0131p uygulamalar\u0131 ve risk y\u00f6netimini ihtiva eden yeni bir denetim modelini hayata ge\u00e7irdiklerine dikkati \u00e7ekerek, &#8220;Yenido\u011fan Yo\u011fun Bak\u0131m Denetim ve De\u011ferlendirme Bilimsel Komisyonu ile ba\u015flatt\u0131\u011f\u0131m\u0131z bu sistemi, t\u00fcm bran\u015flarda da uygulamaya al\u0131yoruz. Sadece 2024&#8217;te 46 bin 160 ola\u011fan ve 7 bin 318 ola\u011fan d\u0131\u015f\u0131 denetim ger\u00e7ekle\u015ftirdik. Bu denetimler neticesinde \u00e7ok say\u0131da &#8216;faaliyet durdurma&#8217; ve &#8216;idari para cezas\u0131&#8217; verdik; ayr\u0131ca su\u00e7 duyurusunda bulunduk.&#8221; diye konu\u015ftu.<\/p>\n<p style=\"text-align: center;\">&#8211; Aile hekimli\u011fi<\/p>\n<p style=\"text-align: center;\">Kemal Memi\u015fo\u011flu, son 4 ayda ba\u015far\u0131ya dayal\u0131 bir aile hekimli\u011fi \u00f6deme sistemini uygulamaya koyduklar\u0131n\u0131, kay\u0131tl\u0131 n\u00fcfus say\u0131s\u0131 yerine hastal\u0131k y\u00fck\u00fcne g\u00f6re modellenen yeni sistemle aile hekimlerinin vatanda\u015flara ay\u0131raca\u011f\u0131 s\u00fcreyi art\u0131rd\u0131klar\u0131n\u0131 s\u00f6yledi. Memi\u015fo\u011flu, &#8220;Koruyucu sa\u011fl\u0131k hizmetlerini merkeze alan, kronik hastal\u0131klar\u0131 kapsaml\u0131 \u015fekilde takip eden, muayene say\u0131s\u0131 yerine te\u015fhis ve tedavi s\u00fcrecinin etkinli\u011fini art\u0131ran yeni modeli daha da geli\u015ftiriyoruz. Y\u00f6neticilerimizi, ba\u015far\u0131 kriterleri ile takip ediyor ve de\u011ferlendiriyoruz.&#8221; s\u00f6zlerini sarf etti.<\/p>\n<p style=\"text-align: center;\">Sa\u011fl\u0131k e\u011fitimi ve hizmetinin kalitesini, etkinli\u011fini ve verimlili\u011fini art\u0131rmak amac\u0131yla Y\u00d6K ile &#8220;Sa\u011fl\u0131k Hizmetleri ve E\u011fitim Koordinasyon Komisyonu&#8221;nu kurduklar\u0131n\u0131 anlatan Memi\u015fo\u011flu, normal do\u011fumu te\u015fvik etmek amac\u0131yla eylem plan\u0131n\u0131 hayata ge\u00e7irdiklerini, Ba\u011f\u0131ml\u0131l\u0131kla M\u00fccadele, Sa\u011fl\u0131kta \u015eiddetin \u00d6nlenmesi ve Sa\u011fl\u0131k Okuryazarl\u0131\u011f\u0131 yeni eylem planlar\u0131n\u0131n haz\u0131rland\u0131\u011f\u0131n\u0131 aktard\u0131.<\/p>\n<p style=\"text-align: center;\">&#8211; &#8220;\u0130yi hekimlik uygulamalar\u0131n\u0131 \u00f6d\u00fcllendirip, de\u011ferli k\u0131laca\u011f\u0131z&#8221;<\/p>\n<p style=\"text-align: center;\">T\u00fcrkiye Y\u00fczy\u0131l\u0131 hedefleri do\u011frultusunda sa\u011fl\u0131k alan\u0131ndaki yol haritas\u0131na ili\u015fkin bilgi veren Memi\u015fo\u011flu, koruyucu sa\u011fl\u0131k hizmetini geli\u015ftireceklerini; do\u011fru yerde, do\u011fru zamanda, etkin tedavinin m\u00fcmk\u00fcn olaca\u011f\u0131, verimli ve s\u00fcrd\u00fcr\u00fclebilir sa\u011fl\u0131k sistemini g\u00fc\u00e7lendireceklerini ifade etti.<\/p>\n<p style=\"text-align: center;\">\u015eeffaf, bili\u015fim tabanl\u0131, bilimsel verilere ve risk y\u00f6netimine dayal\u0131, yapay zekan\u0131n kullan\u0131laca\u011f\u0131, \u00e7oklu denetim mekanizmas\u0131n\u0131 geli\u015ftireceklerini belirten Memi\u015fo\u011flu, \u015funlar\u0131 kaydetti:<\/p>\n<p style=\"text-align: center;\">&#8220;\u0130yi hekimlik uygulamalar\u0131n\u0131 \u00f6d\u00fcllendirip, de\u011ferli k\u0131laca\u011f\u0131z. Kan\u0131ta Dayal\u0131 Geleneksel T\u0131p Uygulamalar\u0131n\u0131 g\u00fc\u00e7lendirece\u011fiz. Ba\u015fta g\u0131da takviyeleri olmak \u00fczere halk sa\u011fl\u0131\u011f\u0131n\u0131 do\u011frudan etkileyen \u00fcr\u00fcnlerle ilgili \u00e7al\u0131\u015fma yapaca\u011f\u0131z. Genetik bazl\u0131 ki\u015fisel tedavilerin \u00fclkemizdeki uygulamalar\u0131n\u0131 yayg\u0131nla\u015ft\u0131raca\u011f\u0131z. Ak\u0131lc\u0131 laboratuvar, ak\u0131lc\u0131 g\u00f6r\u00fcnt\u00fcleme ve ak\u0131lc\u0131 ila\u00e7 kullan\u0131m\u0131 programlar\u0131yla sa\u011fl\u0131k hizmetlerinde maliyet etkin hizmet sunumunu geli\u015ftirece\u011fiz. Yeni nesil ila\u00e7lar\u0131n geli\u015ftirilmesi i\u00e7in yap\u0131lan \u00e7al\u0131\u015fmalar\u0131 destekleyece\u011fiz. Evde sa\u011fl\u0131k hizmetlerinde uzaktan sa\u011fl\u0131k hizmet sunumu ve tele-t\u0131p uygulamalar\u0131n\u0131n kullan\u0131m\u0131n\u0131 yayg\u0131nla\u015ft\u0131raca\u011f\u0131z.&#8221;<\/p>\n<p style=\"text-align: center;\">&#8211; &#8220;\u00d6zel hastanelerin i\u015fleyi\u015fine ili\u015fkin d\u00fczenleme \u00e7al\u0131\u015fmalar\u0131m\u0131z devam ediyor&#8221;<\/p>\n<p style=\"text-align: center;\">Sa\u011fl\u0131k Bakan\u0131 Memi\u015fo\u011flu, kamu hastanelerinde g\u00f6rev yapan hekimlerin mesai sonras\u0131 \u00e7al\u0131\u015fmalar\u0131n\u0131 \u00f6zendireceklerini ifade ederek, &#8220;\u00d6zel hastanelerin i\u015fleyi\u015fi, sa\u011fl\u0131k meslek mensuplar\u0131n\u0131n serbest meslek icras\u0131 kurallar\u0131, sa\u011fl\u0131k yap\u0131lar\u0131 ve sa\u011fl\u0131k ara\u00e7lar\u0131na ili\u015fkin d\u00fczenleme \u00e7al\u0131\u015fmalar\u0131m\u0131z devam ediyor.&#8221; dedi.<\/p>\n<p style=\"text-align: center;\">Memi\u015fo\u011flu, ilk\u00f6\u011fretim \u00e7a\u011f\u0131ndaki \u00e7ocuklar i\u00e7in &#8220;Sa\u011fl\u0131kl\u0131 \u00c7ocuk Sa\u011fl\u0131kl\u0131 Gelecek&#8221; program\u0131 ile koruyucu sa\u011fl\u0131k davran\u0131\u015flar\u0131n\u0131 geli\u015ftireceklerini; beslenme ve obezite, hareketli ya\u015fam ve stresle m\u00fccadele konular\u0131nda koruyucu programlar\u0131 g\u00fc\u00e7lendireceklerini de s\u00f6yledi.<\/p>\n<p style=\"text-align: center;\">&#8211; &#8220;\u00dcreten Sa\u011fl\u0131k Modeli&#8221; olu\u015fturulacak<\/p>\n<p style=\"text-align: center;\">Bakan Memi\u015fo\u011flu, sa\u011fl\u0131k sekt\u00f6r\u00fcn\u00fc T\u00fcrkiye&#8217;nin lokomotif sekt\u00f6r\u00fc haline getirmeyi hedeflediklerini kaydederek, bu kapsamda T\u00fcrkiye Sa\u011fl\u0131k Enstit\u00fcleri Ba\u015fkanl\u0131\u011f\u0131 (T\u00dcSEB) \u00f6nc\u00fcl\u00fc\u011f\u00fcnde t\u00fcm payda\u015flar\u0131 kapsayan \u00dcreten Sa\u011fl\u0131k Modeli&#8217;nin olu\u015fturulaca\u011f\u0131n\u0131 bildirdi. Bu modelin sa\u011fl\u0131kta \u00f6nemli bir d\u00f6n\u00fc\u015f\u00fcm s\u00fcrecini tetikleyece\u011fini vurgulayan Memi\u015fo\u011flu, \u015fu bilgileri verdi:<\/p>\n<p style=\"text-align: center;\">&#8220;\u00dcreten Sa\u011fl\u0131k Modelimiz ile \u00fcniversitelerin AR-GE \u00e7al\u0131\u015fmalar\u0131n\u0131, sanayinin \u00fcretim g\u00fcc\u00fcn\u00fc ve devletin te\u015fvik eden rol\u00fcn\u00fc bir araya getiriyoruz. Bu sayede teknolojik geli\u015fimi desteklemeyi; \u00fclkemizin sa\u011fl\u0131k \u00fcr\u00fcnlerinde d\u0131\u015fa ba\u011f\u0131ml\u0131l\u0131\u011f\u0131n\u0131 azaltmay\u0131 ve k\u00fcresel rekabette s\u00f6z sahibi olmay\u0131 ama\u00e7l\u0131yoruz.<\/p>\n<p style=\"text-align: center;\">\u00dcreten Sa\u011fl\u0131k Modelimiz \u00e7er\u00e7evesinde, ara\u015ft\u0131rma hastanelerinde Teknoloji Transfer Ofisleri kuraca\u011f\u0131z. \u00dclkenin ihtiya\u00e7 duydu\u011fu ve d\u0131\u015fa ba\u011f\u0131ml\u0131 oldu\u011fu kritik sa\u011fl\u0131k \u00fcr\u00fcnlerini belirleyip, AR-GE ve \u00fcretim s\u00fcre\u00e7lerini planlayaca\u011f\u0131z. Ekiplere gerekli bilgi ve deneyimin aktar\u0131lmas\u0131 i\u00e7in rehberlik edece\u011fiz. En \u00f6nemlisi de \u00dcreten Sa\u011fl\u0131k Modeli ile AR-GE projelerine finansal destek sa\u011flayaca\u011f\u0131z. \u00dcr\u00fcnlerin g\u00fcvenilirli\u011finin ve etkinli\u011finin klinik \u00e7al\u0131\u015fmalarla kan\u0131tlanmas\u0131n\u0131 te\u015fvik edece\u011fiz. Ticari \u00fcr\u00fcne d\u00f6n\u00fc\u015fmeleri i\u00e7in teknoloji transfer ofislerini devreye sokaca\u011f\u0131z.&#8221;<\/p>\n<p style=\"text-align: center;\">&#8211; &#8220;Bakanl\u0131\u011f\u0131m\u0131z i\u00e7in 1 trilyon 20 milyar 317 milyon lira \u00f6denek \u00f6ng\u00f6r\u00fcyoruz&#8221;<\/p>\n<p style=\"text-align: center;\">Bakan Memi\u015fo\u011flu, Say\u0131\u015ftay Ba\u015fkanl\u0131\u011f\u0131n\u0131n 2023 Y\u0131l\u0131 Sa\u011fl\u0131k Bakanl\u0131\u011f\u0131 Denetim Raporu&#8217;nu dikkatle de\u011ferlendirdiklerini, Ba\u015fkanl\u0131\u011f\u0131n tespitleri do\u011frultusunda gerekli ad\u0131mlar\u0131n at\u0131lmas\u0131n\u0131 sa\u011flad\u0131klar\u0131n\u0131 s\u00f6yledi.<\/p>\n<p style=\"text-align: center;\">Say\u0131\u015ftay denetimlerini bir f\u0131rsat olarak g\u00f6rd\u00fcklerinin, kamu kaynaklar\u0131n\u0131 etkili ve amac\u0131na uygun bir \u015fekilde kullanmak noktas\u0131nda duyarl\u0131 olduklar\u0131n\u0131n alt\u0131n\u0131 \u00e7izen Memi\u015fo\u011flu, Sa\u011fl\u0131k Bakanl\u0131\u011f\u0131 merkez ve ta\u015fra te\u015fkilat\u0131n\u0131n yan\u0131 s\u0131ra ba\u011fl\u0131 ve ilgili kurulu\u015flar\u0131n\u0131n 2023 y\u0131l\u0131 kesin hesaplar\u0131 hakk\u0131nda bilgiler payla\u015ft\u0131.<\/p>\n<p style=\"text-align: center;\">Bakanl\u0131\u011f\u0131n\u0131n 2025 y\u0131l\u0131 b\u00fct\u00e7esi hakk\u0131nda ise Memi\u015fo\u011flu, &#8220;2025 y\u0131l\u0131 Merkezi Y\u00f6netim B\u00fct\u00e7esinde Bakanl\u0131\u011f\u0131m\u0131z i\u00e7in 1 trilyon 20 milyar 317 milyon lira, T\u00fcrkiye Hudut ve Sahiller Sa\u011fl\u0131k Genel M\u00fcd\u00fcrl\u00fc\u011f\u00fcne 912 milyon lira, T\u00fcrkiye \u0130la\u00e7 ve T\u0131bbi Cihaz Kurumuna 1 milyar 858 milyon lira, T\u00dcSEB&#8217;e ise 1 milyar 729 milyon lira \u00f6denek \u00f6ng\u00f6r\u00fcyoruz. Sa\u011fl\u0131k Bakanl\u0131\u011f\u0131 b\u00fct\u00e7esinin y\u00fczde 27&#8217;sini koruyucu sa\u011fl\u0131k hizmetlerine, y\u00fczde 72&#8217;sini ise tedavi edici sa\u011fl\u0131k hizmetlerine ay\u0131r\u0131yoruz ve toplamda y\u00fczde 39 oran\u0131nda bir b\u00fct\u00e7e art\u0131\u015f\u0131 hedefliyoruz.&#8221; a\u00e7\u0131klamas\u0131nda bulundu.<\/p>\n<p style=\"text-align: center;\">Sunumunda sa\u011fl\u0131k altyap\u0131s\u0131, hizmet kapasitesi, sa\u011fl\u0131k g\u00f6stergeleri ile Sa\u011fl\u0131k Bakanl\u0131\u011f\u0131n\u0131n yol haritas\u0131n\u0131 payla\u015ft\u0131\u011f\u0131n\u0131 ifade eden Memi\u015fo\u011flu, &#8220;Sa\u011fl\u0131k sistemimiz, pandemide ve deprem felaketlerinde, b\u00fct\u00fcn d\u00fcnyaya rol model oldu. Bu nedenle sa\u011fl\u0131k sekt\u00f6r\u00fcm\u00fcz\u00fcn g\u00fcnl\u00fck politik tart\u0131\u015fmalara malzeme edilmemesi gerekti\u011fini d\u00fc\u015f\u00fcn\u00fcyorum. Milli irademizin tecelli etti\u011fi Gazi Meclisimizde hasta-hekim ili\u015fkisinde g\u00fcveni sarsmayacak \u015fekilde, kar\u015f\u0131l\u0131kl\u0131 sayg\u0131 \u00e7er\u00e7evesinde ele\u015ftiri, g\u00f6r\u00fc\u015f ve \u00f6nerilerin ifade edilmesini bekliyorum.&#8221; dedi.<\/p>\n<p style=\"text-align: center;\">Sa\u011fl\u0131k Bakan\u0131 Memi\u015fo\u011flu, Gazze&#8217;de ya\u015fanan soyk\u0131r\u0131ma da dikkati \u00e7ekerek, &#8220;S\u00f6zde medeni d\u00fcnya, Gazze&#8217;de ya\u015fanan vah\u015feti ve insanl\u0131\u011f\u0131n \u00f6l\u00fcm\u00fcn\u00fc sessizce izliyor. Bizler, bug\u00fcn de yar\u0131n da Gazzeli karde\u015flerimizin yan\u0131nda olmaya devam edece\u011fiz. &#8216;\u0130nsan&#8230; \u00d6nce insan&#8217; diyerek iyilik i\u00e7in m\u00fccadelemizi s\u00fcrd\u00fcrece\u011fiz.&#8221; diye konu\u015ftu.<\/p>\n<p style=\"text-align: center;\">(Bitti)<\/p>\n<p style=\"text-align: center;\">Kaynak : Anadolu Ajans\u0131<\/p>\n","protected":false},"excerpt":{"rendered":"<p>Sa\u011fl\u0131k Bakan\u0131 Kemal Memi\u015fo\u011flu, &#8220;yenido\u011fan \u00e7etesi&#8221;ne ili\u015fkin &#8216;Bizim i\u00e7in bu operasyonun ad\u0131, &#8216;\u00e7\u00fcr\u00fck elma operasyonu&#8217;; \u00e7etenin ad\u0131 da &#8216;insanl\u0131ktan nasibini almam\u0131\u015flar \u00e7etesi&#8217;dir. \u00c7ocuklar\u0131m\u0131z\u0131n sa\u011fl\u0131\u011f\u0131 ve g\u00fcvenli\u011fi konusunda duydu\u011fumuz endi\u015fe her \u015feyin \u00f6tesindedir&#8217; dedi TBMM (AA) &#8211; Sa\u011fl\u0131k Bakan\u0131 Kemal Memi\u015fo\u011flu, &#8220;yenido\u011fan \u00e7etesi&#8221;ne ili\u015fkin &#8220;Bizim i\u00e7in bu operasyonun ad\u0131, &#8216;\u00e7\u00fcr\u00fck elma operasyonu&#8217;; \u00e7etenin ad\u0131 da &#8216;insanl\u0131ktan [&hellip;]<\/p>\n","protected":false},"author":1,"featured_media":1368,"comment_status":"open","ping_status":"open","sticky":false,"template":"","format":"standard","meta":{"_jetpack_memberships_contains_paid_content":false,"footnotes":""},"categories":[9,33,1,8,2],"tags":[],"class_list":["post-1367","post","type-post","status-publish","format-standard","has-post-thumbnail","hentry","category-asayis","category-genel","category-gundem","category-siyaset","category-sondk"],"jetpack_featured_media_url":"https:\/\/yerelses.com.tr\/wp-content\/uploads\/2024\/11\/bakan-memisoglu-bizim-icin-bu-curuk-elma-operasyonu.jpg","jetpack_sharing_enabled":true,"_links":{"self":[{"href":"https:\/\/yerelses.com.tr\/index.php?rest_route=\/wp\/v2\/posts\/1367","targetHints":{"allow":["GET"]}}],"collection":[{"href":"https:\/\/yerelses.com.tr\/index.php?rest_route=\/wp\/v2\/posts"}],"about":[{"href":"https:\/\/yerelses.com.tr\/index.php?rest_route=\/wp\/v2\/types\/post"}],"author":[{"embeddable":true,"href":"https:\/\/yerelses.com.tr\/index.php?rest_route=\/wp\/v2\/users\/1"}],"replies":[{"embeddable":true,"href":"https:\/\/yerelses.com.tr\/index.php?rest_route=%2Fwp%2Fv2%2Fcomments&post=1367"}],"version-history":[{"count":1,"href":"https:\/\/yerelses.com.tr\/index.php?rest_route=\/wp\/v2\/posts\/1367\/revisions"}],"predecessor-version":[{"id":1369,"href":"https:\/\/yerelses.com.tr\/index.php?rest_route=\/wp\/v2\/posts\/1367\/revisions\/1369"}],"wp:featuredmedia":[{"embeddable":true,"href":"https:\/\/yerelses.com.tr\/index.php?rest_route=\/wp\/v2\/media\/1368"}],"wp:attachment":[{"href":"https:\/\/yerelses.com.tr\/index.php?rest_route=%2Fwp%2Fv2%2Fmedia&parent=1367"}],"wp:term":[{"taxonomy":"category","embeddable":true,"href":"https:\/\/yerelses.com.tr\/index.php?rest_route=%2Fwp%2Fv2%2Fcategories&post=1367"},{"taxonomy":"post_tag","embeddable":true,"href":"https:\/\/yerelses.com.tr\/index.php?rest_route=%2Fwp%2Fv2%2Ftags&post=1367"}],"curies":[{"name":"wp","href":"https:\/\/api.w.org\/{rel}","templated":true}]}}