{"id":1358,"date":"2024-11-19T15:10:38","date_gmt":"2024-11-19T15:10:38","guid":{"rendered":"https:\/\/yerelses.com.tr\/?p=1358"},"modified":"2024-11-19T15:10:38","modified_gmt":"2024-11-19T15:10:38","slug":"rizede-1-kisinin-oldugu-heyelana-dair-validen-aciklama","status":"publish","type":"post","link":"https:\/\/yerelses.com.tr\/?p=1358","title":{"rendered":"Rize&#8217;de 1 ki\u015finin \u00f6ld\u00fc\u011f\u00fc heyelana dair Validen a\u00e7\u0131klama"},"content":{"rendered":"<h2 class=\"description\" style=\"text-align: center;\">Rize&#8217;nin \u00c7ayeli il\u00e7esinde meydana gelen heyelanda 1 ki\u015fi \u00f6ld\u00fc, 4 ki\u015fi yaraland\u0131. Vali \u0130hsan Selim Bayda\u015f; &#8220;Y\u00fckseklere kar ya\u011fd\u0131\u011f\u0131 i\u00e7in belli bir rak\u0131m\u0131n \u00fczerinde sel riski de ta\u015fk\u0131n riski de beklemiyoruz ama uzun s\u00fcredir ya\u011f\u0131\u015f devam etti\u011fi, toprak da suya doydu\u011fu i\u00e7in heyelan riski var&#8221; dedi.<\/h2>\n<p style=\"text-align: center;\">Ya\u011f\u0131\u015f\u0131n etkili oldu\u011fu il\u00e7eye ba\u011fl\u0131 Eskipazar Mahallesi&#8217;nde 6 katl\u0131 bir apartman\u0131n arka taraf\u0131nda bulunan toprak k\u00fctlesi kayd\u0131.<\/p>\n<p style=\"text-align: center;\">\u0130hbar \u00fczerine olay yerine AFAD, polis, itfaiye ve 112 Acil Sa\u011fl\u0131k ekipleri sevk edildi.<\/p>\n<p style=\"text-align: center;\">Toprakla dolan apartman\u0131n giri\u015f kat\u0131ndaki Yakup Bayraktar hayat\u0131n\u0131 kaybetti, 4 ki\u015fi yaraland\u0131. Kentteki hastanelere kald\u0131r\u0131lan yaral\u0131lardan 2&#8217;si, tedavilerinin ard\u0131ndan taburcu edildi.<\/p>\n<p style=\"text-align: center;\">Ekipler, biri olayda zarar g\u00f6ren olmak \u00fczere risk ta\u015f\u0131yan 3 binay\u0131 tamamen, 4 binay\u0131 ise k\u0131smen tahliye etti. Konutlar\u0131ndan \u00e7\u0131kar\u0131lan 91 ki\u015fi, kamu misafirhanelerine yerle\u015ftirildi. Heyelanl\u0131 alana g\u00fcvenlik \u015feridi \u00e7ekildi.<\/p>\n<p style=\"text-align: center;\">Olay yerinde incelemelerde bulunan Vali \u0130hsan Selim Bayda\u015f, gazetecilere, s\u00f6z konusu olay\u0131n sabah 06.30-06.40 civar\u0131nda meydana geldi\u011fini belirterek, &#8220;\u00c7ayeli il\u00e7e merkezindeki bir binam\u0131z\u0131n arkas\u0131nda meydana gelen heyelan\u0131n, binan\u0131n birinci kat\u0131na gelmesi neticesinde hasar olu\u015ftu. Burada da bir vatanda\u015f\u0131m\u0131z maalesef vefat etti. Kendisine Allah&#8217;tan rahmet diliyorum.&#8221; dedi.<\/p>\n<p style=\"text-align: center;\">Bayda\u015f, yaral\u0131lardan 2&#8217;sinin ayakta tedavilerinin ard\u0131ndan hastaneden ayr\u0131ld\u0131\u011f\u0131n\u0131, hayati tehlikesi olmayan 2&#8217;sinin tedavi alt\u0131nda oldu\u011funu ifade ederek, &#8220;Tedbiren bu cadde \u00fczerinde binaya biti\u015fik evlerdeki, binalardaki daireleri bo\u015falt\u0131yoruz. Zaten heyelana maruz kalan binay\u0131 bo\u015faltm\u0131\u015ft\u0131k. Sa\u011f\u0131nda ve solundaki binalar\u0131 da bo\u015falt\u0131yoruz, kamu misafirhanelerinde misafir edece\u011fiz. Binalar\u0131n teknik incelemesi sonras\u0131 yap\u0131sal hasar yoksa e\u011fer vatanda\u015flar\u0131m\u0131z\u0131n tekrar dairelerine d\u00f6nmelerine m\u00fcsaade edece\u011fiz.&#8221; diye konu\u015ftu.<\/p>\n<p style=\"text-align: center;\">&#8211; &#8220;Vatanda\u015flar\u0131m\u0131z\u0131 \u00f6zellikle heyelan riski olan yerlerde dikkatli olmaya davet ediyorum&#8221;<\/p>\n<p style=\"text-align: center;\">Olay\u0131n ilk an\u0131ndan itibaren ilgili ekiplerin sahada olduklar\u0131na i\u015faret eden Bayda\u015f, s\u00f6zlerini \u015f\u00f6yle s\u00fcrd\u00fcrd\u00fc:<\/p>\n<p style=\"text-align: center;\">&#8220;Tabii ciddi de bir ya\u011f\u0131\u015f devam ediyor. \u015eu an yakla\u015f\u0131k 120 kilo d\u00fczeyinde geceden beri devam eden ya\u011f\u0131\u015f. Bir miktar daha ya\u011faca\u011fa benziyor meteorolojinin bize bildirdi\u011fi uyar\u0131ya g\u00f6re. Vatanda\u015flar\u0131m\u0131z\u0131 \u00f6zellikle heyelan riski olan yerlerde dikkatli olmaya davet ediyorum. Y\u00fckseklere kar ya\u011fd\u0131\u011f\u0131 i\u00e7in belli bir rak\u0131m\u0131n \u00fczerinde sel riski de ta\u015fk\u0131n riski de beklemiyoruz ama uzun s\u00fcredir ya\u011f\u0131\u015f devam etti\u011fi, toprak da suya doydu\u011fu i\u00e7in heyelan riski var. Ge\u00e7ti\u011fimiz ay y\u00fczlerce kilo, hatta 10 g\u00fcnl\u00fck periyotta 600 kilo ya\u011fmur ya\u011fm\u0131\u015ft\u0131 \u015fehrimize ortalama. Ta\u015fk\u0131n veya sel riski yok ama heyelan konusunda uyar\u0131lar\u0131m\u0131z\u0131 s\u00fcrd\u00fcrmeye devam ediyoruz.&#8221;<\/p>\n<div id=\"zone-pharagraphs1\" class=\"widget-article\" style=\"text-align: center;\"><\/div>\n<p style=\"text-align: center;\">\n<p style=\"text-align: center;\">\u00c7ayeli Belediye Ba\u015fkan\u0131 \u0130smail Hakk\u0131 \u00c7ift\u00e7i de ekiplerin, risk olu\u015fturmamas\u0131 i\u00e7in suyun y\u00f6n\u00fcn\u00fc ba\u015fka alana y\u00f6nlendirmeye \u00e7al\u0131\u015ft\u0131\u011f\u0131n\u0131 belirterek, &#8220;Bu anlamda tabii bizi en \u00e7ok \u00fczen \u015fey bir hem\u015fehrimizin vefat etmesi ve hem\u015fehrilerimizin yaralanmas\u0131. Farkl\u0131 yerlerden farkl\u0131 ihbarlar geliyor. Az evvel bir arkada\u015f\u0131m\u0131z kendi mahallelerinde heyelan oldu\u011funu, yolu kapatt\u0131\u011f\u0131n\u0131 ifade ediyor. Ya\u011fmur b\u00f6yle devam ettik\u00e7e ne kadar daha tehlikenin devam edece\u011fini, nerelerin kopaca\u011f\u0131n\u0131 bilmiyoruz. \u00c7\u00fcnk\u00fc toprak suya doymu\u015f. Uzun s\u00fcredir ya\u011fmur ya\u011f\u0131yordu. Deprem olmas\u0131 da toprakta bir hareketlilik meydana getirdi. \u015eimdi bu ya\u011fan ya\u011fmur da iki tabaka aras\u0131na girerek topra\u011f\u0131n daha kaygan hale geldi\u011fini teknik olarak d\u00fc\u015f\u00fcn\u00fcyoruz.&#8221; ifadelerini kulland\u0131.<\/p>\n<p style=\"text-align: center;\">\u00c7ift\u00e7i, vatanda\u015flar\u0131n ma\u011fduriyetlerini k\u0131sa s\u00fcrede gidermek istediklerini kaydetti.<\/p>\n<p style=\"text-align: center;\">Kaynak : Anadolu Ajans\u0131<\/p>\n","protected":false},"excerpt":{"rendered":"<p>Rize&#8217;nin \u00c7ayeli il\u00e7esinde meydana gelen heyelanda 1 ki\u015fi \u00f6ld\u00fc, 4 ki\u015fi yaraland\u0131. Vali \u0130hsan Selim Bayda\u015f; &#8220;Y\u00fckseklere kar ya\u011fd\u0131\u011f\u0131 i\u00e7in belli bir rak\u0131m\u0131n \u00fczerinde sel riski de ta\u015fk\u0131n riski de beklemiyoruz ama uzun s\u00fcredir ya\u011f\u0131\u015f devam etti\u011fi, toprak da suya doydu\u011fu i\u00e7in heyelan riski var&#8221; dedi. Ya\u011f\u0131\u015f\u0131n etkili oldu\u011fu il\u00e7eye ba\u011fl\u0131 Eskipazar Mahallesi&#8217;nde 6 katl\u0131 [&hellip;]<\/p>\n","protected":false},"author":1,"featured_media":1359,"comment_status":"open","ping_status":"open","sticky":false,"template":"","format":"standard","meta":{"_jetpack_memberships_contains_paid_content":false,"footnotes":""},"categories":[9,33,1,2],"tags":[],"class_list":["post-1358","post","type-post","status-publish","format-standard","has-post-thumbnail","hentry","category-asayis","category-genel","category-gundem","category-sondk"],"jetpack_featured_media_url":"https:\/\/yerelses.com.tr\/wp-content\/uploads\/2024\/11\/673c2b27357c6b995d441a89.webp","jetpack_sharing_enabled":true,"_links":{"self":[{"href":"https:\/\/yerelses.com.tr\/index.php?rest_route=\/wp\/v2\/posts\/1358","targetHints":{"allow":["GET"]}}],"collection":[{"href":"https:\/\/yerelses.com.tr\/index.php?rest_route=\/wp\/v2\/posts"}],"about":[{"href":"https:\/\/yerelses.com.tr\/index.php?rest_route=\/wp\/v2\/types\/post"}],"author":[{"embeddable":true,"href":"https:\/\/yerelses.com.tr\/index.php?rest_route=\/wp\/v2\/users\/1"}],"replies":[{"embeddable":true,"href":"https:\/\/yerelses.com.tr\/index.php?rest_route=%2Fwp%2Fv2%2Fcomments&post=1358"}],"version-history":[{"count":1,"href":"https:\/\/yerelses.com.tr\/index.php?rest_route=\/wp\/v2\/posts\/1358\/revisions"}],"predecessor-version":[{"id":1360,"href":"https:\/\/yerelses.com.tr\/index.php?rest_route=\/wp\/v2\/posts\/1358\/revisions\/1360"}],"wp:featuredmedia":[{"embeddable":true,"href":"https:\/\/yerelses.com.tr\/index.php?rest_route=\/wp\/v2\/media\/1359"}],"wp:attachment":[{"href":"https:\/\/yerelses.com.tr\/index.php?rest_route=%2Fwp%2Fv2%2Fmedia&parent=1358"}],"wp:term":[{"taxonomy":"category","embeddable":true,"href":"https:\/\/yerelses.com.tr\/index.php?rest_route=%2Fwp%2Fv2%2Fcategories&post=1358"},{"taxonomy":"post_tag","embeddable":true,"href":"https:\/\/yerelses.com.tr\/index.php?rest_route=%2Fwp%2Fv2%2Ftags&post=1358"}],"curies":[{"name":"wp","href":"https:\/\/api.w.org\/{rel}","templated":true}]}}