{"id":1353,"date":"2024-11-18T15:26:47","date_gmt":"2024-11-18T15:26:47","guid":{"rendered":"https:\/\/yerelses.com.tr\/?p=1353"},"modified":"2024-11-18T15:26:47","modified_gmt":"2024-11-18T15:26:47","slug":"proje-tamam-besiktas-maliyetinin-865-kati-gelir-bekliyor","status":"publish","type":"post","link":"https:\/\/yerelses.com.tr\/?p=1353","title":{"rendered":"Proje tamam: Be\u015fikta\u015f maliyetinin 865 kat\u0131 gelir bekliyor"},"content":{"rendered":"<h2 class=\"description\" style=\"text-align: center;\">Be\u015fikta\u015f Kul\u00fcb\u00fc&#8217;n\u00fcn yeni dijital uygulamas\u0131 &#8220;Be\u015fikta\u015f App&#8221; \u00e7ar\u015famba g\u00fcn\u00fc tan\u0131t\u0131lacak. Siyah beyazl\u0131lar\u0131n bu projeden 865 TL gelir elde etmesi bekleniyor.<\/h2>\n<p style=\"text-align: center;\">Be\u015fikta\u015f Ba\u015fkan\u0131 Hasan Arat&#8217;\u0131n se\u00e7im \u00f6ncesi vaatleri aras\u0131nda yer alan &#8220;Be\u015fikta\u015f App&#8221; projesi hayata ge\u00e7iyor.<\/p>\n<p style=\"text-align: center;\">Siyah beyazl\u0131 kul\u00fcbe \u00f6nemli bir gelir kayna\u011f\u0131 yaratacak projenin lansman\u0131 \u00e7ar\u015famba g\u00fcn\u00fc yap\u0131lacak.<\/p>\n<p style=\"text-align: center;\">S\u00f6zc\u00fc Gazetesi&#8217;nin haberine g\u00f6re; Be\u015fikta\u015f&#8217;\u0131n yeni dijital a\u011f\u0131ndan kul\u00fcb\u00fcn 25 milyon dolar (865 milyon TL) gelir elde etmesi bekleniyor. Uygulaman\u0131n maliyeti ise sadece 1 milyon TL.<\/p>\n<p style=\"text-align: center;\">25 milyon dolar\u0131n Be\u015fikta\u015f&#8217;\u0131n kasas\u0131na girmesi halinde siyah-beyazl\u0131 kul\u00fcp mali a\u00e7\u0131dan rahatlam\u0131\u015f olacak.<\/p>\n<p style=\"text-align: center;\"><img fetchpriority=\"high\" decoding=\"async\" class=\"alignnone wp-image-1354 size-full\" src=\"https:\/\/yerelses.com.tr\/wp-content\/uploads\/2024\/11\/cc9e3a5c15f6422faaad0bb00ce8d704.jpg\" alt=\"\" width=\"660\" height=\"438\" srcset=\"https:\/\/yerelses.com.tr\/wp-content\/uploads\/2024\/11\/cc9e3a5c15f6422faaad0bb00ce8d704.jpg 660w, https:\/\/yerelses.com.tr\/wp-content\/uploads\/2024\/11\/cc9e3a5c15f6422faaad0bb00ce8d704-300x199.jpg 300w\" sizes=\"(max-width: 660px) 100vw, 660px\" \/><\/p>\n<p style=\"text-align: center;\">Dijtal App&#8217;te Kartal Yuvas\u0131 i\u00e7in mobil versiyonu da yer alacak. \u00d6zel tasarlanm\u0131\u015f kartlar\u0131n da tan\u0131t\u0131m\u0131 yap\u0131lacak.<\/p>\n<p style=\"text-align: center;\">Siyah-beyazl\u0131 kul\u00fcp, &#8220;S\u00fcper APP&#8221; videosunda Ciro Immobile&#8217;li tan\u0131t\u0131m yapacak. \u0130talyan forvetin yeni mobile uygulamas\u0131n\u0131n videosunda &#8220;Ben Ciro Immobile, Be\u015fikta\u015f, geliyor mobile&#8221; ifadeleri yer ald\u0131.<\/p>\n<p style=\"text-align: center;\">Kaynak : S\u00f6zc\u00fc<\/p>\n","protected":false},"excerpt":{"rendered":"<p>Be\u015fikta\u015f Kul\u00fcb\u00fc&#8217;n\u00fcn yeni dijital uygulamas\u0131 &#8220;Be\u015fikta\u015f App&#8221; \u00e7ar\u015famba g\u00fcn\u00fc tan\u0131t\u0131lacak. Siyah beyazl\u0131lar\u0131n bu projeden 865 TL gelir elde etmesi bekleniyor. Be\u015fikta\u015f Ba\u015fkan\u0131 Hasan Arat&#8217;\u0131n se\u00e7im \u00f6ncesi vaatleri aras\u0131nda yer alan &#8220;Be\u015fikta\u015f App&#8221; projesi hayata ge\u00e7iyor. Siyah beyazl\u0131 kul\u00fcbe \u00f6nemli bir gelir kayna\u011f\u0131 yaratacak projenin lansman\u0131 \u00e7ar\u015famba g\u00fcn\u00fc yap\u0131lacak. S\u00f6zc\u00fc Gazetesi&#8217;nin haberine g\u00f6re; Be\u015fikta\u015f&#8217;\u0131n yeni dijital [&hellip;]<\/p>\n","protected":false},"author":1,"featured_media":1355,"comment_status":"open","ping_status":"open","sticky":false,"template":"","format":"standard","meta":{"_jetpack_memberships_contains_paid_content":false,"footnotes":""},"categories":[33,1,2,10],"tags":[],"class_list":["post-1353","post","type-post","status-publish","format-standard","has-post-thumbnail","hentry","category-genel","category-gundem","category-sondk","category-spor"],"jetpack_featured_media_url":"https:\/\/yerelses.com.tr\/wp-content\/uploads\/2024\/11\/proje-tamam-besiktas-maliyetinin-865-kati-gelir-bekliyor.jpg","jetpack_sharing_enabled":true,"_links":{"self":[{"href":"https:\/\/yerelses.com.tr\/index.php?rest_route=\/wp\/v2\/posts\/1353","targetHints":{"allow":["GET"]}}],"collection":[{"href":"https:\/\/yerelses.com.tr\/index.php?rest_route=\/wp\/v2\/posts"}],"about":[{"href":"https:\/\/yerelses.com.tr\/index.php?rest_route=\/wp\/v2\/types\/post"}],"author":[{"embeddable":true,"href":"https:\/\/yerelses.com.tr\/index.php?rest_route=\/wp\/v2\/users\/1"}],"replies":[{"embeddable":true,"href":"https:\/\/yerelses.com.tr\/index.php?rest_route=%2Fwp%2Fv2%2Fcomments&post=1353"}],"version-history":[{"count":1,"href":"https:\/\/yerelses.com.tr\/index.php?rest_route=\/wp\/v2\/posts\/1353\/revisions"}],"predecessor-version":[{"id":1356,"href":"https:\/\/yerelses.com.tr\/index.php?rest_route=\/wp\/v2\/posts\/1353\/revisions\/1356"}],"wp:featuredmedia":[{"embeddable":true,"href":"https:\/\/yerelses.com.tr\/index.php?rest_route=\/wp\/v2\/media\/1355"}],"wp:attachment":[{"href":"https:\/\/yerelses.com.tr\/index.php?rest_route=%2Fwp%2Fv2%2Fmedia&parent=1353"}],"wp:term":[{"taxonomy":"category","embeddable":true,"href":"https:\/\/yerelses.com.tr\/index.php?rest_route=%2Fwp%2Fv2%2Fcategories&post=1353"},{"taxonomy":"post_tag","embeddable":true,"href":"https:\/\/yerelses.com.tr\/index.php?rest_route=%2Fwp%2Fv2%2Ftags&post=1353"}],"curies":[{"name":"wp","href":"https:\/\/api.w.org\/{rel}","templated":true}]}}