{"id":1350,"date":"2024-11-18T15:24:34","date_gmt":"2024-11-18T15:24:34","guid":{"rendered":"https:\/\/yerelses.com.tr\/?p=1350"},"modified":"2024-11-18T15:24:34","modified_gmt":"2024-11-18T15:24:34","slug":"demokrat-partide-iki-milletvekili-istifa-etti","status":"publish","type":"post","link":"https:\/\/yerelses.com.tr\/?p=1350","title":{"rendered":"Demokrat Parti&#8217;de iki milletvekili istifa etti"},"content":{"rendered":"<h2 class=\"description\" style=\"text-align: center;\">Demokrat Parti&#8217;nin 15. Ola\u011fan Kongresi sonras\u0131 \u0130stanbul Milletvekili Cemal Enginyurt ve \u0130zmir Milletvekili Salih Uzun partilerinden istifa etti. Kongrede ya\u015fanan imza krizi ve tart\u0131\u015fmalar\u0131n ard\u0131ndan Demokrat Parti&#8217;nin Meclis&#8217;teki sandalye say\u0131s\u0131 1&#8217;e d\u00fc\u015ft\u00fc.<\/h2>\n<p style=\"text-align: center;\">Demokrat Parti&#8217;nin (DP) d\u00fcn ger\u00e7ekle\u015fen 15. Ola\u011fan Kongresi, parti i\u00e7i tart\u0131\u015fmalar ve istifalarla sars\u0131ld\u0131. G\u00fcltekin Uysal yeniden genel ba\u015fkan se\u00e7ilirken, kongrede ya\u015fanan geli\u015fmeler Demokrat Parti&#8217;yi yeni bir krizin e\u015fi\u011fine getirdi. Kongreye partinin 3 milletvekilinden yaln\u0131zca \u0130zmir Milletvekili Haydar Alt\u0131nta\u015f kat\u0131l\u0131rken, \u0130stanbul Milletvekili Cemal Enginyurt ve \u0130zmir Milletvekili Salih Uzun toplant\u0131ya kat\u0131lmad\u0131. Kongre sonras\u0131nda her iki isim de partilerinden istifa etti.<\/p>\n<p style=\"text-align: center;\">Kongrede, genel ba\u015fkanl\u0131\u011fa muhalif bir isim olan \u0130lay Aksoy&#8217;un adayl\u0131\u011f\u0131yla ilgili ya\u015fanan imza krizi dikkat \u00e7ekti. Aksoy, adayl\u0131k i\u00e7in gereken 50 imzay\u0131 a\u015f\u0131p 60 delegenin deste\u011fini alarak adayl\u0131\u011f\u0131n\u0131 ilan etti. Ancak daha sonra 11 delege imzalar\u0131n\u0131 geri \u00e7ekti. \u0130stifa kararlar\u0131 meclis dengesini de\u011fi\u015ftirdi<\/p>\n<p style=\"text-align: center;\">Kongrede ya\u015fanan bu tart\u0131\u015fmalar\u0131n ard\u0131ndan DP \u0130stanbul Milletvekili Cemal Enginyurt ve DP \u0130zmir Milletvekili Salih Uzun partilerinden istifa ettiklerini a\u00e7\u0131klad\u0131. \u0130stifalarla birlikte Demokrat Parti&#8217;nin Meclis&#8217;teki sandalye say\u0131s\u0131 1&#8217;e d\u00fc\u015fm\u00fc\u015f oldu. Parti, Meclis&#8217;te yaln\u0131zca \u0130zmir Milletvekili Haydar Alt\u0131nta\u015f ile temsil edilecek.<\/p>\n<p style=\"text-align: center;\">Kaynak : Memurlar.Net<\/p>\n","protected":false},"excerpt":{"rendered":"<p>Demokrat Parti&#8217;nin 15. Ola\u011fan Kongresi sonras\u0131 \u0130stanbul Milletvekili Cemal Enginyurt ve \u0130zmir Milletvekili Salih Uzun partilerinden istifa etti. Kongrede ya\u015fanan imza krizi ve tart\u0131\u015fmalar\u0131n ard\u0131ndan Demokrat Parti&#8217;nin Meclis&#8217;teki sandalye say\u0131s\u0131 1&#8217;e d\u00fc\u015ft\u00fc. Demokrat Parti&#8217;nin (DP) d\u00fcn ger\u00e7ekle\u015fen 15. Ola\u011fan Kongresi, parti i\u00e7i tart\u0131\u015fmalar ve istifalarla sars\u0131ld\u0131. G\u00fcltekin Uysal yeniden genel ba\u015fkan se\u00e7ilirken, kongrede ya\u015fanan geli\u015fmeler [&hellip;]<\/p>\n","protected":false},"author":1,"featured_media":1351,"comment_status":"open","ping_status":"open","sticky":false,"template":"","format":"standard","meta":{"_jetpack_memberships_contains_paid_content":false,"footnotes":""},"categories":[33,1,8,2],"tags":[],"class_list":["post-1350","post","type-post","status-publish","format-standard","has-post-thumbnail","hentry","category-genel","category-gundem","category-siyaset","category-sondk"],"jetpack_featured_media_url":"https:\/\/yerelses.com.tr\/wp-content\/uploads\/2024\/11\/demokrat-parti-de-iki-milletvekili-istifa-etti.jpg","jetpack_sharing_enabled":true,"_links":{"self":[{"href":"https:\/\/yerelses.com.tr\/index.php?rest_route=\/wp\/v2\/posts\/1350","targetHints":{"allow":["GET"]}}],"collection":[{"href":"https:\/\/yerelses.com.tr\/index.php?rest_route=\/wp\/v2\/posts"}],"about":[{"href":"https:\/\/yerelses.com.tr\/index.php?rest_route=\/wp\/v2\/types\/post"}],"author":[{"embeddable":true,"href":"https:\/\/yerelses.com.tr\/index.php?rest_route=\/wp\/v2\/users\/1"}],"replies":[{"embeddable":true,"href":"https:\/\/yerelses.com.tr\/index.php?rest_route=%2Fwp%2Fv2%2Fcomments&post=1350"}],"version-history":[{"count":1,"href":"https:\/\/yerelses.com.tr\/index.php?rest_route=\/wp\/v2\/posts\/1350\/revisions"}],"predecessor-version":[{"id":1352,"href":"https:\/\/yerelses.com.tr\/index.php?rest_route=\/wp\/v2\/posts\/1350\/revisions\/1352"}],"wp:featuredmedia":[{"embeddable":true,"href":"https:\/\/yerelses.com.tr\/index.php?rest_route=\/wp\/v2\/media\/1351"}],"wp:attachment":[{"href":"https:\/\/yerelses.com.tr\/index.php?rest_route=%2Fwp%2Fv2%2Fmedia&parent=1350"}],"wp:term":[{"taxonomy":"category","embeddable":true,"href":"https:\/\/yerelses.com.tr\/index.php?rest_route=%2Fwp%2Fv2%2Fcategories&post=1350"},{"taxonomy":"post_tag","embeddable":true,"href":"https:\/\/yerelses.com.tr\/index.php?rest_route=%2Fwp%2Fv2%2Ftags&post=1350"}],"curies":[{"name":"wp","href":"https:\/\/api.w.org\/{rel}","templated":true}]}}