{"id":1347,"date":"2024-11-18T15:23:34","date_gmt":"2024-11-18T15:23:34","guid":{"rendered":"https:\/\/yerelses.com.tr\/?p=1347"},"modified":"2024-11-18T15:23:34","modified_gmt":"2024-11-18T15:23:34","slug":"emekli-ayliginda-2025-farki-masada-dilekce-icin-15-aralik-uyarisi","status":"publish","type":"post","link":"https:\/\/yerelses.com.tr\/?p=1347","title":{"rendered":"Emekli ayl\u0131\u011f\u0131nda 2025 fark\u0131 masada: Dilek\u00e7e i\u00e7in 15 Aral\u0131k uyar\u0131s\u0131"},"content":{"rendered":"<h2 class=\"description\" style=\"text-align: center;\">Bu y\u0131l dilek\u00e7e verenler ile 2025 y\u0131l\u0131nda emekli olacaklar\u0131n ayl\u0131klar\u0131 aras\u0131nda olu\u015facak y\u00fczde 30-35&#8217;lik y\u00fcksek fark\u0131n giderilmesi i\u00e7in g\u00f6zler ekonomi y\u00f6netimine \u00e7evrildi. \u00c7al\u0131\u015fma ve Sosyal G\u00fcvenlik Bakan\u0131 Vedat I\u015f\u0131khan, konuyu Hazine ve Maliye Bakanl\u0131\u011f\u0131 ile ele alacaklar\u0131n\u0131, netlik olmamas\u0131na kar\u015f\u0131n konunun \u00fczerinde \u00e7al\u0131\u015f\u0131ld\u0131\u011f\u0131n\u0131 a\u00e7\u0131klarken, emeklili\u011fe hak kazanan binlerce ki\u015fi emeklilik dilek\u00e7esini beklemeye ald\u0131. Sosyal G\u00fcvenlik Kurumu uzmanlar\u0131, gelir kayb\u0131n\u0131 \u00f6nleyecek olas\u0131 bir yasal d\u00fczenleme i\u00e7in emeklilik dilek\u00e7esi vereceklerin 15 Aral\u0131k tarihine kadar beklemeleri \u00f6nerisinde bulunuyor.<\/h2>\n<p style=\"text-align: center;\">Sosyal Sigortalar ve Genel Sa\u011fl\u0131k Sigortas\u0131 Kanunu (5510) kapsam\u0131nda g\u00fcncelleme katsay\u0131s\u0131 hesaplama y\u00f6ntemi nedeniyle 2024-2025&#8217;te i\u015f\u00e7i ve Ba\u011f-Kur emeklileri i\u00e7in ayl\u0131k fark\u0131 ortaya \u00e7\u0131kacak.<\/p>\n<p style=\"text-align: center;\">Bug\u00fcnk\u00fc tabloyla y\u0131l\u0131n ikinci yar\u0131s\u0131nda emeklilik dilek\u00e7esini verenler 2025&#8217;in ilk yar\u0131s\u0131nda ba\u015fvuruda bulunanlardan yakla\u015f\u0131k y\u00fczde 30 daha fazla ayl\u0131k alacak. Kamuoyunda tart\u0131\u015f\u0131lan emekli ayl\u0131klar\u0131ndaki bu farka y\u00f6nelik nas\u0131l bir form\u00fcl uygulanacak merak ediliyor.<\/p>\n<p style=\"text-align: center;\">Hazine ve Maliye Bakanl\u0131\u011f\u0131 ile konuyu ele alacaklar\u0131n\u0131 belirten \u00c7al\u0131\u015fma ve Sosyal G\u00fcvenlik Bakan\u0131 I\u015f\u0131khan&#8217;\u0131n konuya ili\u015fkin olarak Cumhurba\u015fkan\u0131 Yard\u0131mc\u0131s\u0131 Cevdet Y\u0131lmaz&#8217;la bir g\u00f6r\u00fc\u015fme yapmas\u0131 bekleniyor.<\/p>\n<p style=\"text-align: center;\"><b>Y\u00fcz binlerce ki\u015fi y\u0131l sonuna kadar emekli olmay\u0131 d\u00fc\u015f\u00fcn\u00fcyor<\/b><br \/>\nEmeklilik hesaplamalar\u0131na etki eden enflasyon ve b\u00fcy\u00fcme oranlar\u0131 nedeniyle bu y\u0131l emeklilik dilek\u00e7esi vermek 2025 y\u0131l\u0131na g\u00f6re \u00e7ok daha avantajl\u0131 oldu\u011fu i\u00e7in y\u00fcz binlerce ki\u015fi y\u0131l sonuna kadar emekli olmay\u0131 d\u00fc\u015f\u00fcn\u00fcyor. Emeklilik \u015fartlar\u0131n\u0131 yerine getirdi\u011fi halde ayl\u0131\u011f\u0131n\u0131 y\u00fckseltmek i\u00e7in \u00e7al\u0131\u015fmaya devam edenler de bu konuda bir ad\u0131m at\u0131l\u0131p at\u0131lmayaca\u011f\u0131n\u0131 bekliyor.<\/p>\n<p style=\"text-align: center;\"><b>Yasal de\u011fi\u015fiklik zorunlu<\/b><br \/>\nEmekli ayl\u0131klar\u0131n\u0131n nas\u0131l ba\u011flanaca\u011f\u0131 5510 say\u0131l\u0131 kanun ile d\u00fczenlenirken fark\u0131n giderilmesi i\u00e7in yasal d\u00fczenleme gerekiyor. Bakanl\u0131k yetkilileri, dilek\u00e7e tarihine g\u00f6re 2024&#8217;te emekli ayl\u0131klar\u0131 aras\u0131nda fark\u0131n y\u00fcksek olmas\u0131n\u0131n bu y\u0131l ayl\u0131k art\u0131\u015f\u0131na esas al\u0131nan Temmuz 2023 ile Haziran 2024 ay\u0131 aras\u0131nda ger\u00e7ekle\u015fen enflasyonun 2024 y\u0131l\u0131nda beklenen enflasyon oran\u0131na g\u00f6re y\u00fcksek \u00e7\u0131kmas\u0131ndan kaynakland\u0131\u011f\u0131na dikkat \u00e7ekiyor. T\u00fcrkiye \u0130statistik Kurumu verilerine g\u00f6re, t\u00fcketici enflasyonu Temmuz 2023-Haziran 2024 aras\u0131ndaki bir y\u0131ll\u0131k d\u00f6nemde y\u00fczde 71.60 oran\u0131nda artt\u0131. Merkez Bankas\u0131&#8217;n\u0131n 2024 y\u0131l\u0131 enflasyon tahmini y\u00fczde 44 olarak \u00f6ng\u00f6r\u00fcl\u00fcyor.<\/p>\n<p style=\"text-align: center;\"><b>Fark nas\u0131l ortaya \u00e7\u0131k\u0131yor?<\/b><br \/>\nBu y\u0131l Ba\u011f-Kur, SSK emekli ayl\u0131klar\u0131na ocak ay\u0131nda y\u00fczde 49,25, temmuzda da y\u00fczde 24,73 oran\u0131nda art\u0131\u015f yap\u0131ld\u0131. Temmuz-aral\u0131k d\u00f6neminde emeklilik dilek\u00e7esi verenler ocak-temmuz aylar\u0131nda y\u0131ll\u0131k y\u00fczde 86,16&#8217;ya \u00e7\u0131kan bu zamdan yararlanacak. 2 Ocak 2025&#8217;ten sonra dilek\u00e7e verenler ise 2024 y\u0131l\u0131nda emekli ayl\u0131klar\u0131na yap\u0131lan bu zamdan yararlanamayacak. Bu y\u0131lki t\u00fcketici fiyat enflasyonunun y\u00fczde 100&#8217;\u00fc ile milli gelirdeki art\u0131\u015f\u0131n y\u00fczde 30&#8217;u oran\u0131nda art\u0131\u015f yap\u0131lacak. Bu durumda ortaya yakla\u015f\u0131k y\u00fczde 30-35&#8217;lik kay\u0131p ortaya \u00e7\u0131kacak.<\/p>\n<p style=\"text-align: center;\"><b>Dilek\u00e7eyi 15 Aral\u0131k&#8217;tan \u00f6nce vermeyin!<\/b><br \/>\nMevcut tablodaki kay\u0131ptan etkilenmemek i\u00e7in emeklilik dilek\u00e7esini aral\u0131k sonuna kadar verilmesi yeterli bulunuyor. SGK uzmanlar\u0131 bu konuda endi\u015fesi olanlar\u0131n en az\u0131ndan 15 Aral\u0131k tarihine yasal bir d\u00fczenleme yap\u0131l\u0131p yap\u0131lmayaca\u011f\u0131n\u0131 beklemelerinde fayda bulundu\u011funu belirtiyor. Yap\u0131lacak d\u00fczenlemenin emeklili\u011fe daha uzun s\u00fcre bulunanlar\u0131 da kapsamas\u0131 bekleniyor.<\/p>\n<p style=\"text-align: center;\"><b>Katsay\u0131 nas\u0131l hesaplan\u0131yor?<\/b><br \/>\nG\u00fcncelleme katsay\u0131s\u0131, emekli olacak ki\u015finin talep tarihinden \u00f6nceki y\u0131l\u0131n enflasyon ve b\u00fcy\u00fcme rakam\u0131na g\u00f6re hesaplan\u0131yor. Talep tarihine g\u00f6re de g\u00fcncelleme katsay\u0131s\u0131 de\u011fi\u015fiyor. 2024 y\u0131l\u0131 i\u00e7erisinde ayl\u0131k talebinde bulunan i\u015f\u00e7iye 2023 y\u0131l\u0131n\u0131n g\u00fcncelleme katsay\u0131s\u0131 ile hesaplanan ayl\u0131\u011f\u0131 ba\u011flan\u0131yor. 2025 y\u0131l\u0131nda talepte bulunacak i\u015f\u00e7iye ise 2024 y\u0131l\u0131n\u0131n g\u00fcncelleme katsay\u0131s\u0131 kullan\u0131larak ayl\u0131k ba\u011flanacak.<\/p>\n<p style=\"text-align: center;\"><b>Memurlar\u0131 etkiliyor mu?<\/b><br \/>\nMemurlar\u0131n emekli ayl\u0131klar\u0131 hesaplan\u0131rken g\u00f6sterge sistemi kullan\u0131ld\u0131\u011f\u0131 i\u00e7in 31 Aral\u0131k 2023 ya da 1 Ocak 2025 tarihinde emekli olmak aras\u0131nda emekli ayl\u0131\u011f\u0131 a\u00e7\u0131s\u0131ndan bir fark bulunmuyor. Ba\u011f-Kur&#8217;lular i\u00e7in de 2008 \u00f6ncesi farkl\u0131 bir ayl\u0131k hesaplama sistemi uygulan\u0131yor. Ancak 2008 sonras\u0131nda g\u00fcncelleme katsay\u0131s\u0131n\u0131n etki etmesi s\u00f6z konusu olup bu nedenle Ba\u011f-Kur&#8217;lular i\u00e7in de fark ortaya \u00e7\u0131kacak.<\/p>\n<p style=\"text-align: center;\">Hazal Ate\u015f \/ Cnbc-e<\/p>\n<p style=\"text-align: center;\">\n<p style=\"text-align: center;\">Kaynak : Memurlar.Net<\/p>\n","protected":false},"excerpt":{"rendered":"<p>Bu y\u0131l dilek\u00e7e verenler ile 2025 y\u0131l\u0131nda emekli olacaklar\u0131n ayl\u0131klar\u0131 aras\u0131nda olu\u015facak y\u00fczde 30-35&#8217;lik y\u00fcksek fark\u0131n giderilmesi i\u00e7in g\u00f6zler ekonomi y\u00f6netimine \u00e7evrildi. \u00c7al\u0131\u015fma ve Sosyal G\u00fcvenlik Bakan\u0131 Vedat I\u015f\u0131khan, konuyu Hazine ve Maliye Bakanl\u0131\u011f\u0131 ile ele alacaklar\u0131n\u0131, netlik olmamas\u0131na kar\u015f\u0131n konunun \u00fczerinde \u00e7al\u0131\u015f\u0131ld\u0131\u011f\u0131n\u0131 a\u00e7\u0131klarken, emeklili\u011fe hak kazanan binlerce ki\u015fi emeklilik dilek\u00e7esini beklemeye ald\u0131. Sosyal G\u00fcvenlik [&hellip;]<\/p>\n","protected":false},"author":1,"featured_media":1348,"comment_status":"open","ping_status":"open","sticky":false,"template":"","format":"standard","meta":{"_jetpack_memberships_contains_paid_content":false,"footnotes":""},"categories":[3,33,1,8,2],"tags":[],"class_list":["post-1347","post","type-post","status-publish","format-standard","has-post-thumbnail","hentry","category-ekonomi","category-genel","category-gundem","category-siyaset","category-sondk"],"jetpack_featured_media_url":"https:\/\/yerelses.com.tr\/wp-content\/uploads\/2024\/11\/emekli-ayliginda-2025-farki-masada-dilekce-icin-15-aralik-uyarisi.jpg","jetpack_sharing_enabled":true,"_links":{"self":[{"href":"https:\/\/yerelses.com.tr\/index.php?rest_route=\/wp\/v2\/posts\/1347","targetHints":{"allow":["GET"]}}],"collection":[{"href":"https:\/\/yerelses.com.tr\/index.php?rest_route=\/wp\/v2\/posts"}],"about":[{"href":"https:\/\/yerelses.com.tr\/index.php?rest_route=\/wp\/v2\/types\/post"}],"author":[{"embeddable":true,"href":"https:\/\/yerelses.com.tr\/index.php?rest_route=\/wp\/v2\/users\/1"}],"replies":[{"embeddable":true,"href":"https:\/\/yerelses.com.tr\/index.php?rest_route=%2Fwp%2Fv2%2Fcomments&post=1347"}],"version-history":[{"count":1,"href":"https:\/\/yerelses.com.tr\/index.php?rest_route=\/wp\/v2\/posts\/1347\/revisions"}],"predecessor-version":[{"id":1349,"href":"https:\/\/yerelses.com.tr\/index.php?rest_route=\/wp\/v2\/posts\/1347\/revisions\/1349"}],"wp:featuredmedia":[{"embeddable":true,"href":"https:\/\/yerelses.com.tr\/index.php?rest_route=\/wp\/v2\/media\/1348"}],"wp:attachment":[{"href":"https:\/\/yerelses.com.tr\/index.php?rest_route=%2Fwp%2Fv2%2Fmedia&parent=1347"}],"wp:term":[{"taxonomy":"category","embeddable":true,"href":"https:\/\/yerelses.com.tr\/index.php?rest_route=%2Fwp%2Fv2%2Fcategories&post=1347"},{"taxonomy":"post_tag","embeddable":true,"href":"https:\/\/yerelses.com.tr\/index.php?rest_route=%2Fwp%2Fv2%2Ftags&post=1347"}],"curies":[{"name":"wp","href":"https:\/\/api.w.org\/{rel}","templated":true}]}}