{"id":1344,"date":"2024-11-15T15:08:21","date_gmt":"2024-11-15T15:08:21","guid":{"rendered":"https:\/\/yerelses.com.tr\/?p=1344"},"modified":"2024-11-15T15:08:21","modified_gmt":"2024-11-15T15:08:21","slug":"omer-celik-ic-cepheyi-guclendirme-siyasetini-surdurecegiz","status":"publish","type":"post","link":"https:\/\/yerelses.com.tr\/?p=1344","title":{"rendered":"\u00d6mer \u00c7elik: \u0130\u00e7 cepheyi g\u00fc\u00e7lendirme siyasetini s\u00fcrd\u00fcrece\u011fiz"},"content":{"rendered":"<h2 class=\"description\" style=\"text-align: center;\">AK Parti Merkez Y\u00fcr\u00fctme Kurulu (MYK) topland\u0131. AK Parti S\u00f6zc\u00fcs\u00fc \u00d6mer \u00c7elik, partisinin kongre s\u00fcrecine ili\u015fkin &#8220;\u0130\u00e7 cepheyi g\u00fc\u00e7lendirme siyasetini s\u00fcrd\u00fcrece\u011fiz.&#8221; dedi. \u00c7elik, b\u00fct\u00fcn MYK ve MKYK toplant\u0131lar\u0131n\u0131n ana g\u00fcndeminin Gazze oldu\u011funu dile getirip &#8220;\u0130srail, t\u00fcm d\u00fcnyaya sald\u0131ran g\u00f6z\u00fc d\u00f6nm\u00fc\u015f bir \u015febeke.&#8221; ifadelerini kulland\u0131.<\/h2>\n<p style=\"text-align: center;\">AK Parti S\u00f6zc\u00fcs\u00fc \u00d6mer \u00c7elik, partisinin Merkez Y\u00fcr\u00fctme Kurulu (MYK) toplant\u0131s\u0131nda ili\u015fkin a\u00e7\u0131klama yap\u0131yor.<\/p>\n<p style=\"text-align: center;\">\u00c7elik&#8217;in a\u00e7\u0131klamalar\u0131 \u015f\u00f6yle:<\/p>\n<p style=\"text-align: center;\">\u0130L\u00c7E KONGRELER\u0130<\/p>\n<p style=\"text-align: center;\">Kongrelerdeki ana temam\u0131z da il\u00e7elerden ba\u015flayarak illere yay\u0131larak i\u00e7 cephenin g\u00fc\u00e7lendirilmesidir. Bu takvim bittikten sonra net bir \u015fekilde il kongreleri s\u00f6z konusu olacak.<\/p>\n<p style=\"text-align: center;\">&#8220;CUMHUR \u0130TT\u0130FAKI KARARLI B\u0130R \u015eEK\u0130LDE Y\u00dcR\u00dcYOR&#8221;<\/p>\n<p style=\"text-align: center;\">Muhalefette \u00e7at\u0131\u015fmalar var. Cumhur \u0130ttifak\u0131 hedeflerine kararl\u0131 bir \u015fekilde y\u00fcr\u00fcyor. \u00d6n\u00fcm\u00fczdeki g\u00fcnlerde Cumhur \u0130ttifak\u0131&#8217;n\u0131n daha da g\u00fc\u00e7lenerek yola devam edece\u011fi konusundaki kararl\u0131l\u0131\u011f\u0131m\u0131z da kesin.<\/p>\n<p style=\"text-align: center;\">\u0130SRA\u0130L&#8217;\u0130N SALDIRILARI<\/p>\n<p style=\"text-align: center;\">B\u00fct\u00fcn MKYK, MYK toplant\u0131lar\u0131nda bizim g\u00fcndemimiz Gazze&#8217;dir. Bat\u0131 \u015eeria&#8217;daki ilhak daha b\u00fcy\u00fck istikrars\u0131zl\u0131\u011fa yol a\u00e7ar. \u0130srail, t\u00fcm d\u00fcnyaya sald\u0131ran g\u00f6z\u00fc d\u00f6nm\u00fc\u015f bir \u015febeke.<\/p>\n<p style=\"text-align: center;\">Soyk\u0131r\u0131m\u0131n durmas\u0131 i\u00e7in somut ad\u0131mlar gerekir.<\/p>\n<p style=\"text-align: center;\">\n<div id=\"zone-pharagraphs1\" class=\"widget-article\" style=\"text-align: center;\"><\/div>\n<p style=\"text-align: center;\">\n<p style=\"text-align: center;\">ERDO\u011eAN&#8217;IN D\u0130PLOMAS\u0130 TRAF\u0130\u011e\u0130<\/p>\n<p style=\"text-align: center;\">B\u00fct\u00fcn d\u00fcnyada ana hatlar\u0131 T\u00fcrkiye olu\u015fturuyor.<\/p>\n<p style=\"text-align: center;\">B\u00fct\u00fcn platformlarda T\u00fcrkiye olarak yer almak istiyoruz.<\/p>\n<p style=\"text-align: center;\">&#8220;AVRUPA KKTC KONUSUNDA \u0130K\u0130Y\u00dcZL\u00dc&#8221;<\/p>\n<p style=\"text-align: center;\">KKTC&#8217;nin tan\u0131nmas\u0131 i\u00e7in b\u00fct\u00fcn giri\u015fimleri s\u00fcrd\u00fcrece\u011fiz.<\/p>\n<p style=\"text-align: center;\">\n<div id=\"zone-pharagraphs2\" class=\"widget-article\" style=\"text-align: center;\"><\/div>\n<p style=\"text-align: center;\">\n<p style=\"text-align: center;\">BELED\u0130YELERE KONSER SORU\u015eTURMASI<\/p>\n<p style=\"text-align: center;\">Denetleme mekanizmalar\u0131 \u00e7al\u0131\u015ft\u0131r\u0131l\u0131nca rahats\u0131z oluyorlar. Denetim herkes i\u00e7in ge\u00e7erlidir, sicil amirimiz vatanda\u015ft\u0131r.<\/p>\n<p style=\"text-align: center;\">TRUMP&#8217;IN TARTI\u015eILAN KAB\u0130NES\u0130<\/p>\n<p style=\"text-align: center;\">Baz\u0131lar\u0131n\u0131n olumsuz beyanlar\u0131 oldu\u011funu biliyoruz. Atacaklar\u0131 ad\u0131mlar\u0131 beklemek gerekiyor.<\/p>\n<p style=\"text-align: center;\">&#8220;\u0130SRA\u0130L KATL\u0130AMI S\u00dcRD\u00dcR\u00dcYOR&#8221;<\/p>\n<p style=\"text-align: center;\">\n<div id=\"zone-pharagraphs3\" class=\"widget-article\" style=\"text-align: center;\"><\/div>\n<p style=\"text-align: center;\">\n<p style=\"text-align: center;\">Netanyahu y\u00f6netimi ate\u015fkese yana\u015fm\u0131yor.<\/p>\n<p style=\"text-align: center;\">SUR\u0130YE&#8217;YE YEN\u0130 HAREKAT OLUR MU?<\/p>\n<p style=\"text-align: center;\">B\u00f6lgedeki geli\u015fmeleri takip ediyoruz.<\/p>\n<p style=\"text-align: center;\">Kaynak : Memurlar.Net<\/p>\n","protected":false},"excerpt":{"rendered":"<p>AK Parti Merkez Y\u00fcr\u00fctme Kurulu (MYK) topland\u0131. AK Parti S\u00f6zc\u00fcs\u00fc \u00d6mer \u00c7elik, partisinin kongre s\u00fcrecine ili\u015fkin &#8220;\u0130\u00e7 cepheyi g\u00fc\u00e7lendirme siyasetini s\u00fcrd\u00fcrece\u011fiz.&#8221; dedi. \u00c7elik, b\u00fct\u00fcn MYK ve MKYK toplant\u0131lar\u0131n\u0131n ana g\u00fcndeminin Gazze oldu\u011funu dile getirip &#8220;\u0130srail, t\u00fcm d\u00fcnyaya sald\u0131ran g\u00f6z\u00fc d\u00f6nm\u00fc\u015f bir \u015febeke.&#8221; ifadelerini kulland\u0131. AK Parti S\u00f6zc\u00fcs\u00fc \u00d6mer \u00c7elik, partisinin Merkez Y\u00fcr\u00fctme Kurulu (MYK) toplant\u0131s\u0131nda [&hellip;]<\/p>\n","protected":false},"author":1,"featured_media":1345,"comment_status":"open","ping_status":"open","sticky":false,"template":"","format":"standard","meta":{"_jetpack_memberships_contains_paid_content":false,"footnotes":""},"categories":[33,1,8,2],"tags":[],"class_list":["post-1344","post","type-post","status-publish","format-standard","has-post-thumbnail","hentry","category-genel","category-gundem","category-siyaset","category-sondk"],"jetpack_featured_media_url":"https:\/\/yerelses.com.tr\/wp-content\/uploads\/2024\/11\/omer-celik-ic-cepheyi-guclendirme-siyasetini-surdurecegiz.jpg","jetpack_sharing_enabled":true,"_links":{"self":[{"href":"https:\/\/yerelses.com.tr\/index.php?rest_route=\/wp\/v2\/posts\/1344","targetHints":{"allow":["GET"]}}],"collection":[{"href":"https:\/\/yerelses.com.tr\/index.php?rest_route=\/wp\/v2\/posts"}],"about":[{"href":"https:\/\/yerelses.com.tr\/index.php?rest_route=\/wp\/v2\/types\/post"}],"author":[{"embeddable":true,"href":"https:\/\/yerelses.com.tr\/index.php?rest_route=\/wp\/v2\/users\/1"}],"replies":[{"embeddable":true,"href":"https:\/\/yerelses.com.tr\/index.php?rest_route=%2Fwp%2Fv2%2Fcomments&post=1344"}],"version-history":[{"count":1,"href":"https:\/\/yerelses.com.tr\/index.php?rest_route=\/wp\/v2\/posts\/1344\/revisions"}],"predecessor-version":[{"id":1346,"href":"https:\/\/yerelses.com.tr\/index.php?rest_route=\/wp\/v2\/posts\/1344\/revisions\/1346"}],"wp:featuredmedia":[{"embeddable":true,"href":"https:\/\/yerelses.com.tr\/index.php?rest_route=\/wp\/v2\/media\/1345"}],"wp:attachment":[{"href":"https:\/\/yerelses.com.tr\/index.php?rest_route=%2Fwp%2Fv2%2Fmedia&parent=1344"}],"wp:term":[{"taxonomy":"category","embeddable":true,"href":"https:\/\/yerelses.com.tr\/index.php?rest_route=%2Fwp%2Fv2%2Fcategories&post=1344"},{"taxonomy":"post_tag","embeddable":true,"href":"https:\/\/yerelses.com.tr\/index.php?rest_route=%2Fwp%2Fv2%2Ftags&post=1344"}],"curies":[{"name":"wp","href":"https:\/\/api.w.org\/{rel}","templated":true}]}}