{"id":1336,"date":"2024-11-15T15:04:00","date_gmt":"2024-11-15T15:04:00","guid":{"rendered":"https:\/\/yerelses.com.tr\/?p=1336"},"modified":"2024-11-15T15:04:00","modified_gmt":"2024-11-15T15:04:00","slug":"genc-muhabir-silahli-saldiriya-ugradi-durumu-kritik","status":"publish","type":"post","link":"https:\/\/yerelses.com.tr\/?p=1336","title":{"rendered":"Gen\u00e7 Muhabir silahl\u0131 sald\u0131r\u0131ya u\u011frad\u0131! Durumu kritik"},"content":{"rendered":"<h2 class=\"description\" style=\"text-align: center;\">Elaz\u0131\u011f&#8217;da yerel bir televizyonda muhabirlik yapan 25 ya\u015f\u0131ndaki Semra Demirelli, erkek arkada\u015f\u0131 oldu\u011fu belirtilen Vahap Selim \u00c7etin taraf\u0131ndan silahla ensesinden vuruldu. Gen\u00e7 kad\u0131n\u0131n durumu kritik. Cinayetin ard\u0131ndan ayn\u0131 silahla kendisini vuran \u00c7etin ise \u00f6ld\u00fc.<\/h2>\n<p style=\"text-align: center;\">\n<p style=\"text-align: center;\">Elaz\u0131\u011f&#8217;da Vahap Selim \u00c7etin isimli ki\u015fi, yerel bir televizyonda gazetecilik yapan k\u0131z arkada\u015f\u0131 Semra Demirelli&#8217;yi silahla vurdu, ard\u0131ndan intihar etti.<\/p>\n<p style=\"text-align: center;\">Olay, \u00f6\u011fle saatlerinde Abdullahpa\u015fa Mahallesi&#8217;nde meydana geldi. Vahap Selim \u00c7etin, yerel televizyonda muhabir olan k\u0131z arkada\u015f\u0131 Semra Demirelli&#8217;nin evine gitti.<img fetchpriority=\"high\" decoding=\"async\" class=\"alignnone wp-image-1338 size-full\" src=\"https:\/\/yerelses.com.tr\/wp-content\/uploads\/2024\/11\/0tdvmqfgteizsl_zoczltg.jpg\" alt=\"\" width=\"1000\" height=\"662\" srcset=\"https:\/\/yerelses.com.tr\/wp-content\/uploads\/2024\/11\/0tdvmqfgteizsl_zoczltg.jpg 1000w, https:\/\/yerelses.com.tr\/wp-content\/uploads\/2024\/11\/0tdvmqfgteizsl_zoczltg-300x199.jpg 300w, https:\/\/yerelses.com.tr\/wp-content\/uploads\/2024\/11\/0tdvmqfgteizsl_zoczltg-768x508.jpg 768w\" sizes=\"(max-width: 1000px) 100vw, 1000px\" \/><\/p>\n<p style=\"text-align: center;\">Demirelli&#8217;nin annesinin de evde oldu\u011fu s\u0131rada ikili aras\u0131nda tart\u0131\u015fma \u00e7\u0131kt\u0131. Bu s\u0131rada Vahap Selim \u00c7etin, yan\u0131nda getirdi\u011fi tabancayla Semra Demirelli&#8217;ye ate\u015f etti.<\/p>\n<p>Ensesinden vurulan Demirelli a\u011f\u0131r yaralan\u0131rken, \u015f\u00fcpheli ka\u00e7t\u0131. \u0130hbarla olay yerine sa\u011fl\u0131k ve polis ekipleri sevk edildi.<\/p>\n<p style=\"text-align: center;\">F\u0131rat \u00dcniversitesi Hastanesi&#8217;ne kald\u0131r\u0131lan Semra Demirelli&#8217;nin durumunun a\u011f\u0131r oldu\u011fu bildirildi.<\/p>\n<p style=\"text-align: center;\"><img decoding=\"async\" class=\"alignnone wp-image-1339 size-full\" src=\"https:\/\/yerelses.com.tr\/wp-content\/uploads\/2024\/11\/m5conwvrw0-ubdjycq-wka.jpg\" alt=\"\" width=\"1000\" height=\"662\" srcset=\"https:\/\/yerelses.com.tr\/wp-content\/uploads\/2024\/11\/m5conwvrw0-ubdjycq-wka.jpg 1000w, https:\/\/yerelses.com.tr\/wp-content\/uploads\/2024\/11\/m5conwvrw0-ubdjycq-wka-300x199.jpg 300w, https:\/\/yerelses.com.tr\/wp-content\/uploads\/2024\/11\/m5conwvrw0-ubdjycq-wka-768x508.jpg 768w\" sizes=\"(max-width: 1000px) 100vw, 1000px\" \/><\/p>\n<p style=\"text-align: center;\">Ka\u00e7an Vahap Selim \u00c7etin de Ak\u00e7akiraz beldesinde tabancas\u0131n\u0131 ba\u015f\u0131na dayayarak intihar giri\u015fiminde bulundu.<\/p>\n<p style=\"text-align: center;\">A\u011f\u0131r yaralanan \u00c7etin, olay yerine sevk edilen sa\u011fl\u0131k ekiplerince ilk m\u00fcdahalenin ard\u0131ndan Fethi Sekin \u015eehir Hastanesi&#8217;ne kald\u0131r\u0131ld\u0131. \u00c7etin burada \u00f6ld\u00fc.<\/p>\n<p>Olayla ilgili soru\u015fturma ba\u015flat\u0131ld\u0131.<\/p>\n<p style=\"text-align: center;\">Kaynak : DHA<\/p>\n","protected":false},"excerpt":{"rendered":"<p>Elaz\u0131\u011f&#8217;da yerel bir televizyonda muhabirlik yapan 25 ya\u015f\u0131ndaki Semra Demirelli, erkek arkada\u015f\u0131 oldu\u011fu belirtilen Vahap Selim \u00c7etin taraf\u0131ndan silahla ensesinden vuruldu. Gen\u00e7 kad\u0131n\u0131n durumu kritik. Cinayetin ard\u0131ndan ayn\u0131 silahla kendisini vuran \u00c7etin ise \u00f6ld\u00fc. Elaz\u0131\u011f&#8217;da Vahap Selim \u00c7etin isimli ki\u015fi, yerel bir televizyonda gazetecilik yapan k\u0131z arkada\u015f\u0131 Semra Demirelli&#8217;yi silahla vurdu, ard\u0131ndan intihar etti. Olay, [&hellip;]<\/p>\n","protected":false},"author":1,"featured_media":1337,"comment_status":"open","ping_status":"open","sticky":false,"template":"","format":"standard","meta":{"_jetpack_memberships_contains_paid_content":false,"footnotes":""},"categories":[9,33,1,2],"tags":[],"class_list":["post-1336","post","type-post","status-publish","format-standard","has-post-thumbnail","hentry","category-asayis","category-genel","category-gundem","category-sondk"],"jetpack_featured_media_url":"https:\/\/yerelses.com.tr\/wp-content\/uploads\/2024\/11\/genc-muhabir-silahli-saldiriya-ugradi-durumu-kritik.jpg","jetpack_sharing_enabled":true,"_links":{"self":[{"href":"https:\/\/yerelses.com.tr\/index.php?rest_route=\/wp\/v2\/posts\/1336","targetHints":{"allow":["GET"]}}],"collection":[{"href":"https:\/\/yerelses.com.tr\/index.php?rest_route=\/wp\/v2\/posts"}],"about":[{"href":"https:\/\/yerelses.com.tr\/index.php?rest_route=\/wp\/v2\/types\/post"}],"author":[{"embeddable":true,"href":"https:\/\/yerelses.com.tr\/index.php?rest_route=\/wp\/v2\/users\/1"}],"replies":[{"embeddable":true,"href":"https:\/\/yerelses.com.tr\/index.php?rest_route=%2Fwp%2Fv2%2Fcomments&post=1336"}],"version-history":[{"count":1,"href":"https:\/\/yerelses.com.tr\/index.php?rest_route=\/wp\/v2\/posts\/1336\/revisions"}],"predecessor-version":[{"id":1340,"href":"https:\/\/yerelses.com.tr\/index.php?rest_route=\/wp\/v2\/posts\/1336\/revisions\/1340"}],"wp:featuredmedia":[{"embeddable":true,"href":"https:\/\/yerelses.com.tr\/index.php?rest_route=\/wp\/v2\/media\/1337"}],"wp:attachment":[{"href":"https:\/\/yerelses.com.tr\/index.php?rest_route=%2Fwp%2Fv2%2Fmedia&parent=1336"}],"wp:term":[{"taxonomy":"category","embeddable":true,"href":"https:\/\/yerelses.com.tr\/index.php?rest_route=%2Fwp%2Fv2%2Fcategories&post=1336"},{"taxonomy":"post_tag","embeddable":true,"href":"https:\/\/yerelses.com.tr\/index.php?rest_route=%2Fwp%2Fv2%2Ftags&post=1336"}],"curies":[{"name":"wp","href":"https:\/\/api.w.org\/{rel}","templated":true}]}}