{"id":1330,"date":"2024-11-14T15:15:41","date_gmt":"2024-11-14T15:15:41","guid":{"rendered":"https:\/\/yerelses.com.tr\/?p=1330"},"modified":"2024-11-14T15:15:41","modified_gmt":"2024-11-14T15:15:41","slug":"2025te-zam-orani-ve-yeni-asgari-ucret-ne-kadar-olacak","status":"publish","type":"post","link":"https:\/\/yerelses.com.tr\/?p=1330","title":{"rendered":"2025&#8217;te zam oran\u0131 ve yeni asgari \u00fccret ne kadar olacak?"},"content":{"rendered":"<h2 class=\"description\" style=\"text-align: center;\">Merkez Bankas\u0131&#8217;n\u0131n a\u00e7\u0131klad\u0131\u011f\u0131 y\u0131l\u0131n son enflasyon raporu sonras\u0131 milyonlarca vatanda\u015f\u0131n g\u00f6z\u00fc kula\u011f\u0131 a\u00e7\u0131klanacak asgari \u00fccrete kilitlenmi\u015f durumda. A\u00e7\u0131klanan veriler sonras\u0131 asgari \u00fccretin ne kadar olaca\u011f\u0131 ve yap\u0131lacak zam oran\u0131n\u0131 i\u015f\u00e7i ve i\u015fveren kesimi merakla bekliyor. Peki asgari \u00fccret ne kadar olacak?<\/h2>\n<p style=\"text-align: center;\">SABAH Gazetesi yazar\u0131 \u00d6zlem Do\u011faner bug\u00fcnk\u00fc yaz\u0131s\u0131nda asgari \u00fccret ve yap\u0131lacak zam oran\u0131na yer verdi.<\/p>\n<p style=\"text-align: center;\"><b>\u0130\u015fte Do\u011faner&#8217;in o yaz\u0131s\u0131&#8230;<\/b><\/p>\n<p style=\"text-align: center;\">Seneye yo\u011fun bir \u015fekilde ba\u015flam\u0131\u015ft\u0131k, ayn\u0131 yo\u011funlukta da bu y\u0131l\u0131 tamamlayaca\u011f\u0131z san\u0131r\u0131m. Ge\u00e7en hafta belki de bir ayda g\u00f6rece\u011fimiz veri ve geli\u015fmeleri sadece be\u015f g\u00fcne s\u0131\u011fd\u0131rd\u0131k.<\/p>\n<p style=\"text-align: center;\">\u00d6nce enflasyon verisini g\u00f6rd\u00fck, akabinde ABD yeni ba\u015fkan\u0131n\u0131 se\u00e7ti. &#8220;Fed ne karar verir?&#8221; derken 25 baz puan faiz indirimini takip ettik. Sabah\u0131nda ise Cuma g\u00fcn\u00fc y\u0131l\u0131n son enflasyon raporu sunumunu Merkez Bankas\u0131 Ba\u015fkan\u0131 Fatih Karahan&#8217;dan dinledik.<\/p>\n<p style=\"text-align: center;\">Art\u0131k son d\u00fczl\u00fc\u011fe girdik. Bu arada Meclis&#8217;te b\u00fct\u00e7e g\u00f6r\u00fc\u015fmeleri de devam ediyor. Vatanda\u015f\u0131n son d\u00f6nemde en \u00e7ok merak etti\u011fi iki nokta var.<\/p>\n<p style=\"text-align: center;\">1. Enflasyondaki d\u00fc\u015f\u00fc\u015f benim cebime ne zaman yans\u0131yacak?<br \/>\n2. Asgari \u00fccrete ne kadar zam yap\u0131lacak?<\/p>\n<p style=\"text-align: center;\">Enflasyonu uzun bir s\u00fcredir konu\u015fuyoruz, 2025&#8217;te de konu\u015fmaya devam edece\u011fiz. Ama y\u0131l\u0131n son d\u00f6neminde asgari \u00fccret g\u00f6r\u00fc\u015fmelerini ve asgari \u00fccrete olas\u0131 zam oranlar\u0131 daha fazla konu\u015faca\u011f\u0131z.<\/p>\n<p style=\"text-align: center;\">Enflasyon raporu sunumunda Merkez Bankas\u0131 Ba\u015fkan\u0131 Fatih Karahan, &#8220;Asgari \u00fccreti Merkez Bankas\u0131 belirlemiyor. H\u00fck\u00fcmet, i\u015fveren ve sendikalar bir araya geliyor ve g\u00f6r\u00fc\u015fmeler ger\u00e7ekle\u015ftiriyor&#8221; demi\u015fti. Yine ayn\u0131 sunumda Merkez Bankas\u0131 Ba\u015fkan Yard\u0131mc\u0131s\u0131 Cevdet Ak\u00e7ay &#8220;\u00dccretlerin belirlenmesinde ileriye d\u00f6n\u00fck endekslemeye ge\u00e7mek durumunda oldu\u011funu bunun iyi olaca\u011f\u0131n\u0131&#8221; s\u00f6yledi.<\/p>\n<p style=\"text-align: center;\">Meclis&#8217;te b\u00fct\u00e7e g\u00f6r\u00fc\u015fmelerinde \u00c7al\u0131\u015fma ve Sosyal G\u00fcvenlik Bakan\u0131 Vedat I\u015f\u0131khan &#8220;Aral\u0131k ay\u0131nda, 2025 y\u0131l\u0131nda uygulanacak asgari \u00fccreti belirlemek i\u00e7in yine komisyonumuz toplanacak, herkesin mutab\u0131k kald\u0131\u011f\u0131 bir tutarda uzla\u015f\u0131laca\u011f\u0131n\u0131 \u00fcmit ediyoruz&#8221; dedi.<\/p>\n<p style=\"text-align: center;\">\n<div id=\"zone-pharagraphs1\" class=\"widget-article\" style=\"text-align: center;\"><\/div>\n<p style=\"text-align: center;\">\n<p style=\"text-align: center;\">Merkez Bankas\u0131 y\u0131l sonu enflasyonu %44 oran\u0131nda bekliyor, Orta Vadeli Programda ise %41,5&#8217;lik \u00f6ng\u00f6r\u00fc var. MB&#8217;nin 2025 y\u0131l\u0131 \u00f6ng\u00f6r\u00fcs\u00fc ise %21. Ba\u015fkan Karahan Kas\u0131m ve Aral\u0131k&#8217;ta her ay i\u00e7in %1,5&#8217;lik ayl\u0131k enflasyon beklentilerinin oldu\u011funu belirtti. Kas\u0131m enflasyonu bize tabloyu daha net g\u00f6sterecek.<\/p>\n<p style=\"text-align: center;\"><b>Peki yeni asgari \u00fccret ne kadar olacak?<\/b><\/p>\n<p style=\"text-align: center;\">%21 zam gelirse yeni y\u0131lda uygulanacak asgari \u00fccret 20 bin 572 TL olacak. Zam oran\u0131 %25 olursa 21 bin 252 TL olarak kay\u0131tlara ge\u00e7ecek.<\/p>\n<p style=\"text-align: center;\">%30&#8217;luk zam oran\u0131yla yeni y\u0131lda asgari \u00fccret 22 bin 102 TL, %40 art\u0131\u015f olursa 23 bin 802 TL, %44 olursa 24 bin 483 TL&#8217;yi g\u00f6rece\u011fiz.<\/p>\n<p style=\"text-align: center;\">%50&#8217;lik bir zam da ise asgari \u00fccretlinin cebine 2025&#8217;te 25 bin 503 TL girecek.<\/p>\n<p style=\"text-align: center;\">\n<div id=\"zone-pharagraphs2\" class=\"widget-article\" style=\"text-align: center;\"><\/div>\n<p style=\"text-align: center;\">\n<p style=\"text-align: center;\">Elbette asgari \u00fccretin i\u015fverenin \u00f6deyebilece\u011fi d\u00fczeyde olmas\u0131 laz\u0131m, elbette enflasyona a\u015f\u0131r\u0131 y\u00fck olmamas\u0131 laz\u0131m.<br \/>\nElbette iktidarda olmad\u0131klar\u0131 i\u00e7in b\u00fct\u00e7eye a\u015f\u0131r\u0131 y\u00fck getirecek u\u00e7uk ka\u00e7\u0131k rakamlar\u0131 telaffuz edenler gibi hayalci de\u011filim. Ama ya\u015fanan bu enflasyon d\u00f6neminde en b\u00fcy\u00fck s\u0131k\u0131nt\u0131y\u0131 asgari \u00fccretli \u00e7al\u0131\u015fan ya\u015f\u0131yor.<br \/>\nDaha asgari \u00fccret artmadan, ihtimalleri \u00fczerine bile etiketlerin de\u011fi\u015fti\u011fini hepimiz biliyoruz. Elbette enflasyon hesab\u0131 yapmak zorunda olanlar temkinli olabilir.<br \/>\nAma do\u011frusu &#8220;vatanda\u015f\u0131n ezdirilmemesi&#8221; politikas\u0131ndan vazge\u00e7ilmemesi laz\u0131m. Ben %35&#8217;in alt\u0131nda zam yap\u0131lmamas\u0131 gerekti\u011fini d\u00fc\u015f\u00fcn\u00fcyorum. Bakal\u0131m ortaya nas\u0131l bir karar \u00e7\u0131kacak.<\/p>\n<p style=\"text-align: center;\">Kaynak : Sabah<\/p>\n","protected":false},"excerpt":{"rendered":"<p>Merkez Bankas\u0131&#8217;n\u0131n a\u00e7\u0131klad\u0131\u011f\u0131 y\u0131l\u0131n son enflasyon raporu sonras\u0131 milyonlarca vatanda\u015f\u0131n g\u00f6z\u00fc kula\u011f\u0131 a\u00e7\u0131klanacak asgari \u00fccrete kilitlenmi\u015f durumda. A\u00e7\u0131klanan veriler sonras\u0131 asgari \u00fccretin ne kadar olaca\u011f\u0131 ve yap\u0131lacak zam oran\u0131n\u0131 i\u015f\u00e7i ve i\u015fveren kesimi merakla bekliyor. Peki asgari \u00fccret ne kadar olacak? SABAH Gazetesi yazar\u0131 \u00d6zlem Do\u011faner bug\u00fcnk\u00fc yaz\u0131s\u0131nda asgari \u00fccret ve yap\u0131lacak zam oran\u0131na yer [&hellip;]<\/p>\n","protected":false},"author":1,"featured_media":1331,"comment_status":"open","ping_status":"open","sticky":false,"template":"","format":"standard","meta":{"_jetpack_memberships_contains_paid_content":false,"footnotes":""},"categories":[3,33,1,2],"tags":[],"class_list":["post-1330","post","type-post","status-publish","format-standard","has-post-thumbnail","hentry","category-ekonomi","category-genel","category-gundem","category-sondk"],"jetpack_featured_media_url":"https:\/\/yerelses.com.tr\/wp-content\/uploads\/2024\/11\/2025-te-zam-orani-ve-yeni-asgari-ucret-ne-kadar-olacak.jpg","jetpack_sharing_enabled":true,"_links":{"self":[{"href":"https:\/\/yerelses.com.tr\/index.php?rest_route=\/wp\/v2\/posts\/1330","targetHints":{"allow":["GET"]}}],"collection":[{"href":"https:\/\/yerelses.com.tr\/index.php?rest_route=\/wp\/v2\/posts"}],"about":[{"href":"https:\/\/yerelses.com.tr\/index.php?rest_route=\/wp\/v2\/types\/post"}],"author":[{"embeddable":true,"href":"https:\/\/yerelses.com.tr\/index.php?rest_route=\/wp\/v2\/users\/1"}],"replies":[{"embeddable":true,"href":"https:\/\/yerelses.com.tr\/index.php?rest_route=%2Fwp%2Fv2%2Fcomments&post=1330"}],"version-history":[{"count":1,"href":"https:\/\/yerelses.com.tr\/index.php?rest_route=\/wp\/v2\/posts\/1330\/revisions"}],"predecessor-version":[{"id":1332,"href":"https:\/\/yerelses.com.tr\/index.php?rest_route=\/wp\/v2\/posts\/1330\/revisions\/1332"}],"wp:featuredmedia":[{"embeddable":true,"href":"https:\/\/yerelses.com.tr\/index.php?rest_route=\/wp\/v2\/media\/1331"}],"wp:attachment":[{"href":"https:\/\/yerelses.com.tr\/index.php?rest_route=%2Fwp%2Fv2%2Fmedia&parent=1330"}],"wp:term":[{"taxonomy":"category","embeddable":true,"href":"https:\/\/yerelses.com.tr\/index.php?rest_route=%2Fwp%2Fv2%2Fcategories&post=1330"},{"taxonomy":"post_tag","embeddable":true,"href":"https:\/\/yerelses.com.tr\/index.php?rest_route=%2Fwp%2Fv2%2Ftags&post=1330"}],"curies":[{"name":"wp","href":"https:\/\/api.w.org\/{rel}","templated":true}]}}