{"id":1327,"date":"2024-11-14T15:14:12","date_gmt":"2024-11-14T15:14:12","guid":{"rendered":"https:\/\/yerelses.com.tr\/?p=1327"},"modified":"2024-11-14T15:15:57","modified_gmt":"2024-11-14T15:15:57","slug":"ebrar-sitesi-davasi-23-ocaka-ertelendi","status":"publish","type":"post","link":"https:\/\/yerelses.com.tr\/?p=1327","title":{"rendered":"Ebrar Sitesi davas\u0131 23 Ocak&#8217;a ertelendi"},"content":{"rendered":"<h2 class=\"description\" style=\"text-align: center;\">&#8220;Asr\u0131n felaketi&#8221; olarak nitelendirilen 6 \u015eubat 2023&#8217;teki depremde y\u0131k\u0131lan Ebrar Sitesi B Blok&#8217;ta 111 ki\u015finin \u00f6l\u00fcm\u00fcne ili\u015fkin 6 san\u0131\u011f\u0131n yarg\u0131lanmas\u0131na devam edildi.<\/h2>\n<p style=\"text-align: center;\">KAHRAMANMARA\u015e (AA) &#8211; &#8220;Asr\u0131n felaketi&#8221; olarak nitelendirilen 6 \u015eubat 2023&#8217;teki depremde y\u0131k\u0131lan Ebrar Sitesi B Blok&#8217;ta 111 ki\u015finin \u00f6l\u00fcm\u00fcne ili\u015fkin 6 san\u0131\u011f\u0131n yarg\u0131lanmas\u0131na devam edildi.<\/p>\n<p style=\"text-align: center;\">3. A\u011f\u0131r Ceza Mahkemesinde g\u00f6r\u00fclen davan\u0131n duru\u015fmas\u0131na, tutuklu san\u0131klar Atilla \u00d6z ve Tevfik Tepeba\u015f\u0131 bulunduklar\u0131 cezaevinden Ses ve G\u00f6r\u00fcnt\u00fc Bili\u015fim Sistemi arac\u0131l\u0131\u011f\u0131yla kat\u0131ld\u0131. Tutuksuz san\u0131k Salih T. ile m\u00fc\u015ftekiler ve taraf avukatlar\u0131 duru\u015fma salonunda haz\u0131r bulundu, di\u011fer tutuksuz san\u0131klar duru\u015fmaya gelmedi.<\/p>\n<p style=\"text-align: center;\">San\u0131k Tepeba\u015f\u0131, savunmas\u0131nda, binan\u0131n kooperatif taraf\u0131ndan yap\u0131ld\u0131\u011f\u0131n\u0131 ve in\u015faat s\u00fcrecinde kendisinin bir yetkisi bulunmad\u0131\u011f\u0131n\u0131 ifade etti.<\/p>\n<p style=\"text-align: center;\">Tepeba\u015f\u0131, 7,7 b\u00fcy\u00fckl\u00fc\u011f\u00fcndeki depremden dolay\u0131 sorumlu olmad\u0131\u011f\u0131n\u0131 savunarak, &#8220;Ben teknik eleman de\u011filim, binan\u0131n y\u0131k\u0131lmas\u0131yla bir alakam yok.&#8221; dedi.<\/p>\n<p style=\"text-align: center;\">San\u0131k Atilla \u00d6z de su\u00e7suz oldu\u011funu belirterek tahliyesini talep etti.<\/p>\n<p style=\"text-align: center;\">Mahkeme heyeti, ara karar\u0131nda, san\u0131klar\u0131n mevcut hallerinin devam\u0131na h\u00fckmetti.<\/p>\n<p style=\"text-align: center;\">Duru\u015fma 23 Ocak 2025&#8217;e ertelendi.<\/p>\n<p style=\"text-align: center;\">Kahramanmara\u015f Cumhuriyet Ba\u015fsavc\u0131l\u0131\u011f\u0131nca haz\u0131rlanan iddianamede, san\u0131klar hakk\u0131nda &#8220;bilin\u00e7li taksirle birden fazla ki\u015finin \u00f6l\u00fcm\u00fcne ve yaralanmas\u0131na neden olma&#8221; su\u00e7undan 22 y\u0131l 6&#8217;\u015far aya kadar hapis cezas\u0131 talep ediliyor.<\/p>\n<p style=\"text-align: center;\">\n<p style=\"text-align: center;\">Kaynak : Anadolu Ajans\u0131<\/p>\n","protected":false},"excerpt":{"rendered":"<p>&#8220;Asr\u0131n felaketi&#8221; olarak nitelendirilen 6 \u015eubat 2023&#8217;teki depremde y\u0131k\u0131lan Ebrar Sitesi B Blok&#8217;ta 111 ki\u015finin \u00f6l\u00fcm\u00fcne ili\u015fkin 6 san\u0131\u011f\u0131n yarg\u0131lanmas\u0131na devam edildi. KAHRAMANMARA\u015e (AA) &#8211; &#8220;Asr\u0131n felaketi&#8221; olarak nitelendirilen 6 \u015eubat 2023&#8217;teki depremde y\u0131k\u0131lan Ebrar Sitesi B Blok&#8217;ta 111 ki\u015finin \u00f6l\u00fcm\u00fcne ili\u015fkin 6 san\u0131\u011f\u0131n yarg\u0131lanmas\u0131na devam edildi. 3. A\u011f\u0131r Ceza Mahkemesinde g\u00f6r\u00fclen davan\u0131n duru\u015fmas\u0131na, tutuklu [&hellip;]<\/p>\n","protected":false},"author":1,"featured_media":1328,"comment_status":"open","ping_status":"open","sticky":false,"template":"","format":"standard","meta":{"_jetpack_memberships_contains_paid_content":false,"footnotes":""},"categories":[9,33,1,2],"tags":[],"class_list":["post-1327","post","type-post","status-publish","format-standard","has-post-thumbnail","hentry","category-asayis","category-genel","category-gundem","category-sondk"],"jetpack_featured_media_url":"https:\/\/yerelses.com.tr\/wp-content\/uploads\/2024\/11\/ebrar-sitesi-davasi-23-ocak-a-ertelendi.jpg","jetpack_sharing_enabled":true,"_links":{"self":[{"href":"https:\/\/yerelses.com.tr\/index.php?rest_route=\/wp\/v2\/posts\/1327","targetHints":{"allow":["GET"]}}],"collection":[{"href":"https:\/\/yerelses.com.tr\/index.php?rest_route=\/wp\/v2\/posts"}],"about":[{"href":"https:\/\/yerelses.com.tr\/index.php?rest_route=\/wp\/v2\/types\/post"}],"author":[{"embeddable":true,"href":"https:\/\/yerelses.com.tr\/index.php?rest_route=\/wp\/v2\/users\/1"}],"replies":[{"embeddable":true,"href":"https:\/\/yerelses.com.tr\/index.php?rest_route=%2Fwp%2Fv2%2Fcomments&post=1327"}],"version-history":[{"count":2,"href":"https:\/\/yerelses.com.tr\/index.php?rest_route=\/wp\/v2\/posts\/1327\/revisions"}],"predecessor-version":[{"id":1333,"href":"https:\/\/yerelses.com.tr\/index.php?rest_route=\/wp\/v2\/posts\/1327\/revisions\/1333"}],"wp:featuredmedia":[{"embeddable":true,"href":"https:\/\/yerelses.com.tr\/index.php?rest_route=\/wp\/v2\/media\/1328"}],"wp:attachment":[{"href":"https:\/\/yerelses.com.tr\/index.php?rest_route=%2Fwp%2Fv2%2Fmedia&parent=1327"}],"wp:term":[{"taxonomy":"category","embeddable":true,"href":"https:\/\/yerelses.com.tr\/index.php?rest_route=%2Fwp%2Fv2%2Fcategories&post=1327"},{"taxonomy":"post_tag","embeddable":true,"href":"https:\/\/yerelses.com.tr\/index.php?rest_route=%2Fwp%2Fv2%2Ftags&post=1327"}],"curies":[{"name":"wp","href":"https:\/\/api.w.org\/{rel}","templated":true}]}}