{"id":1312,"date":"2024-11-13T14:50:06","date_gmt":"2024-11-13T14:50:06","guid":{"rendered":"https:\/\/yerelses.com.tr\/?p=1312"},"modified":"2024-11-13T14:50:06","modified_gmt":"2024-11-13T14:50:06","slug":"hangi-parti-ne-kadar-asgari-ucret-istiyor","status":"publish","type":"post","link":"https:\/\/yerelses.com.tr\/?p=1312","title":{"rendered":"Hangi parti ne kadar asgari \u00fccret istiyor?"},"content":{"rendered":"<h2 class=\"description\" style=\"text-align: center;\">Y\u0131lsonu yakla\u015f\u0131rken, y\u0131l\u0131n 4. Ay\u0131ndan bu yana a\u00e7l\u0131k s\u0131n\u0131r\u0131 alt\u0131nda kalan asgari \u00fccret pazarl\u0131klar\u0131na da geri say\u0131m ba\u015flad\u0131. Milyonlarca \u00e7al\u0131\u015fan asgari \u00fccret al\u0131rken, di\u011fer yandan son y\u0131llarda asgari \u00fccrete endekslenen maa\u015f zamlar\u0131 i\u00e7in de maa\u015fl\u0131 kesimin g\u00f6z\u00fc asgari \u00fccret g\u00f6r\u00fc\u015fmelerine \u00e7evrildi. H\u00fck\u00fcmet taraf\u0131ndan belirlenen asgari \u00fccret i\u00e7in siyasi partiler de rakamlar a\u00e7\u0131klad\u0131.<\/h2>\n<p style=\"text-align: center;\">Milyonlarca \u00e7al\u0131\u015fan\u0131n g\u00f6z\u00fc asgari \u00fccrete yap\u0131lacak zam oran\u0131na \u00e7evrilirken, siyasi partiler de talep ettikleri rakamlar\u0131 a\u00e7\u0131klamaya ba\u015flad\u0131. Her y\u0131l oldu\u011fu gibi 2025 y\u0131l\u0131 \u00f6ncesinde de asgari \u00fccretle ilgili ilk beklentiler a\u00e7\u0131klanmaya ba\u015fland\u0131. Olu\u015fan enflasyon ve enflasyon hedefine ba\u011fl\u0131 olarak belirlenen asgari \u00fccret, i\u015f\u00e7i, i\u015fveren kesimi ve h\u00fck\u00fcmetin aralar\u0131nda yapaca\u011f\u0131 Asgari \u00dccret Tespit Komisyonu toplant\u0131s\u0131 sonras\u0131nda belli olacak.<\/p>\n<p style=\"text-align: center;\">Komisyonun toplanmas\u0131 beklenirken, partilerin genel ba\u015fkanlar\u0131 asgari \u00fccret beklentilerini a\u00e7\u0131klamaya ba\u015flad\u0131. \u0130\u015fte siyasilerin asgari \u00fccret talepleri:<\/p>\n<p style=\"text-align: center;\">CHP: 30 bin TL alt\u0131na yokuz<br \/>\nPartisinin asgari \u00fccret zamm\u0131 beklentisini a\u00e7\u0131klayan CHP Genel Ba\u015fkan\u0131 \u00d6zg\u00fcr \u00d6zel, &#8220;Asgari \u00fccret talebimiz 30 bin TL. Bu rakam\u0131n alt\u0131nda biz yokuz. \u0130tiraza, m\u00fccadeleye devam edece\u011fiz. Bu memleketi size dar edece\u011fiz&#8221; ifadelerini kulland\u0131.<\/p>\n<p style=\"text-align: center;\">DEM Parti: En az 35 bin TL olmal\u0131<br \/>\nDEM Parti E\u015f Genel Ba\u015fkan\u0131 Tuncer Bak\u0131rhan, asgari \u00fccrete ili\u015fkin olarak, &#8220;D\u00fcnyada ilk defa halk\u0131na, emek\u00e7ilere, \u00e7al\u0131\u015fana a\u00e7l\u0131k teklif eden bir iktidarla kar\u015f\u0131 kar\u015f\u0131yay\u0131z. Bize a\u00e7l\u0131k teklif ediyorlar. Bize bir \u015fey teklif etmiyorlar. Ancak biz sizin tahminlerinize g\u00fcvenerek gelece\u011fimizi heba etmeyece\u011fiz. Asgari \u00fccret konusunda da partimizin tutumu nettir. Asgari \u00fccretliler insanca ya\u015fayabilecekleri bir \u00fccret almal\u0131d\u0131rlar. Asgari \u00fccret en az 35 bin lira olmal\u0131d\u0131r ve y\u0131lda iki kez g\u00fcncellenerek art\u0131r\u0131lmal\u0131&#8221; dedi.<\/p>\n<p style=\"text-align: center;\">\u0130yi Parti: Ara zam yapmak kayd\u0131yla 28 bin TL<br \/>\n\u0130Y\u0130 Parti lideri M\u00fcsavat Dervi\u015fo\u011flu, ara zam \u015fart\u0131yla bir rakam a\u00e7\u0131klad\u0131. Dervi\u015fo\u011flu, &#8220;\u0130\u015fverenlerin de durumu g\u00f6z \u00f6n\u00fcnde bulundurularak Temmuz ay\u0131nda tekrar artt\u0131r\u0131lmak kayd\u0131yla, 2025 y\u0131l\u0131n\u0131n ilk yar\u0131s\u0131nda net asgari \u00fccret en az 28 bin lira olmal\u0131d\u0131r. Bunun alt\u0131nda kalan \u00fccret, T\u00fcrk milletine zul\u00fcmd\u00fcr. Bu zulm\u00fcn hesab\u0131n\u0131 sormak da boynumuzun borcudur&#8221; dedi.<\/p>\n<p style=\"text-align: center;\">Gelecek Partisi: En az 33 bin 337 TL<br \/>\nGelecek Partisi Genel Ba\u015fkan\u0131 Ahmet Davuto\u011flu, 17 bin 2 lira olan asgari \u00fccretin 11 bin 250 liraya kadar eridi\u011fini vurgulad\u0131. Davuto\u011flu, asgari \u00fccret i\u00e7in verilecek rakam\u0131n en az 33 bin 337 lira olmas\u0131 gerekti\u011fini belirtti. Davuto\u011flu, &#8220;33 bin 337 lira verirseniz ancak enflasyon kar\u015f\u0131s\u0131nda asgari \u00fccretliyi ezdirmemi\u015f olursunuz&#8221; dedi.<\/p>\n<p style=\"text-align: center;\">Yeniden Refah Partisi: 35 bin TL<br \/>\nYeniden Refah Partisi Genel Ba\u015fkan Yard\u0131mc\u0131s\u0131 Suat K\u0131l\u0131\u00e7, yeni y\u0131lda asgari \u00fccretin 35 bin lira olmas\u0131 gerekti\u011fini belirtti.<\/p>\n<p style=\"text-align: center;\">Bakan I\u015f\u0131khan: Herkesin mutab\u0131k kald\u0131\u011f\u0131 bir tutar<br \/>\n\u00c7al\u0131\u015fma ve Sosyal G\u00fcvenlik Bakan\u0131 Vedat I\u015f\u0131khan, &#8220;2025 y\u0131l\u0131nda belirlenecek asgari \u00fccret i\u00e7in herkesin mutab\u0131k kald\u0131\u011f\u0131 bir tutarda uzla\u015f\u0131laca\u011f\u0131n\u0131 \u00fcmit ediyoruz&#8221; dedi.<\/p>\n","protected":false},"excerpt":{"rendered":"<p>Y\u0131lsonu yakla\u015f\u0131rken, y\u0131l\u0131n 4. Ay\u0131ndan bu yana a\u00e7l\u0131k s\u0131n\u0131r\u0131 alt\u0131nda kalan asgari \u00fccret pazarl\u0131klar\u0131na da geri say\u0131m ba\u015flad\u0131. Milyonlarca \u00e7al\u0131\u015fan asgari \u00fccret al\u0131rken, di\u011fer yandan son y\u0131llarda asgari \u00fccrete endekslenen maa\u015f zamlar\u0131 i\u00e7in de maa\u015fl\u0131 kesimin g\u00f6z\u00fc asgari \u00fccret g\u00f6r\u00fc\u015fmelerine \u00e7evrildi. H\u00fck\u00fcmet taraf\u0131ndan belirlenen asgari \u00fccret i\u00e7in siyasi partiler de rakamlar a\u00e7\u0131klad\u0131. Milyonlarca \u00e7al\u0131\u015fan\u0131n g\u00f6z\u00fc [&hellip;]<\/p>\n","protected":false},"author":1,"featured_media":1313,"comment_status":"open","ping_status":"open","sticky":false,"template":"","format":"standard","meta":{"_jetpack_memberships_contains_paid_content":false,"footnotes":""},"categories":[3,33,1,2],"tags":[],"class_list":["post-1312","post","type-post","status-publish","format-standard","has-post-thumbnail","hentry","category-ekonomi","category-genel","category-gundem","category-sondk"],"jetpack_featured_media_url":"https:\/\/yerelses.com.tr\/wp-content\/uploads\/2024\/11\/hangi-parti-ne-kadar-asgari-ucret-istiyor.jpg","jetpack_sharing_enabled":true,"_links":{"self":[{"href":"https:\/\/yerelses.com.tr\/index.php?rest_route=\/wp\/v2\/posts\/1312","targetHints":{"allow":["GET"]}}],"collection":[{"href":"https:\/\/yerelses.com.tr\/index.php?rest_route=\/wp\/v2\/posts"}],"about":[{"href":"https:\/\/yerelses.com.tr\/index.php?rest_route=\/wp\/v2\/types\/post"}],"author":[{"embeddable":true,"href":"https:\/\/yerelses.com.tr\/index.php?rest_route=\/wp\/v2\/users\/1"}],"replies":[{"embeddable":true,"href":"https:\/\/yerelses.com.tr\/index.php?rest_route=%2Fwp%2Fv2%2Fcomments&post=1312"}],"version-history":[{"count":2,"href":"https:\/\/yerelses.com.tr\/index.php?rest_route=\/wp\/v2\/posts\/1312\/revisions"}],"predecessor-version":[{"id":1315,"href":"https:\/\/yerelses.com.tr\/index.php?rest_route=\/wp\/v2\/posts\/1312\/revisions\/1315"}],"wp:featuredmedia":[{"embeddable":true,"href":"https:\/\/yerelses.com.tr\/index.php?rest_route=\/wp\/v2\/media\/1313"}],"wp:attachment":[{"href":"https:\/\/yerelses.com.tr\/index.php?rest_route=%2Fwp%2Fv2%2Fmedia&parent=1312"}],"wp:term":[{"taxonomy":"category","embeddable":true,"href":"https:\/\/yerelses.com.tr\/index.php?rest_route=%2Fwp%2Fv2%2Fcategories&post=1312"},{"taxonomy":"post_tag","embeddable":true,"href":"https:\/\/yerelses.com.tr\/index.php?rest_route=%2Fwp%2Fv2%2Ftags&post=1312"}],"curies":[{"name":"wp","href":"https:\/\/api.w.org\/{rel}","templated":true}]}}