{"id":1306,"date":"2024-11-13T14:46:25","date_gmt":"2024-11-13T14:46:25","guid":{"rendered":"https:\/\/yerelses.com.tr\/?p=1306"},"modified":"2024-11-13T14:46:25","modified_gmt":"2024-11-13T14:46:25","slug":"tuncelide-atis-egitim-alanindaki-kazada-bir-polis-sehit-oldu","status":"publish","type":"post","link":"https:\/\/yerelses.com.tr\/?p=1306","title":{"rendered":"Tunceli&#8217;de at\u0131\u015f e\u011fitim alan\u0131ndaki kazada bir polis \u015fehit oldu"},"content":{"rendered":"<h2 class=\"description\" style=\"text-align: center;\">Emniyet Genel M\u00fcd\u00fcrl\u00fc\u011f\u00fc (EGM), Tunceli&#8217;de at\u0131\u015f e\u011fitim alan\u0131nda meydana gelen kazada polis memuru Yi\u011fit Can Yi\u011fit&#8217;in \u015fehit oldu\u011funu bildirdi.<\/h2>\n<p style=\"text-align: center;\">ANKARA\/ADANA (AA) &#8211; Emniyet Genel M\u00fcd\u00fcrl\u00fc\u011f\u00fc (EGM), Tunceli&#8217;de at\u0131\u015f e\u011fitim alan\u0131nda meydana gelen kazada polis memuru Yi\u011fit Can Yi\u011fit&#8217;in \u015fehit oldu\u011funu bildirdi.<\/p>\n<p style=\"text-align: center;\">EGM&#8217;den yap\u0131lan a\u00e7\u0131klamada, Tunceli \u00d6zel Harekat \u015eube M\u00fcd\u00fcrl\u00fc\u011f\u00fc kadrosuna kay\u0131tl\u0131 Yi\u011fit&#8217;in at\u0131\u015f e\u011fitim alan\u0131nda ger\u00e7ekle\u015fen kazada yaralanarak hastaneye kald\u0131r\u0131ld\u0131\u011f\u0131 ve buradaki t\u00fcm m\u00fcdahalelere ra\u011fmen kurtar\u0131lmayarak \u015fehit oldu\u011fu belirtildi.<\/p>\n<p style=\"text-align: center;\">\u015eehit polis memuru Yi\u011fit&#8217;in, Adana&#8217;n\u0131n Ceyhan il\u00e7esi Is\u0131rganl\u0131 Mahallesi&#8217;ndeki baba evine giden Kaymakam Ramazan Kurtyemez ve di\u011fer ilgililer, anne Meryem ve baba Mehmet Yi\u011fit&#8217;e evlatlar\u0131n\u0131n \u015fehadet haberini verdi.<\/p>\n<p style=\"text-align: center;\">Ailenin evine ve mahallenin giri\u015fine T\u00fcrk bayraklar\u0131 as\u0131ld\u0131.<\/p>\n<p style=\"text-align: center;\">\u00dc\u00e7 \u00e7ocuklu ailenin iki erkek evlad\u0131ndan Yi\u011fit&#8217;in evli oldu\u011fu \u00f6\u011frenildi.?<\/p>\n<p style=\"text-align: center;\">\u015eehidin cenazesinin yar\u0131n Is\u0131rganl\u0131 Mahalle Mezarl\u0131\u011f\u0131&#8217;nda defnedilece\u011fi belirtildi.<\/p>\n<p style=\"text-align: center;\">Emniyet Genel M\u00fcd\u00fcr\u00fc Mahmut Demirta\u015f da yay\u0131mlad\u0131\u011f\u0131 taziye mesaj\u0131nda Yi\u011fit&#8217;e Allah&#8217;tan rahmet, ailesine ve millete ba\u015fsa\u011fl\u0131\u011f\u0131 diledi.<\/p>\n<div class=\"grid news-head\" style=\"text-align: center;\">Kaynak : Anadolu Ajans\u0131<\/div>\n","protected":false},"excerpt":{"rendered":"<p>Emniyet Genel M\u00fcd\u00fcrl\u00fc\u011f\u00fc (EGM), Tunceli&#8217;de at\u0131\u015f e\u011fitim alan\u0131nda meydana gelen kazada polis memuru Yi\u011fit Can Yi\u011fit&#8217;in \u015fehit oldu\u011funu bildirdi. ANKARA\/ADANA (AA) &#8211; Emniyet Genel M\u00fcd\u00fcrl\u00fc\u011f\u00fc (EGM), Tunceli&#8217;de at\u0131\u015f e\u011fitim alan\u0131nda meydana gelen kazada polis memuru Yi\u011fit Can Yi\u011fit&#8217;in \u015fehit oldu\u011funu bildirdi. EGM&#8217;den yap\u0131lan a\u00e7\u0131klamada, Tunceli \u00d6zel Harekat \u015eube M\u00fcd\u00fcrl\u00fc\u011f\u00fc kadrosuna kay\u0131tl\u0131 Yi\u011fit&#8217;in at\u0131\u015f e\u011fitim alan\u0131nda [&hellip;]<\/p>\n","protected":false},"author":1,"featured_media":1307,"comment_status":"open","ping_status":"open","sticky":false,"template":"","format":"standard","meta":{"_jetpack_memberships_contains_paid_content":false,"footnotes":""},"categories":[9,1,2],"tags":[],"class_list":["post-1306","post","type-post","status-publish","format-standard","has-post-thumbnail","hentry","category-asayis","category-gundem","category-sondk"],"jetpack_featured_media_url":"https:\/\/yerelses.com.tr\/wp-content\/uploads\/2024\/11\/tunceli-de-atis-egitim-alanindaki-kazada-bir-polis-sehit-oldu.jpg","jetpack_sharing_enabled":true,"_links":{"self":[{"href":"https:\/\/yerelses.com.tr\/index.php?rest_route=\/wp\/v2\/posts\/1306","targetHints":{"allow":["GET"]}}],"collection":[{"href":"https:\/\/yerelses.com.tr\/index.php?rest_route=\/wp\/v2\/posts"}],"about":[{"href":"https:\/\/yerelses.com.tr\/index.php?rest_route=\/wp\/v2\/types\/post"}],"author":[{"embeddable":true,"href":"https:\/\/yerelses.com.tr\/index.php?rest_route=\/wp\/v2\/users\/1"}],"replies":[{"embeddable":true,"href":"https:\/\/yerelses.com.tr\/index.php?rest_route=%2Fwp%2Fv2%2Fcomments&post=1306"}],"version-history":[{"count":1,"href":"https:\/\/yerelses.com.tr\/index.php?rest_route=\/wp\/v2\/posts\/1306\/revisions"}],"predecessor-version":[{"id":1308,"href":"https:\/\/yerelses.com.tr\/index.php?rest_route=\/wp\/v2\/posts\/1306\/revisions\/1308"}],"wp:featuredmedia":[{"embeddable":true,"href":"https:\/\/yerelses.com.tr\/index.php?rest_route=\/wp\/v2\/media\/1307"}],"wp:attachment":[{"href":"https:\/\/yerelses.com.tr\/index.php?rest_route=%2Fwp%2Fv2%2Fmedia&parent=1306"}],"wp:term":[{"taxonomy":"category","embeddable":true,"href":"https:\/\/yerelses.com.tr\/index.php?rest_route=%2Fwp%2Fv2%2Fcategories&post=1306"},{"taxonomy":"post_tag","embeddable":true,"href":"https:\/\/yerelses.com.tr\/index.php?rest_route=%2Fwp%2Fv2%2Ftags&post=1306"}],"curies":[{"name":"wp","href":"https:\/\/api.w.org\/{rel}","templated":true}]}}