{"id":1303,"date":"2024-11-12T15:23:55","date_gmt":"2024-11-12T15:23:55","guid":{"rendered":"https:\/\/yerelses.com.tr\/?p=1303"},"modified":"2024-11-12T15:23:55","modified_gmt":"2024-11-12T15:23:55","slug":"corumdaki-patlamaya-iliskin-bilirkisi-raporu-tamamlandi","status":"publish","type":"post","link":"https:\/\/yerelses.com.tr\/?p=1303","title":{"rendered":"\u00c7orum&#8217;daki patlamaya ili\u015fkin bilirki\u015fi raporu tamamland\u0131"},"content":{"rendered":"<h2 class=\"description\" style=\"text-align: center;\">\u00c7orum&#8217;da 3 Kas\u0131m&#8217;da bir apartman dairesinde meydana gelen patlamaya ili\u015fkin haz\u0131rlanan bilirki\u015fi raporuna g\u00f6re, patlama do\u011fal gazdan kaynakland\u0131 ancak yo\u011fun hasar nedeniyle patlaman\u0131n olu\u015f \u015fekli tam olarak belirlenemedi.<\/h2>\n<p style=\"text-align: center;\">\u00c7ORUM (AA) &#8211; \u00c7orum&#8217;da 3 Kas\u0131m&#8217;da bir apartman dairesinde meydana gelen patlamaya ili\u015fkin haz\u0131rlanan bilirki\u015fi raporuna g\u00f6re, patlama do\u011fal gazdan kaynakland\u0131 ancak yo\u011fun hasar nedeniyle patlaman\u0131n olu\u015f \u015fekli tam olarak belirlenemedi.<\/p>\n<p style=\"text-align: center;\">\u00c7orum Cumhuriyet Ba\u015fsavc\u0131l\u0131\u011f\u0131nca g\u00f6revlendirilen 3 cumhuriyet savc\u0131s\u0131, patlamaya ili\u015fkin bilirki\u015fi raporunu tamamlad\u0131.<\/p>\n<p style=\"text-align: center;\">Raporda, patlaman\u0131n do\u011fal gazdan kaynakland\u0131\u011f\u0131 ancak dairede olu\u015fan yo\u011fun hasar nedeniyle patlaman\u0131n olu\u015f \u015fekline ili\u015fkin kesin bulgulara ula\u015f\u0131lamad\u0131\u011f\u0131 belirtildi.<\/p>\n<p style=\"text-align: center;\">Evin en \u00e7ok yatak odas\u0131 b\u00f6l\u00fcm\u00fcn\u00fcn zarar g\u00f6rmesi nedeniyle patlaman\u0131n bu b\u00f6l\u00fcmden ba\u015flam\u0131\u015f olabilece\u011finin de\u011ferlendirildi\u011fi raporda, do\u011fal gaz da\u011f\u0131t\u0131m \u015firketi ile bina y\u00f6netiminin herhangi bir ihmalinin s\u00f6z konusu olmad\u0131\u011f\u0131 ifade edildi.<\/p>\n<p style=\"text-align: center;\">Raporda ayr\u0131ca, patlaman\u0131n, patlamada hayat\u0131n\u0131 kaybeden ev sahibi Osman Keyinci&#8217;nin (65) ihmallerinden kaynaklanm\u0131\u015f olabilece\u011fi g\u00f6r\u00fc\u015f\u00fcne yer verildi.<\/p>\n<p style=\"text-align: center;\">\u00d6te yandan patlamayla ilgili adli soru\u015fturma s\u00fcr\u00fcyor.<\/p>\n<p style=\"text-align: center;\">\u00c7orum&#8217;da Osmanc\u0131k Caddesi&#8217;ndeki Hilal Apartman\u0131&#8217;nda 3 Kas\u0131m&#8217;da do\u011fal gazdan kaynakland\u0131\u011f\u0131 de\u011ferlendirilen patlama meydana gelmi\u015f, 1 ki\u015finin hayat\u0131n\u0131 kaybetti\u011fi patlamada yaralanan 33 ki\u015fi hastanelerde tedavi alt\u0131na al\u0131nm\u0131\u015ft\u0131.<\/p>\n<p style=\"text-align: center;\">Kaynak : Anadolu Ajans\u0131<\/p>\n","protected":false},"excerpt":{"rendered":"<p>\u00c7orum&#8217;da 3 Kas\u0131m&#8217;da bir apartman dairesinde meydana gelen patlamaya ili\u015fkin haz\u0131rlanan bilirki\u015fi raporuna g\u00f6re, patlama do\u011fal gazdan kaynakland\u0131 ancak yo\u011fun hasar nedeniyle patlaman\u0131n olu\u015f \u015fekli tam olarak belirlenemedi. \u00c7ORUM (AA) &#8211; \u00c7orum&#8217;da 3 Kas\u0131m&#8217;da bir apartman dairesinde meydana gelen patlamaya ili\u015fkin haz\u0131rlanan bilirki\u015fi raporuna g\u00f6re, patlama do\u011fal gazdan kaynakland\u0131 ancak yo\u011fun hasar nedeniyle patlaman\u0131n olu\u015f [&hellip;]<\/p>\n","protected":false},"author":1,"featured_media":1304,"comment_status":"open","ping_status":"open","sticky":false,"template":"","format":"standard","meta":{"_jetpack_memberships_contains_paid_content":false,"footnotes":""},"categories":[9,33,1,2],"tags":[],"class_list":["post-1303","post","type-post","status-publish","format-standard","has-post-thumbnail","hentry","category-asayis","category-genel","category-gundem","category-sondk"],"jetpack_featured_media_url":"https:\/\/yerelses.com.tr\/wp-content\/uploads\/2024\/11\/corum-daki-patlamaya-iliskin-bilirkisi-raporu-tamamlandi.jpg","jetpack_sharing_enabled":true,"_links":{"self":[{"href":"https:\/\/yerelses.com.tr\/index.php?rest_route=\/wp\/v2\/posts\/1303","targetHints":{"allow":["GET"]}}],"collection":[{"href":"https:\/\/yerelses.com.tr\/index.php?rest_route=\/wp\/v2\/posts"}],"about":[{"href":"https:\/\/yerelses.com.tr\/index.php?rest_route=\/wp\/v2\/types\/post"}],"author":[{"embeddable":true,"href":"https:\/\/yerelses.com.tr\/index.php?rest_route=\/wp\/v2\/users\/1"}],"replies":[{"embeddable":true,"href":"https:\/\/yerelses.com.tr\/index.php?rest_route=%2Fwp%2Fv2%2Fcomments&post=1303"}],"version-history":[{"count":1,"href":"https:\/\/yerelses.com.tr\/index.php?rest_route=\/wp\/v2\/posts\/1303\/revisions"}],"predecessor-version":[{"id":1305,"href":"https:\/\/yerelses.com.tr\/index.php?rest_route=\/wp\/v2\/posts\/1303\/revisions\/1305"}],"wp:featuredmedia":[{"embeddable":true,"href":"https:\/\/yerelses.com.tr\/index.php?rest_route=\/wp\/v2\/media\/1304"}],"wp:attachment":[{"href":"https:\/\/yerelses.com.tr\/index.php?rest_route=%2Fwp%2Fv2%2Fmedia&parent=1303"}],"wp:term":[{"taxonomy":"category","embeddable":true,"href":"https:\/\/yerelses.com.tr\/index.php?rest_route=%2Fwp%2Fv2%2Fcategories&post=1303"},{"taxonomy":"post_tag","embeddable":true,"href":"https:\/\/yerelses.com.tr\/index.php?rest_route=%2Fwp%2Fv2%2Ftags&post=1303"}],"curies":[{"name":"wp","href":"https:\/\/api.w.org\/{rel}","templated":true}]}}