{"id":1300,"date":"2024-11-12T15:17:41","date_gmt":"2024-11-12T15:17:41","guid":{"rendered":"https:\/\/yerelses.com.tr\/?p=1300"},"modified":"2024-11-12T15:17:41","modified_gmt":"2024-11-12T15:17:41","slug":"oglu-tarafindan-uykusunda-oldurulen-okul-muduru-son-yolculuguna-ugurlandi","status":"publish","type":"post","link":"https:\/\/yerelses.com.tr\/?p=1300","title":{"rendered":"O\u011flu taraf\u0131ndan uykusunda \u00f6ld\u00fcr\u00fclen okul m\u00fcd\u00fcr\u00fc, son yolculu\u011funa u\u011furland\u0131"},"content":{"rendered":"<h2 class=\"description\" style=\"text-align: center;\">Tekirda\u011f&#8217;\u0131n Muratl\u0131 il\u00e7esinde uyudu\u011fu s\u0131rada o\u011flu taraf\u0131ndan b\u0131\u00e7aklanarak \u00f6ld\u00fcr\u00fclen okul m\u00fcd\u00fcr\u00fc Nilay \u00c7oban&#8217;\u0131n cenazesi topra\u011fa verildi.<\/h2>\n<p style=\"text-align: center;\">Tekirda\u011f&#8217;da o\u011flu A.\u00c7.&#8217;nin (17), uyurken b\u0131\u00e7aklayarak \u00f6ld\u00fcrd\u00fc\u011f\u00fc Hasan Orhan \u0130lk ve Ortaokulu&#8217;nda m\u00fcd\u00fcr olarak g\u00f6rev yapan Nilay \u00c7., (41) topra\u011fa verildi. Muratl\u0131 Devlet Hastanesi&#8217;nden yak\u0131nlar\u0131 taraf\u0131ndan al\u0131nan Nilay \u00c7oban&#8217;\u0131n cenazesi, Kaz\u0131mdirik-Turan Mahallesi&#8217;nde Turan Camii&#8217;ne getirildi.<\/p>\n<p style=\"text-align: center;\">\u00c7oban&#8217;\u0131n yak\u0131nlar\u0131 ile olayda yaralanan, kald\u0131r\u0131ld\u0131\u011f\u0131 hastanede g\u00f6rd\u00fc\u011f\u00fc tedavi sonras\u0131 taburcu edilen dede C.\u00c7. burada taziyeleri kabul etti.<\/p>\n<p style=\"text-align: center;\">\u00c7oban&#8217;\u0131n cenazesi, \u00f6\u011fle vakti k\u0131l\u0131nan cenaze namaz\u0131n\u0131n ard\u0131ndan Muratl\u0131 Mezarl\u0131\u011f\u0131&#8217;na defnedildi. Cenazeye, Muratl\u0131 Kaymakam\u0131 Ahmet Erdo\u011fdu, \u0130l Milli E\u011fitim M\u00fcd\u00fcr\u00fc Abd\u00fclaziz Yeniyol, \u0130l Gen\u00e7lik ve Spor M\u00fcd\u00fcr\u00fc Ahmet \u00dczg\u00fcn, ailesi, yak\u0131nlar\u0131 ve vatanda\u015flar kat\u0131ld\u0131.<\/p>\n<p style=\"text-align: center;\"><b>NE OLMU\u015eTU?<\/b><\/p>\n<p style=\"text-align: center;\">Psikolojik rahats\u0131zl\u0131\u011f\u0131 oldu\u011fu \u00f6ne s\u00fcr\u00fclen A.\u00c7., d\u00fcn Fatih Mahallesi&#8217;ndeki evlerinde \u00f6nce annesi Nilay \u00c7oban ve babas\u0131 M.\u00c7.&#8217;yi, ard\u0131ndan ayn\u0131 apartman\u0131n alt kat\u0131ndaki dairede oturan amcas\u0131 G.\u00c7., yengesi F.\u00c7. ile dedesi C.\u00c7.&#8217;yi b\u0131\u00e7akla yaralam\u0131\u015f, anne N.\u00c7. hayat\u0131n\u0131 kaybetmi\u015fti.<\/p>\n<p style=\"text-align: center;\">G\u00f6zalt\u0131na al\u0131nan A.\u00c7. emniyetteki i\u015flemlerinin ard\u0131ndan \u00e7\u0131kar\u0131ld\u0131\u011f\u0131 hakimlik\u00e7e tutuklanm\u0131\u015ft\u0131.<\/p>\n<p style=\"text-align: center;\">Kaynak : DHA<\/p>\n","protected":false},"excerpt":{"rendered":"<p>Tekirda\u011f&#8217;\u0131n Muratl\u0131 il\u00e7esinde uyudu\u011fu s\u0131rada o\u011flu taraf\u0131ndan b\u0131\u00e7aklanarak \u00f6ld\u00fcr\u00fclen okul m\u00fcd\u00fcr\u00fc Nilay \u00c7oban&#8217;\u0131n cenazesi topra\u011fa verildi. Tekirda\u011f&#8217;da o\u011flu A.\u00c7.&#8217;nin (17), uyurken b\u0131\u00e7aklayarak \u00f6ld\u00fcrd\u00fc\u011f\u00fc Hasan Orhan \u0130lk ve Ortaokulu&#8217;nda m\u00fcd\u00fcr olarak g\u00f6rev yapan Nilay \u00c7., (41) topra\u011fa verildi. Muratl\u0131 Devlet Hastanesi&#8217;nden yak\u0131nlar\u0131 taraf\u0131ndan al\u0131nan Nilay \u00c7oban&#8217;\u0131n cenazesi, Kaz\u0131mdirik-Turan Mahallesi&#8217;nde Turan Camii&#8217;ne getirildi. \u00c7oban&#8217;\u0131n yak\u0131nlar\u0131 ile olayda [&hellip;]<\/p>\n","protected":false},"author":1,"featured_media":1301,"comment_status":"open","ping_status":"open","sticky":false,"template":"","format":"standard","meta":{"_jetpack_memberships_contains_paid_content":false,"footnotes":""},"categories":[33,1],"tags":[],"class_list":["post-1300","post","type-post","status-publish","format-standard","has-post-thumbnail","hentry","category-genel","category-gundem"],"jetpack_featured_media_url":"https:\/\/yerelses.com.tr\/wp-content\/uploads\/2024\/11\/oglu-tarafindan-uykusunda-oldurulen-okul-muduru-son-yolculuguna-ugurlandi.jpg","jetpack_sharing_enabled":true,"_links":{"self":[{"href":"https:\/\/yerelses.com.tr\/index.php?rest_route=\/wp\/v2\/posts\/1300","targetHints":{"allow":["GET"]}}],"collection":[{"href":"https:\/\/yerelses.com.tr\/index.php?rest_route=\/wp\/v2\/posts"}],"about":[{"href":"https:\/\/yerelses.com.tr\/index.php?rest_route=\/wp\/v2\/types\/post"}],"author":[{"embeddable":true,"href":"https:\/\/yerelses.com.tr\/index.php?rest_route=\/wp\/v2\/users\/1"}],"replies":[{"embeddable":true,"href":"https:\/\/yerelses.com.tr\/index.php?rest_route=%2Fwp%2Fv2%2Fcomments&post=1300"}],"version-history":[{"count":1,"href":"https:\/\/yerelses.com.tr\/index.php?rest_route=\/wp\/v2\/posts\/1300\/revisions"}],"predecessor-version":[{"id":1302,"href":"https:\/\/yerelses.com.tr\/index.php?rest_route=\/wp\/v2\/posts\/1300\/revisions\/1302"}],"wp:featuredmedia":[{"embeddable":true,"href":"https:\/\/yerelses.com.tr\/index.php?rest_route=\/wp\/v2\/media\/1301"}],"wp:attachment":[{"href":"https:\/\/yerelses.com.tr\/index.php?rest_route=%2Fwp%2Fv2%2Fmedia&parent=1300"}],"wp:term":[{"taxonomy":"category","embeddable":true,"href":"https:\/\/yerelses.com.tr\/index.php?rest_route=%2Fwp%2Fv2%2Fcategories&post=1300"},{"taxonomy":"post_tag","embeddable":true,"href":"https:\/\/yerelses.com.tr\/index.php?rest_route=%2Fwp%2Fv2%2Ftags&post=1300"}],"curies":[{"name":"wp","href":"https:\/\/api.w.org\/{rel}","templated":true}]}}