{"id":1297,"date":"2024-11-12T15:15:23","date_gmt":"2024-11-12T15:15:23","guid":{"rendered":"https:\/\/yerelses.com.tr\/?p=1297"},"modified":"2024-11-12T15:15:23","modified_gmt":"2024-11-12T15:15:23","slug":"izmirde-yangin-trajedisi-5-kardesin-oldugu-yangina-iliskin-anne-gozaltinda","status":"publish","type":"post","link":"https:\/\/yerelses.com.tr\/?p=1297","title":{"rendered":"\u0130zmir&#8217;de yang\u0131n trajedisi | 5 karde\u015fin \u00f6ld\u00fc\u011f\u00fc yang\u0131na ili\u015fkin anne g\u00f6zalt\u0131nda"},"content":{"rendered":"<h2 class=\"description\" style=\"text-align: center;\">\u0130zmir&#8217;in Sel\u00e7uk il\u00e7esinde 5 karde\u015fin hayat\u0131n\u0131 kaybetti\u011fi yang\u0131nla ilgili g\u00f6zalt\u0131na al\u0131nan anne Melisa Sinem Akcan&#8217;\u0131n, ilk ifadesinde, hurdac\u0131dan paras\u0131n\u0131 almak i\u00e7in 15-20 dakikal\u0131\u011f\u0131na evden ayr\u0131ld\u0131\u011f\u0131n\u0131, d\u00f6nd\u00fc\u011f\u00fcnde ise yang\u0131n\u0131n \u00e7\u0131kt\u0131\u011f\u0131n\u0131 g\u00f6rd\u00fc\u011f\u00fcn\u00fc s\u00f6yledi\u011fi \u00f6\u011frenildi.<\/h2>\n<p style=\"text-align: center;\">Cumhuriyet Mahallesi&#8217;ndeki evlerinde \u00e7\u0131kan yang\u0131n\u0131n ard\u0131ndan fenala\u015farak Sel\u00e7uk Devlet Hastanesi&#8217;ne kald\u0131r\u0131lan anne Akcan (27), tedavisinin ard\u0131ndan polis ekiplerince g\u00f6zalt\u0131na al\u0131nd\u0131.<\/p>\n<p style=\"text-align: center;\">Akcan&#8217;\u0131n ilk ifadesinde, hurdac\u0131dan paras\u0131n\u0131 almak i\u00e7in k\u0131sa s\u00fcreli\u011fine evden ayr\u0131ld\u0131\u011f\u0131n\u0131, 15-20 dakika sonra eve d\u00f6nd\u00fc\u011f\u00fcnde yang\u0131n\u0131n \u00e7\u0131kt\u0131\u011f\u0131n\u0131 g\u00f6rd\u00fc\u011f\u00fcn\u00fc anlatt\u0131\u011f\u0131 \u00f6\u011frenildi.<\/p>\n<p style=\"text-align: center;\">&#8211; Annenin amcas\u0131ndan a\u00e7\u0131klama<\/p>\n<p style=\"text-align: center;\">Anne Akcan&#8217;\u0131n amcas\u0131 Y\u0131lmaz A\u00e7ar, gazetecilere yapt\u0131\u011f\u0131 a\u00e7\u0131klamada, \u00e7ocuklar\u0131n bak\u0131m\u0131n\u0131 devlet kurumlar\u0131n\u0131n \u00fcstlenmek istedi\u011fini ancak ye\u011feninin buna izin vermedi\u011fini s\u00f6yledi.<\/p>\n<p style=\"text-align: center;\">\u00c7ocuklar\u0131 en son 2 ay \u00f6nce yard\u0131m getirdi\u011finde g\u00f6rd\u00fc\u011f\u00fcn\u00fc belirten A\u00e7ar, &#8220;Aile Sosyal Yard\u0131mla\u015fma ve Dayan\u0131\u015fma Vakf\u0131ndan yard\u0131m al\u0131yordu. Babas\u0131, biz yard\u0131m ediyorduk, kom\u015fular\u0131 yard\u0131m ediyordu. S\u0131k\u0131nt\u0131 g\u00f6rmeyecek durumdayd\u0131 ama meselenin i\u00e7 y\u00fcz\u00fcn\u00fc bilmiyorum. \u00c7ocuklar\u0131n babas\u0131 yakla\u015f\u0131k 1,5 y\u0131l \u00f6nce cezaevine girdi. A\u00e7\u0131k cezaevinde kald\u0131\u011f\u0131 i\u00e7in izinli gelip, ailesini g\u00f6r\u00fcp gidiyormu\u015f.&#8221; diye konu\u015ftu.<\/p>\n<p style=\"text-align: center;\">Karde\u015fi Halim A\u00e7ar&#8217;\u0131n da 15 g\u00fcn \u00f6nce torunlar\u0131n\u0131 almak istedi\u011fini dile getiren A\u00e7ar, &#8220;Anneleri &#8216;ben \u00e7ocuklar\u0131ma bakaca\u011f\u0131m&#8217; dedi ve direndi. Sosyal yard\u0131mla\u015fma da birka\u00e7 sefer gelmi\u015f &#8216;\u00e7ocuklar\u0131 alal\u0131m&#8217; diye, vermemi\u015fler. Karde\u015fim, &#8216;\u00dc\u00e7\u00fcn\u00fc yurda verelim, hi\u00e7 olmazsa ikisini yan\u0131ma alay\u0131m&#8217; diyordu ama kabul etmediler.&#8221; ifadesini kulland\u0131.<\/p>\n<p style=\"text-align: center;\">Sel\u00e7uk il\u00e7esinde, d\u00fcn Cumhuriyet Mahallesi&#8217;ndeki bir evde \u00e7\u0131kan yang\u0131nda evde yaln\u0131z olan ve dumandan etkilendi\u011fi belirlenen Fadime Nefes (5), Funda Peri (4), Aslan Mira\u00e7 (3), Masal I\u015f\u0131k (2) ve Aras Bulut Akcan (1) karde\u015fler hayat\u0131n\u0131 kaybetmi\u015fti.<\/p>\n","protected":false},"excerpt":{"rendered":"<p>\u0130zmir&#8217;in Sel\u00e7uk il\u00e7esinde 5 karde\u015fin hayat\u0131n\u0131 kaybetti\u011fi yang\u0131nla ilgili g\u00f6zalt\u0131na al\u0131nan anne Melisa Sinem Akcan&#8217;\u0131n, ilk ifadesinde, hurdac\u0131dan paras\u0131n\u0131 almak i\u00e7in 15-20 dakikal\u0131\u011f\u0131na evden ayr\u0131ld\u0131\u011f\u0131n\u0131, d\u00f6nd\u00fc\u011f\u00fcnde ise yang\u0131n\u0131n \u00e7\u0131kt\u0131\u011f\u0131n\u0131 g\u00f6rd\u00fc\u011f\u00fcn\u00fc s\u00f6yledi\u011fi \u00f6\u011frenildi. Cumhuriyet Mahallesi&#8217;ndeki evlerinde \u00e7\u0131kan yang\u0131n\u0131n ard\u0131ndan fenala\u015farak Sel\u00e7uk Devlet Hastanesi&#8217;ne kald\u0131r\u0131lan anne Akcan (27), tedavisinin ard\u0131ndan polis ekiplerince g\u00f6zalt\u0131na al\u0131nd\u0131. Akcan&#8217;\u0131n ilk ifadesinde, [&hellip;]<\/p>\n","protected":false},"author":1,"featured_media":1298,"comment_status":"open","ping_status":"open","sticky":false,"template":"","format":"standard","meta":{"_jetpack_memberships_contains_paid_content":false,"footnotes":""},"categories":[9,1,2],"tags":[],"class_list":["post-1297","post","type-post","status-publish","format-standard","has-post-thumbnail","hentry","category-asayis","category-gundem","category-sondk"],"jetpack_featured_media_url":"https:\/\/yerelses.com.tr\/wp-content\/uploads\/2024\/11\/izmir-de-yangin-trajedisi-5-kardesin-oldugu-yangina-iliskin-anne-gozaltinda.jpg","jetpack_sharing_enabled":true,"_links":{"self":[{"href":"https:\/\/yerelses.com.tr\/index.php?rest_route=\/wp\/v2\/posts\/1297","targetHints":{"allow":["GET"]}}],"collection":[{"href":"https:\/\/yerelses.com.tr\/index.php?rest_route=\/wp\/v2\/posts"}],"about":[{"href":"https:\/\/yerelses.com.tr\/index.php?rest_route=\/wp\/v2\/types\/post"}],"author":[{"embeddable":true,"href":"https:\/\/yerelses.com.tr\/index.php?rest_route=\/wp\/v2\/users\/1"}],"replies":[{"embeddable":true,"href":"https:\/\/yerelses.com.tr\/index.php?rest_route=%2Fwp%2Fv2%2Fcomments&post=1297"}],"version-history":[{"count":1,"href":"https:\/\/yerelses.com.tr\/index.php?rest_route=\/wp\/v2\/posts\/1297\/revisions"}],"predecessor-version":[{"id":1299,"href":"https:\/\/yerelses.com.tr\/index.php?rest_route=\/wp\/v2\/posts\/1297\/revisions\/1299"}],"wp:featuredmedia":[{"embeddable":true,"href":"https:\/\/yerelses.com.tr\/index.php?rest_route=\/wp\/v2\/media\/1298"}],"wp:attachment":[{"href":"https:\/\/yerelses.com.tr\/index.php?rest_route=%2Fwp%2Fv2%2Fmedia&parent=1297"}],"wp:term":[{"taxonomy":"category","embeddable":true,"href":"https:\/\/yerelses.com.tr\/index.php?rest_route=%2Fwp%2Fv2%2Fcategories&post=1297"},{"taxonomy":"post_tag","embeddable":true,"href":"https:\/\/yerelses.com.tr\/index.php?rest_route=%2Fwp%2Fv2%2Ftags&post=1297"}],"curies":[{"name":"wp","href":"https:\/\/api.w.org\/{rel}","templated":true}]}}