{"id":1294,"date":"2024-11-12T15:14:35","date_gmt":"2024-11-12T15:14:35","guid":{"rendered":"https:\/\/yerelses.com.tr\/?p=1294"},"modified":"2024-11-12T15:14:35","modified_gmt":"2024-11-12T15:14:35","slug":"a-milli-takimda-ferdi-kadioglu-aday-kadrodan-cikarildi","status":"publish","type":"post","link":"https:\/\/yerelses.com.tr\/?p=1294","title":{"rendered":"A Milli Tak\u0131m&#8217;da Ferdi Kad\u0131o\u011flu aday kadrodan \u00e7\u0131kar\u0131ld\u0131"},"content":{"rendered":"<h2 class=\"description\" style=\"text-align: center;\">A Milli Futbol Tak\u0131m\u0131&#8217;nda Ferdi Kad\u0131o\u011flu sakatl\u0131\u011f\u0131 nedeniyle aday kadrodan \u00e7\u0131kar\u0131l\u0131rken, Almanya&#8217;n\u0131n Freiburg tak\u0131m\u0131nda forma giyen Eren Dink\u00e7i ile \u00dcmit Milli Tak\u0131m\u0131 aday kadrosunda bulunan defans oyuncusu Yasin \u00d6zcan, kadroya dahil edildi.<\/h2>\n<p style=\"text-align: center;\">\u0130STANBUL (AA) &#8211; UEFA Uluslar B Ligi 4. Grup&#8217;ta Galler ve Karada\u011f ile kar\u015f\u0131la\u015facak A Milli Futbol Tak\u0131m\u0131&#8217;nda Ferdi Kad\u0131o\u011flu sakatl\u0131\u011f\u0131 sebebiyle aday kadrodan \u00e7\u0131kar\u0131ld\u0131, Eren Dinkci ve Yasin \u00d6zcan kadroya dahil edildi.<\/p>\n<p style=\"text-align: center;\">T\u00fcrkiye Futbol Federasyonundan yap\u0131lan a\u00e7\u0131klamada, 16 Kas\u0131m&#8217;da Galler ve 19 Kas\u0131m&#8217;da Karada\u011f ile oynayaca\u011f\u0131 ma\u00e7lar i\u00e7in \u0130stanbul&#8217;da toplanan ay-y\u0131ld\u0131zl\u0131lar\u0131n aday kadrosunda de\u011fi\u015fikli\u011fe gidildi\u011fi belirtilerek, \u015fu ifadeler kullan\u0131ld\u0131:<\/p>\n<p style=\"text-align: center;\">&#8220;Ferdi Kad\u0131o\u011flu sol ayak ba\u015fparma\u011f\u0131 eklemindeki kaps\u00fcl y\u0131rt\u0131\u011f\u0131 sebebiyle aday kadrodan \u00e7\u0131kar\u0131l\u0131rken, Almanya&#8217;n\u0131n Freiburg tak\u0131m\u0131nda forma giyen Eren Dinkci ile \u00dcmit Milli Tak\u0131m\u0131m\u0131z\u0131n aday kadrosunda bulunan defans oyuncusu Yasin \u00d6zcan, A Milli Tak\u0131m aday kadrosuna dahil edildi.&#8221;<\/p>\n<p>&nbsp;<\/p>\n<p>KAYNAK : ANADOLU AJANSI<\/p>\n","protected":false},"excerpt":{"rendered":"<p>A Milli Futbol Tak\u0131m\u0131&#8217;nda Ferdi Kad\u0131o\u011flu sakatl\u0131\u011f\u0131 nedeniyle aday kadrodan \u00e7\u0131kar\u0131l\u0131rken, Almanya&#8217;n\u0131n Freiburg tak\u0131m\u0131nda forma giyen Eren Dink\u00e7i ile \u00dcmit Milli Tak\u0131m\u0131 aday kadrosunda bulunan defans oyuncusu Yasin \u00d6zcan, kadroya dahil edildi. \u0130STANBUL (AA) &#8211; UEFA Uluslar B Ligi 4. Grup&#8217;ta Galler ve Karada\u011f ile kar\u015f\u0131la\u015facak A Milli Futbol Tak\u0131m\u0131&#8217;nda Ferdi Kad\u0131o\u011flu sakatl\u0131\u011f\u0131 sebebiyle aday [&hellip;]<\/p>\n","protected":false},"author":1,"featured_media":1295,"comment_status":"open","ping_status":"open","sticky":false,"template":"","format":"standard","meta":{"_jetpack_memberships_contains_paid_content":false,"footnotes":""},"categories":[2,10],"tags":[],"class_list":["post-1294","post","type-post","status-publish","format-standard","has-post-thumbnail","hentry","category-sondk","category-spor"],"jetpack_featured_media_url":"https:\/\/yerelses.com.tr\/wp-content\/uploads\/2024\/11\/a-milli-takim-da-ferdi-kadioglu-aday-kadrodan-cikarildi.jpg","jetpack_sharing_enabled":true,"_links":{"self":[{"href":"https:\/\/yerelses.com.tr\/index.php?rest_route=\/wp\/v2\/posts\/1294","targetHints":{"allow":["GET"]}}],"collection":[{"href":"https:\/\/yerelses.com.tr\/index.php?rest_route=\/wp\/v2\/posts"}],"about":[{"href":"https:\/\/yerelses.com.tr\/index.php?rest_route=\/wp\/v2\/types\/post"}],"author":[{"embeddable":true,"href":"https:\/\/yerelses.com.tr\/index.php?rest_route=\/wp\/v2\/users\/1"}],"replies":[{"embeddable":true,"href":"https:\/\/yerelses.com.tr\/index.php?rest_route=%2Fwp%2Fv2%2Fcomments&post=1294"}],"version-history":[{"count":1,"href":"https:\/\/yerelses.com.tr\/index.php?rest_route=\/wp\/v2\/posts\/1294\/revisions"}],"predecessor-version":[{"id":1296,"href":"https:\/\/yerelses.com.tr\/index.php?rest_route=\/wp\/v2\/posts\/1294\/revisions\/1296"}],"wp:featuredmedia":[{"embeddable":true,"href":"https:\/\/yerelses.com.tr\/index.php?rest_route=\/wp\/v2\/media\/1295"}],"wp:attachment":[{"href":"https:\/\/yerelses.com.tr\/index.php?rest_route=%2Fwp%2Fv2%2Fmedia&parent=1294"}],"wp:term":[{"taxonomy":"category","embeddable":true,"href":"https:\/\/yerelses.com.tr\/index.php?rest_route=%2Fwp%2Fv2%2Fcategories&post=1294"},{"taxonomy":"post_tag","embeddable":true,"href":"https:\/\/yerelses.com.tr\/index.php?rest_route=%2Fwp%2Fv2%2Ftags&post=1294"}],"curies":[{"name":"wp","href":"https:\/\/api.w.org\/{rel}","templated":true}]}}