{"id":1291,"date":"2024-11-12T15:12:04","date_gmt":"2024-11-12T15:12:04","guid":{"rendered":"https:\/\/yerelses.com.tr\/?p=1291"},"modified":"2024-11-12T15:12:04","modified_gmt":"2024-11-12T15:12:04","slug":"bahis-sorusturmasinda-fenomenlerin-hesaplarina-erisim-engeli-talebi","status":"publish","type":"post","link":"https:\/\/yerelses.com.tr\/?p=1291","title":{"rendered":"Bahis soru\u015fturmas\u0131nda fenomenlerin hesaplar\u0131na eri\u015fim engeli talebi"},"content":{"rendered":"<h2 class=\"description\" style=\"text-align: center;\">\u0130stanbul&#8217;da yasa d\u0131\u015f\u0131 bahse te\u015fvik iddias\u0131na ili\u015fkin soru\u015fturmay\u0131 y\u00fcr\u00fcten savc\u0131l\u0131k, \u015f\u00fcpheli fenomenlerin sosyal medya hesaplar\u0131na eri\u015fim engeli getirilmesini talep etti.<\/h2>\n<p style=\"text-align: center;\">\u0130stanbul Cumhuriyet Ba\u015fsavc\u0131l\u0131\u011f\u0131 Bili\u015fim Su\u00e7lar Soru\u015fturma B\u00fcrosunca yasa d\u0131\u015f\u0131 bahse te\u015fvik iddias\u0131na ili\u015fkin, \u00fcnl\u00fclerin ve sosyal medya fenomenlerinin de aralar\u0131nda bulundu\u011fu \u015f\u00fcpheliler hakk\u0131nda ba\u015flat\u0131lan soru\u015fturma s\u00fcr\u00fcyor.<\/p>\n<p style=\"text-align: center;\">Soru\u015fturmay\u0131 y\u00fcr\u00fcten savc\u0131l\u0131k, aralar\u0131nda \u0130brahim Y\u0131lmaz&#8217;\u0131n da oldu\u011fu sosyal medya fenomeni olarak bilinen baz\u0131 \u015f\u00fcphelilerin hesaplar\u0131na eri\u015fim engeli getirilmesini talep etti. Savc\u0131l\u0131\u011f\u0131n talebini hakimlik de\u011ferlendirecek.<\/p>\n<p style=\"text-align: center;\">&#8211; Ne olmu\u015ftu?<\/p>\n<p style=\"text-align: center;\">\u0130stanbul Cumhuriyet Ba\u015fsavc\u0131l\u0131\u011f\u0131, yasa d\u0131\u015f\u0131 bahse te\u015fvik iddias\u0131na ili\u015fkin y\u00fcr\u00fct\u00fclen soru\u015fturmada, sosyal medya fenomenleri ve baz\u0131 \u00fcnl\u00fc isimlerin de aralar\u0131nda bulundu\u011fu 23 \u015f\u00fcpheli hakk\u0131nda g\u00f6zalt\u0131 karar\u0131 vermi\u015fti.<\/p>\n<p style=\"text-align: center;\">Soru\u015fturmada ya\u015fa d\u0131\u015f\u0131 bahis reklamlar\u0131nda yer ald\u0131klar\u0131 iddia edilen \u015f\u00fcpheliler aras\u0131nda \u015fark\u0131c\u0131 Serdar Orta\u00e7, sunucu Mehmet Ali Erbil, eski futbolcu Batuhan Karadeniz, sosyal medya fenomenleri \u0130brahim Y\u0131lmaz, Muzaffer Zorbey Erko\u00e7kar, Sefa Caner Sar\u0131\u00e7am ile Rusya ve T\u00fcrkiye vatanda\u015f\u0131 Aleksander Mensikof&#8217;un da oldu\u011fu tespit edilmi\u015fti.<\/p>\n<p style=\"text-align: center;\">\u0130stanbul Emniyet M\u00fcd\u00fcrl\u00fc\u011f\u00fc ekiplerince d\u00fczenlenen operasyonda, aralar\u0131nda Mehmet Ali Erbil ve Serdar Orta\u00e7&#8217;\u0131n da bulundu\u011fu \u015f\u00fcphelilerden 16&#8217;s\u0131 g\u00f6zalt\u0131na al\u0131nm\u0131\u015f, \u015f\u00fcphelilerden 5&#8217;inin yurt d\u0131\u015f\u0131nda oldu\u011fu, di\u011fer 2&#8217;sinin aranmas\u0131na y\u00f6nelik \u00e7al\u0131\u015fmalar\u0131n s\u00fcrd\u00fc\u011f\u00fc \u00f6\u011frenilmi\u015fti.<\/p>\n<p style=\"text-align: center;\">Emniyetteki i\u015flemlerinin ard\u0131ndan adliyeye sevk edilen \u015f\u00fcphelilerden Serdar Orta\u00e7 ve Mehmet Ali Erbil hakk\u0131nda &#8220;ev hapsi&#8221; \u015feklinde adli kontrol karar\u0131 verilmi\u015f, Sefa Caner Sar\u0131cam, Esma S\u00f6zen, Muzaffer Zorbey Erko\u00e7kar ve \u0130brahim Y\u0131lmaz&#8217;\u0131n da aralar\u0131nda bulundu\u011fu 12 \u015f\u00fcpheli tutuklanm\u0131\u015f, 2 \u015f\u00fcphelinin de adli kontrol \u015fart\u0131yla serbest b\u0131rak\u0131lmas\u0131 kararla\u015ft\u0131r\u0131lm\u0131\u015ft\u0131.<\/p>\n<p style=\"text-align: center;\">Savc\u0131l\u0131k, Erbil ve Orta\u00e7&#8217;\u0131n aralar\u0131nda bulundu\u011fu 4 \u015f\u00fcpheli hakk\u0131nda sulh ceza hakimli\u011finin verdi\u011fi adli kontrol tedbirine itiraz etmi\u015f ve bu \u015f\u00fcphelilerin de tutuklanmas\u0131n\u0131 talep etmi\u015fti. Savc\u0131l\u0131\u011f\u0131n itiraz\u0131na ili\u015fkin n\u00f6bet\u00e7i asliye ceza mahkemesinden hen\u00fcz karar \u00e7\u0131kmad\u0131.<\/p>\n<p style=\"text-align: center;\">Kaynak : Anadolu Ajans\u0131<\/p>\n","protected":false},"excerpt":{"rendered":"<p>\u0130stanbul&#8217;da yasa d\u0131\u015f\u0131 bahse te\u015fvik iddias\u0131na ili\u015fkin soru\u015fturmay\u0131 y\u00fcr\u00fcten savc\u0131l\u0131k, \u015f\u00fcpheli fenomenlerin sosyal medya hesaplar\u0131na eri\u015fim engeli getirilmesini talep etti. \u0130stanbul Cumhuriyet Ba\u015fsavc\u0131l\u0131\u011f\u0131 Bili\u015fim Su\u00e7lar Soru\u015fturma B\u00fcrosunca yasa d\u0131\u015f\u0131 bahse te\u015fvik iddias\u0131na ili\u015fkin, \u00fcnl\u00fclerin ve sosyal medya fenomenlerinin de aralar\u0131nda bulundu\u011fu \u015f\u00fcpheliler hakk\u0131nda ba\u015flat\u0131lan soru\u015fturma s\u00fcr\u00fcyor. Soru\u015fturmay\u0131 y\u00fcr\u00fcten savc\u0131l\u0131k, aralar\u0131nda \u0130brahim Y\u0131lmaz&#8217;\u0131n da oldu\u011fu sosyal [&hellip;]<\/p>\n","protected":false},"author":1,"featured_media":1292,"comment_status":"open","ping_status":"open","sticky":false,"template":"","format":"standard","meta":{"_jetpack_memberships_contains_paid_content":false,"footnotes":""},"categories":[9,33,1,2],"tags":[],"class_list":["post-1291","post","type-post","status-publish","format-standard","has-post-thumbnail","hentry","category-asayis","category-genel","category-gundem","category-sondk"],"jetpack_featured_media_url":"https:\/\/yerelses.com.tr\/wp-content\/uploads\/2024\/11\/bahis-sorusturmasinda-fenomenlerin-hesaplarina-erisim-engeli-talebi.jpg","jetpack_sharing_enabled":true,"_links":{"self":[{"href":"https:\/\/yerelses.com.tr\/index.php?rest_route=\/wp\/v2\/posts\/1291","targetHints":{"allow":["GET"]}}],"collection":[{"href":"https:\/\/yerelses.com.tr\/index.php?rest_route=\/wp\/v2\/posts"}],"about":[{"href":"https:\/\/yerelses.com.tr\/index.php?rest_route=\/wp\/v2\/types\/post"}],"author":[{"embeddable":true,"href":"https:\/\/yerelses.com.tr\/index.php?rest_route=\/wp\/v2\/users\/1"}],"replies":[{"embeddable":true,"href":"https:\/\/yerelses.com.tr\/index.php?rest_route=%2Fwp%2Fv2%2Fcomments&post=1291"}],"version-history":[{"count":1,"href":"https:\/\/yerelses.com.tr\/index.php?rest_route=\/wp\/v2\/posts\/1291\/revisions"}],"predecessor-version":[{"id":1293,"href":"https:\/\/yerelses.com.tr\/index.php?rest_route=\/wp\/v2\/posts\/1291\/revisions\/1293"}],"wp:featuredmedia":[{"embeddable":true,"href":"https:\/\/yerelses.com.tr\/index.php?rest_route=\/wp\/v2\/media\/1292"}],"wp:attachment":[{"href":"https:\/\/yerelses.com.tr\/index.php?rest_route=%2Fwp%2Fv2%2Fmedia&parent=1291"}],"wp:term":[{"taxonomy":"category","embeddable":true,"href":"https:\/\/yerelses.com.tr\/index.php?rest_route=%2Fwp%2Fv2%2Fcategories&post=1291"},{"taxonomy":"post_tag","embeddable":true,"href":"https:\/\/yerelses.com.tr\/index.php?rest_route=%2Fwp%2Fv2%2Ftags&post=1291"}],"curies":[{"name":"wp","href":"https:\/\/api.w.org\/{rel}","templated":true}]}}