{"id":1286,"date":"2024-11-11T15:23:19","date_gmt":"2024-11-11T15:23:19","guid":{"rendered":"https:\/\/yerelses.com.tr\/?p=1286"},"modified":"2024-11-11T15:23:19","modified_gmt":"2024-11-11T15:23:19","slug":"ibb-meclisine-kavga-nedeniyle-ara-verildi","status":"publish","type":"post","link":"https:\/\/yerelses.com.tr\/?p=1286","title":{"rendered":"\u0130BB Meclisine kavga nedeniyle ara verildi"},"content":{"rendered":"<h2 class=\"description\" style=\"text-align: center;\">\u0130stanbul B\u00fcy\u00fck\u015fehir Belediye (\u0130BB) Meclisinde, Kartal&#8217;da i\u015f\u00e7ilerin haklar\u0131n\u0131 alamad\u0131\u011f\u0131 gerek\u00e7esiyle ba\u015flatt\u0131\u011f\u0131 grevde, \u0130BB&#8217;nin grev k\u0131r\u0131c\u0131l\u0131\u011f\u0131 yapt\u0131\u011f\u0131 y\u00f6n\u00fcndeki soru \u00f6nergesinin g\u00f6r\u00fc\u015f\u00fclmesi s\u0131ras\u0131nda, s\u00f6z hakk\u0131 verilmemesi nedeniyle kavga \u00e7\u0131kt\u0131.<\/h2>\n<p style=\"text-align: center;\">\u0130STANBUL (AA) &#8211; \u0130stanbul B\u00fcy\u00fck\u015fehir Belediye (\u0130BB) Meclisinde ya\u015fanan tart\u0131\u015fma sonras\u0131 meclis \u00fcyeleri birbirlerinin \u00fczerine y\u00fcr\u00fcy\u00fcp su ve kitap\u00e7\u0131k f\u0131rlatt\u0131.<\/p>\n<p style=\"text-align: center;\">\u0130BB Meclisi kas\u0131m ay\u0131 toplant\u0131lar\u0131n\u0131n birinci oturumu, Meclis 1. Ba\u015fkanvekili Nuri Aslan&#8217;\u0131n ba\u015fkanl\u0131\u011f\u0131nda Sara\u00e7hane&#8217;deki belediye binas\u0131nda ger\u00e7ekle\u015ftirildi.<\/p>\n<p style=\"text-align: center;\">Toplant\u0131da, \u00e7e\u015fitli konularda AK Parti&#8217;li meclis \u00fcyeleri taraf\u0131ndan soru \u00f6nergeleri verildi.<\/p>\n<p style=\"text-align: center;\">Soru \u00f6nergesi i\u00e7in s\u00f6z alan AK Parti&#8217;li Meclis \u00dcyesi Haydar G\u00f6ksoy, Kartal&#8217;da i\u015f\u00e7ilerin greve gitti\u011fini ve \u0130BB ile di\u011fer il\u00e7e belediyelerinin grev k\u0131r\u0131c\u0131l\u0131\u011f\u0131 yapt\u0131\u011f\u0131n\u0131 s\u00f6yledi.<\/p>\n<p style=\"text-align: center;\"><img fetchpriority=\"high\" decoding=\"async\" class=\"aligncenter wp-image-1287 size-full\" src=\"https:\/\/yerelses.com.tr\/wp-content\/uploads\/2024\/11\/ibb-meclisi-kavga.jpg\" alt=\"\" width=\"1280\" height=\"720\" srcset=\"https:\/\/yerelses.com.tr\/wp-content\/uploads\/2024\/11\/ibb-meclisi-kavga.jpg 1280w, https:\/\/yerelses.com.tr\/wp-content\/uploads\/2024\/11\/ibb-meclisi-kavga-300x169.jpg 300w, https:\/\/yerelses.com.tr\/wp-content\/uploads\/2024\/11\/ibb-meclisi-kavga-1024x576.jpg 1024w, https:\/\/yerelses.com.tr\/wp-content\/uploads\/2024\/11\/ibb-meclisi-kavga-768x432.jpg 768w\" sizes=\"(max-width: 1280px) 100vw, 1280px\" \/><\/p>\n<p style=\"text-align: center;\">G\u00f6ksoy, &#8220;CHP&#8217;li \u0130BB y\u00f6netimi, il\u00e7e belediyelerinde toplu s\u00f6zle\u015fme ve grev s\u00fcre\u00e7lerine hangi hak ve yetki ile m\u00fcdahale ediyor? Di\u011fer il\u00e7e belediyelerinden ve \u0130BB&#8217;den gelen ekip ve ara\u00e7lar\u0131n ihale \u015fartnamelerinde il\u00e7e s\u0131n\u0131rlar\u0131 ibaresi varken o i\u015f\u00e7ilerin g\u00fcnl\u00fck mesai ve di\u011fer masraflar\u0131 \u0130BB taraf\u0131ndan m\u0131 kar\u015f\u0131lanacak? \u0130\u015f\u00e7i ile anla\u015fma s\u00fcrecinin desteklenmesi yerine \u0130BB ara\u00e7lar\u0131 ile grev k\u0131r\u0131c\u0131l\u0131\u011f\u0131 yap\u0131lmas\u0131n\u0131n sebebi nedir? \u0130BB mevcut il\u00e7elerdeki toplu s\u00f6zle\u015fme s\u00fcrecinin bir taraf\u0131 m\u0131d\u0131r?&#8221; diye sordu.<\/p>\n<p style=\"text-align: center;\">Bunun \u00fczerine s\u00f6z alan Kartal Belediye Ba\u015fkan\u0131 G\u00f6khan Y\u00fcksel, il\u00e7ede sendika temsilcileriyle beraber bir s\u00fcre\u00e7 y\u00f6nettiklerini, s\u00fcrecin ilk \u00fc\u00e7 g\u00fcn\u00fcn\u00fcn grevle sonu\u00e7land\u0131\u011f\u0131n\u0131 s\u00f6yledi. O s\u00fcre zarf\u0131nda ne b\u00fcy\u00fck\u015fehir belediyesi ne de di\u011fer il\u00e7e belediyelerinin herhangi bir hizmeti Kartal&#8217;a vermedi\u011fini kaydeden Y\u00fcksel, \u015f\u00f6yle devam etti:<\/p>\n<p style=\"text-align: center;\">&#8220;Yani grev k\u0131r\u0131c\u0131l\u0131\u011f\u0131 s\u00f6z konusu olmad\u0131. \u0130lgili sendikayla 3 g\u00fcn\u00fcn sonunda s\u00f6zle\u015fmeyi ger\u00e7ekle\u015ftirmi\u015f olduk. Fakat s\u00f6zle\u015fmeyi yapt\u0131ktan sonra sendika temsilcilerinin i\u00e7erisinden baz\u0131lar\u0131 ve baz\u0131 i\u015f\u00e7i arkada\u015flar\u0131m\u0131z, bu s\u00fcreci kabullenmedi ama genel merkez s\u00fcre\u00e7leri tamamlanm\u0131\u015f oldu. S\u00f6zle\u015fme imzalanm\u0131\u015f oldu. Yasal s\u00fcre\u00e7 tamamlanm\u0131\u015f oldu. Dolay\u0131s\u0131yla yasal s\u00fcre\u00e7 tamamland\u0131\u011f\u0131 halde yasal olmayan bir \u015fekilde bir grevin d\u0131\u015f\u0131nda bir direni\u015f s\u00f6z konusu oldu. Dolay\u0131s\u0131yla halk sa\u011fl\u0131\u011f\u0131n\u0131 etkileyen, i\u015f ve i\u015flemlerin aksat\u0131lmamas\u0131 i\u00e7in \u00e7al\u0131\u015fma arkada\u015flar\u0131m\u0131z uyar\u0131ld\u0131. Buna ra\u011fmen g\u00f6rev almak istemeyen arkada\u015flar\u0131m\u0131z oldu. Halk\u0131n sa\u011fl\u0131\u011f\u0131n\u0131 aksatmamak ad\u0131na hem il\u00e7e belediyelerimiz hem b\u00fcy\u00fck\u015fehir belediyemiz bizlerle dayan\u0131\u015fma g\u00f6sterdiler. Bu s\u00fcre\u00e7 tamamen yasald\u0131r.&#8221;<\/p>\n<p style=\"text-align: center;\">&#8211; &#8220;Siz meclisin ba\u015fkan\u0131s\u0131n\u0131z, CHP&#8217;nin meclis ba\u015fkan\u0131 de\u011filsiniz&#8221;<\/p>\n<p style=\"text-align: center;\">Bunun \u00fczerine yeniden s\u00f6z hakk\u0131 almak isteyen AK Parti&#8217;li Meclis \u00dcyesi G\u00f6ksoy&#8217;a, Meclis 1. Ba\u015fkanvekili Aslan taraf\u0131ndan s\u00f6z hakk\u0131 verilmedi.<\/p>\n<p style=\"text-align: center;\">Bu duruma tepki g\u00f6sterilmesi \u00fczerine Aslan, &#8220;Arkada\u015flar 15 y\u0131l y\u00f6netti\u011finiz il\u00e7e belediyelerinde neler yapt\u0131klar\u0131n\u0131z\u0131 b\u00fct\u00fcn \u0130stanbul, b\u00fct\u00fcn T\u00fcrkiye biliyor.&#8221; ifadelerini kulland\u0131.<\/p>\n<p style=\"text-align: center;\">\n<div id=\"zone-pharagraphs1\" class=\"widget-article\" style=\"text-align: center;\"><\/div>\n<p style=\"text-align: center;\">\n<p style=\"text-align: center;\">Aslan&#8217;\u0131n s\u00f6zlerine AK Parti s\u0131ralar\u0131ndan tekrar tepki g\u00f6sterilirken, AK Parti Grup Ba\u015fkanvekili Zeynel Abidin Okul, s\u00f6z alarak Meclis 1. Ba\u015fkanvekili Aslan&#8217;\u0131 ele\u015ftirdi.<\/p>\n<p style=\"text-align: center;\">Kartal Belediyesine ili\u015fkin verilen soru \u00f6nergesine, Belediye Ba\u015fkan\u0131 G\u00f6khan Y\u00fcksel&#8217;in verdi\u011fi yan\u0131t\u0131n s\u00f6z hakk\u0131 do\u011furdu\u011funu belirten Okul, ancak meclis ba\u015fkanvekilinin bu hakk\u0131 tan\u0131mad\u0131\u011f\u0131n\u0131 s\u00f6yledi.<\/p>\n<p style=\"text-align: center;\">Meclisi y\u00f6neten Aslan&#8217;\u0131n tavr\u0131n\u0131 ele\u015ftiren Okul, &#8220;Bir kere CHP g\u00f6mle\u011finizi \u00e7\u0131kar\u0131n. Biraz \u00f6nceki ifadeleriniz meclisin y\u0131llard\u0131r s\u00fcregelen demokrasi anlay\u0131\u015f\u0131na ters d\u00fc\u015f\u00fcyor. 15 y\u0131ld\u0131r il\u00e7elerde ne g\u00f6rd\u00fcn\u00fcz de b\u00f6yle bir a\u00e7\u0131klama yap\u0131yorsunuz. Bu \u00fcslup meclisin demokratik havas\u0131n\u0131 \u00e7ok ciddi s\u0131k\u0131nt\u0131ya sokar. Siz meclisin ba\u015fkan\u0131s\u0131n\u0131z, CHP&#8217;nin meclis ba\u015fkan\u0131 de\u011filsiniz.&#8221; \u015feklinde konu\u015ftu.<\/p>\n<p style=\"text-align: center;\">AK Parti Grup y\u00f6netimi yeniden s\u00f6z hakk\u0131 isterken Ba\u015fkanvekili Aslan, &#8220;Germeyin meclisi. Meclisi germeye mi geldiniz?&#8221; dedi.<\/p>\n<p style=\"text-align: center;\">CHP Grup Ba\u015fkanvekili \u00dclk\u00fc Sakalar da s\u00f6z alarak meclisin y\u00f6netiminin, meclis ba\u015fkan\u0131n\u0131n g\u00f6rev ve sorumlulu\u011fu alt\u0131nda oldu\u011funu belirtti.<\/p>\n<p style=\"text-align: center;\">\n<div id=\"zone-pharagraphs2\" class=\"widget-article\" style=\"text-align: center;\"><\/div>\n<p style=\"text-align: center;\">\n<p style=\"text-align: center;\">Belediye \u00e7al\u0131\u015fma y\u00f6netmeli\u011fine g\u00f6re meclisin d\u00fczenini bozan \u00fcyelere ili\u015fkin yapt\u0131r\u0131mlara de\u011finen Sakalar, &#8220;Buna ayk\u0131r\u0131 davranan \u00fcyeler ba\u015fkan taraf\u0131ndan uyar\u0131l\u0131r. Buna ra\u011fmen davran\u0131\u015flar\u0131nda \u0131srar eden \u00fcye, ba\u015fkan\u0131n talimat\u0131yla g\u00f6revliler taraf\u0131ndan d\u0131\u015far\u0131 \u00e7\u0131kar\u0131l\u0131r.&#8221; ifadelerini kulland\u0131.<\/p>\n<p style=\"text-align: center;\">Sakalar&#8217;\u0131n s\u00f6zleri \u00fczerine CHP&#8217;li ve AK Parti&#8217;li \u00fcyeler s\u00f6zl\u00fc at\u0131\u015fmada bulunduktan sonra birbirlerinin \u00fczerine y\u00fcr\u00fcd\u00fc.<\/p>\n<p style=\"text-align: center;\">Ya\u015fanan arbedede meclis \u00fcyeleri, birbirlerine masalarda bulunan su ve kitap\u00e7\u0131klar\u0131 f\u0131rlatt\u0131.<\/p>\n<p style=\"text-align: center;\">Bunun \u00fczerine oturumu y\u00f6neten Aslan, meclis toplant\u0131s\u0131na ara vererek grup ba\u015fkanvekillerini odas\u0131na \u00e7a\u011f\u0131rd\u0131.<\/p>\n<p style=\"text-align: center;\">Kaynak : Anadolu Ajans\u0131<\/p>\n","protected":false},"excerpt":{"rendered":"<p>\u0130stanbul B\u00fcy\u00fck\u015fehir Belediye (\u0130BB) Meclisinde, Kartal&#8217;da i\u015f\u00e7ilerin haklar\u0131n\u0131 alamad\u0131\u011f\u0131 gerek\u00e7esiyle ba\u015flatt\u0131\u011f\u0131 grevde, \u0130BB&#8217;nin grev k\u0131r\u0131c\u0131l\u0131\u011f\u0131 yapt\u0131\u011f\u0131 y\u00f6n\u00fcndeki soru \u00f6nergesinin g\u00f6r\u00fc\u015f\u00fclmesi s\u0131ras\u0131nda, s\u00f6z hakk\u0131 verilmemesi nedeniyle kavga \u00e7\u0131kt\u0131. \u0130STANBUL (AA) &#8211; \u0130stanbul B\u00fcy\u00fck\u015fehir Belediye (\u0130BB) Meclisinde ya\u015fanan tart\u0131\u015fma sonras\u0131 meclis \u00fcyeleri birbirlerinin \u00fczerine y\u00fcr\u00fcy\u00fcp su ve kitap\u00e7\u0131k f\u0131rlatt\u0131. \u0130BB Meclisi kas\u0131m ay\u0131 toplant\u0131lar\u0131n\u0131n birinci oturumu, Meclis [&hellip;]<\/p>\n","protected":false},"author":1,"featured_media":1288,"comment_status":"open","ping_status":"open","sticky":false,"template":"","format":"standard","meta":{"_jetpack_memberships_contains_paid_content":false,"footnotes":""},"categories":[33,1,8,2],"tags":[],"class_list":["post-1286","post","type-post","status-publish","format-standard","has-post-thumbnail","hentry","category-genel","category-gundem","category-siyaset","category-sondk"],"jetpack_featured_media_url":"https:\/\/yerelses.com.tr\/wp-content\/uploads\/2024\/11\/ibb-meclisine-kavga-nedeniyle-ara-verildi.jpg","jetpack_sharing_enabled":true,"_links":{"self":[{"href":"https:\/\/yerelses.com.tr\/index.php?rest_route=\/wp\/v2\/posts\/1286","targetHints":{"allow":["GET"]}}],"collection":[{"href":"https:\/\/yerelses.com.tr\/index.php?rest_route=\/wp\/v2\/posts"}],"about":[{"href":"https:\/\/yerelses.com.tr\/index.php?rest_route=\/wp\/v2\/types\/post"}],"author":[{"embeddable":true,"href":"https:\/\/yerelses.com.tr\/index.php?rest_route=\/wp\/v2\/users\/1"}],"replies":[{"embeddable":true,"href":"https:\/\/yerelses.com.tr\/index.php?rest_route=%2Fwp%2Fv2%2Fcomments&post=1286"}],"version-history":[{"count":1,"href":"https:\/\/yerelses.com.tr\/index.php?rest_route=\/wp\/v2\/posts\/1286\/revisions"}],"predecessor-version":[{"id":1289,"href":"https:\/\/yerelses.com.tr\/index.php?rest_route=\/wp\/v2\/posts\/1286\/revisions\/1289"}],"wp:featuredmedia":[{"embeddable":true,"href":"https:\/\/yerelses.com.tr\/index.php?rest_route=\/wp\/v2\/media\/1288"}],"wp:attachment":[{"href":"https:\/\/yerelses.com.tr\/index.php?rest_route=%2Fwp%2Fv2%2Fmedia&parent=1286"}],"wp:term":[{"taxonomy":"category","embeddable":true,"href":"https:\/\/yerelses.com.tr\/index.php?rest_route=%2Fwp%2Fv2%2Fcategories&post=1286"},{"taxonomy":"post_tag","embeddable":true,"href":"https:\/\/yerelses.com.tr\/index.php?rest_route=%2Fwp%2Fv2%2Ftags&post=1286"}],"curies":[{"name":"wp","href":"https:\/\/api.w.org\/{rel}","templated":true}]}}