{"id":1283,"date":"2024-11-11T15:20:47","date_gmt":"2024-11-11T15:20:47","guid":{"rendered":"https:\/\/yerelses.com.tr\/?p=1283"},"modified":"2024-11-11T15:20:47","modified_gmt":"2024-11-11T15:20:47","slug":"caglar-soyuncu-milli-takim-aday-kadrosundan-cikarildi","status":"publish","type":"post","link":"https:\/\/yerelses.com.tr\/?p=1283","title":{"rendered":"\u00c7a\u011flar S\u00f6y\u00fcnc\u00fc, Milli Tak\u0131m aday kadrosundan \u00e7\u0131kar\u0131ld\u0131"},"content":{"rendered":"<h2 class=\"description\" style=\"text-align: center;\">UEFA Uluslar B Ligi 4. Grup&#8217;ta Galler ve Karada\u011f ile kar\u015f\u0131la\u015facak A Milli Futbol Tak\u0131m\u0131&#8217;nda \u00c7a\u011flar S\u00f6y\u00fcnc\u00fc, sakatl\u0131\u011f\u0131 sebebiyle aday kadrodan \u00e7\u0131kar\u0131ld\u0131.<\/h2>\n<p style=\"text-align: center;\">T\u00fcrkiye Futbol Federasyonundan yap\u0131lan a\u00e7\u0131klamada, 16 Kas\u0131m&#8217;da Galler ve 19 Kas\u0131m&#8217;da Karada\u011f ile oynayaca\u011f\u0131 ma\u00e7lar i\u00e7in \u0130stanbul&#8217;da toplanan ay-y\u0131ld\u0131zl\u0131lar\u0131n aday kadrosunda de\u011fi\u015fikli\u011fe gidildi\u011fi belirtilerek, \u015fu ifadeler kullan\u0131ld\u0131:<\/p>\n<p style=\"text-align: center;\">&#8220;Fenerbah\u00e7e&#8217;nin Net Global Sivasspor ile oynad\u0131\u011f\u0131 kar\u015f\u0131la\u015fmada ald\u0131\u011f\u0131 darbe sonras\u0131nda yap\u0131lan tetkiklerde sol diz i\u00e7 yan ba\u011f\u0131nda gerilme ve \u00f6dem tespit edilen \u00c7a\u011flar S\u00f6y\u00fcnc\u00fc aday kadrodan \u00e7\u0131kar\u0131ld\u0131.&#8221;<\/p>\n<p style=\"text-align: center;\">Kaynak : Anadolu Ajans\u0131<\/p>\n","protected":false},"excerpt":{"rendered":"<p>UEFA Uluslar B Ligi 4. Grup&#8217;ta Galler ve Karada\u011f ile kar\u015f\u0131la\u015facak A Milli Futbol Tak\u0131m\u0131&#8217;nda \u00c7a\u011flar S\u00f6y\u00fcnc\u00fc, sakatl\u0131\u011f\u0131 sebebiyle aday kadrodan \u00e7\u0131kar\u0131ld\u0131. T\u00fcrkiye Futbol Federasyonundan yap\u0131lan a\u00e7\u0131klamada, 16 Kas\u0131m&#8217;da Galler ve 19 Kas\u0131m&#8217;da Karada\u011f ile oynayaca\u011f\u0131 ma\u00e7lar i\u00e7in \u0130stanbul&#8217;da toplanan ay-y\u0131ld\u0131zl\u0131lar\u0131n aday kadrosunda de\u011fi\u015fikli\u011fe gidildi\u011fi belirtilerek, \u015fu ifadeler kullan\u0131ld\u0131: &#8220;Fenerbah\u00e7e&#8217;nin Net Global Sivasspor ile oynad\u0131\u011f\u0131 [&hellip;]<\/p>\n","protected":false},"author":1,"featured_media":1284,"comment_status":"open","ping_status":"open","sticky":false,"template":"","format":"standard","meta":{"_jetpack_memberships_contains_paid_content":false,"footnotes":""},"categories":[33,2,10],"tags":[],"class_list":["post-1283","post","type-post","status-publish","format-standard","has-post-thumbnail","hentry","category-genel","category-sondk","category-spor"],"jetpack_featured_media_url":"https:\/\/yerelses.com.tr\/wp-content\/uploads\/2024\/11\/caglar-soyuncu-milli-takim-aday-kadrosundan-cikarildi.jpg","jetpack_sharing_enabled":true,"_links":{"self":[{"href":"https:\/\/yerelses.com.tr\/index.php?rest_route=\/wp\/v2\/posts\/1283","targetHints":{"allow":["GET"]}}],"collection":[{"href":"https:\/\/yerelses.com.tr\/index.php?rest_route=\/wp\/v2\/posts"}],"about":[{"href":"https:\/\/yerelses.com.tr\/index.php?rest_route=\/wp\/v2\/types\/post"}],"author":[{"embeddable":true,"href":"https:\/\/yerelses.com.tr\/index.php?rest_route=\/wp\/v2\/users\/1"}],"replies":[{"embeddable":true,"href":"https:\/\/yerelses.com.tr\/index.php?rest_route=%2Fwp%2Fv2%2Fcomments&post=1283"}],"version-history":[{"count":1,"href":"https:\/\/yerelses.com.tr\/index.php?rest_route=\/wp\/v2\/posts\/1283\/revisions"}],"predecessor-version":[{"id":1285,"href":"https:\/\/yerelses.com.tr\/index.php?rest_route=\/wp\/v2\/posts\/1283\/revisions\/1285"}],"wp:featuredmedia":[{"embeddable":true,"href":"https:\/\/yerelses.com.tr\/index.php?rest_route=\/wp\/v2\/media\/1284"}],"wp:attachment":[{"href":"https:\/\/yerelses.com.tr\/index.php?rest_route=%2Fwp%2Fv2%2Fmedia&parent=1283"}],"wp:term":[{"taxonomy":"category","embeddable":true,"href":"https:\/\/yerelses.com.tr\/index.php?rest_route=%2Fwp%2Fv2%2Fcategories&post=1283"},{"taxonomy":"post_tag","embeddable":true,"href":"https:\/\/yerelses.com.tr\/index.php?rest_route=%2Fwp%2Fv2%2Ftags&post=1283"}],"curies":[{"name":"wp","href":"https:\/\/api.w.org\/{rel}","templated":true}]}}