{"id":1280,"date":"2024-11-11T15:19:33","date_gmt":"2024-11-11T15:19:33","guid":{"rendered":"https:\/\/yerelses.com.tr\/?p=1280"},"modified":"2024-11-11T15:19:33","modified_gmt":"2024-11-11T15:19:33","slug":"emniyetten-yeni-calisma-motorcuya-kiyafet-sarti-geliyor","status":"publish","type":"post","link":"https:\/\/yerelses.com.tr\/?p=1280","title":{"rendered":"Emniyetten yeni \u00e7al\u0131\u015fma: Motorcuya k\u0131yafet \u015fart\u0131 geliyor"},"content":{"rendered":"<h2 class=\"description\" style=\"text-align: center;\">Emniyet Genel M\u00fcd\u00fcrl\u00fc\u011f\u00fcnce trafikteki \u00f6nlemlerin art\u0131r\u0131lmas\u0131 i\u00e7in yeni bir \u00e7al\u0131\u015fma ba\u015flat\u0131ld\u0131. Uzmanlarca haz\u0131rlanacak raporlar do\u011frultusunda motosiklet s\u00fcr\u00fcc\u00fcleri i\u00e7in kask ile birlikte farkl\u0131 koruucu ekipmanlar\u0131n da zorunlu tutulmas\u0131 \u00f6ng\u00f6r\u00fcl\u00fcyor.<\/h2>\n<p style=\"text-align: center;\">Emniyet Genel M\u00fcd\u00fcrl\u00fc\u011f\u00fc Trafik Ba\u015fkanl\u0131\u011f\u0131 motosiklet kazalar\u0131ndan \u00f6l\u00fcmleri azaltmak i\u00e7in ileri s\u00fcr\u00fc\u015f uzmanlar\u0131 ile birlikte \u00e7al\u0131\u015f\u0131yor.<\/p>\n<p style=\"text-align: center;\">Emniyet taraf\u0131ndan trafikteki \u00f6nlemlerin art\u0131r\u0131lmas\u0131 i\u00e7in yeni \u00e7al\u0131\u015fma ba\u015flat\u0131ld\u0131. E\u011fer d\u00fczenleme y\u00fcr\u00fcrl\u00fc\u011fe girerse motosiklet kullan\u0131rken art\u0131k tek ba\u015f\u0131na kask takmak yeterli olmayacak, farkl\u0131 ekipmanlar da zorunlu tutulacak.<\/p>\n<p style=\"text-align: center;\">Kask takman\u0131n yeterli olmad\u0131\u011f\u0131 belirtilirken pek \u00e7ok farkl\u0131 ekipman hayati i\u015flevler g\u00f6r\u00fcyor.<\/p>\n<p style=\"text-align: center;\"><b>&#8220;HEPS\u0130 B\u0130R B\u00dcT\u00dcN&#8221;<\/b><\/p>\n<p style=\"text-align: center;\">(Motosiklet End\u00fcstrisi Derne\u011fi) Genel Koordinat\u00f6r\u00fc Remzi \u00d6zt\u00fcrk, ilk s\u0131rada kask\u0131n \u00f6nemini vurgulay\u0131p ikinci s\u0131rada ise mont, pantolon ve eldivene dikkat \u00e7ekti. &#8220;Hepsi bir b\u00fct\u00fcn.&#8221; diyen \u00d6zt\u00fcrk, s\u00fcr\u00fcc\u00fcy\u00fc kaza an\u0131nda kollayan k\u0131yafetlerin standarta uygun olmas\u0131n\u0131n \u00f6nemli oldu\u011funu dile getirdi.<\/p>\n<p style=\"text-align: center;\">Standarta uygun olmayan kasklar\u0131n ucuz ve genellikle plastikten yap\u0131ld\u0131\u011f\u0131n\u0131 s\u00f6yleyen \u00d6zt\u00fcrk, sadece kask\u0131n \u00f6l\u00fcm\u00fc engellemedi\u011finin alt\u0131n\u0131 \u00e7izdi.<\/p>\n<p style=\"text-align: center;\"><b>KURYELER \u015e\u0130KAYET\u00c7\u0130<\/b><\/p>\n<p style=\"text-align: center;\">\u0130lgili k\u0131yafetleri temin etmenin maliyeti ortalama 70 bin lira iken kuryeler baz\u0131 meslekta\u015flar\u0131n\u0131n yeterli deste\u011fi alamad\u0131\u011f\u0131n\u0131 \u00f6ne s\u00fcr\u00fcyor.<\/p>\n<p style=\"text-align: center;\">Hangi ekipmanlar\u0131n zorunlu tutulaca\u011f\u0131na raporlar do\u011frultusunda karar verilecek.<\/p>\n<p style=\"text-align: center;\">\n<div id=\"zone-pharagraphs1\" class=\"widget-article\" style=\"text-align: center;\"><\/div>\n<p style=\"text-align: center;\">\n<p style=\"text-align: center;\"><b>\u0130LK 8 AYDA 75 B\u0130N TRAF\u0130K KAZASI<\/b><\/p>\n<p style=\"text-align: center;\">Bu y\u0131l\u0131n ilk 8 ay\u0131 i\u00e7inde, 75 bin \u00f6l\u00fcml\u00fc veya yaralanmal\u0131 motosiklet kazas\u0131 meydana geldi.<\/p>\n<p style=\"text-align: center;\">NTV \/ Baran Bila<\/p>\n<p style=\"text-align: center;\">Kaynak : NTV<\/p>\n","protected":false},"excerpt":{"rendered":"<p>Emniyet Genel M\u00fcd\u00fcrl\u00fc\u011f\u00fcnce trafikteki \u00f6nlemlerin art\u0131r\u0131lmas\u0131 i\u00e7in yeni bir \u00e7al\u0131\u015fma ba\u015flat\u0131ld\u0131. Uzmanlarca haz\u0131rlanacak raporlar do\u011frultusunda motosiklet s\u00fcr\u00fcc\u00fcleri i\u00e7in kask ile birlikte farkl\u0131 koruucu ekipmanlar\u0131n da zorunlu tutulmas\u0131 \u00f6ng\u00f6r\u00fcl\u00fcyor. Emniyet Genel M\u00fcd\u00fcrl\u00fc\u011f\u00fc Trafik Ba\u015fkanl\u0131\u011f\u0131 motosiklet kazalar\u0131ndan \u00f6l\u00fcmleri azaltmak i\u00e7in ileri s\u00fcr\u00fc\u015f uzmanlar\u0131 ile birlikte \u00e7al\u0131\u015f\u0131yor. Emniyet taraf\u0131ndan trafikteki \u00f6nlemlerin art\u0131r\u0131lmas\u0131 i\u00e7in yeni \u00e7al\u0131\u015fma ba\u015flat\u0131ld\u0131. E\u011fer d\u00fczenleme [&hellip;]<\/p>\n","protected":false},"author":1,"featured_media":1281,"comment_status":"open","ping_status":"open","sticky":false,"template":"","format":"standard","meta":{"_jetpack_memberships_contains_paid_content":false,"footnotes":""},"categories":[9,33,2],"tags":[],"class_list":["post-1280","post","type-post","status-publish","format-standard","has-post-thumbnail","hentry","category-asayis","category-genel","category-sondk"],"jetpack_featured_media_url":"https:\/\/yerelses.com.tr\/wp-content\/uploads\/2024\/11\/emniyetten-yeni-calisma-motorcuya-kiyafet-sarti-geliyor.jpg","jetpack_sharing_enabled":true,"_links":{"self":[{"href":"https:\/\/yerelses.com.tr\/index.php?rest_route=\/wp\/v2\/posts\/1280","targetHints":{"allow":["GET"]}}],"collection":[{"href":"https:\/\/yerelses.com.tr\/index.php?rest_route=\/wp\/v2\/posts"}],"about":[{"href":"https:\/\/yerelses.com.tr\/index.php?rest_route=\/wp\/v2\/types\/post"}],"author":[{"embeddable":true,"href":"https:\/\/yerelses.com.tr\/index.php?rest_route=\/wp\/v2\/users\/1"}],"replies":[{"embeddable":true,"href":"https:\/\/yerelses.com.tr\/index.php?rest_route=%2Fwp%2Fv2%2Fcomments&post=1280"}],"version-history":[{"count":1,"href":"https:\/\/yerelses.com.tr\/index.php?rest_route=\/wp\/v2\/posts\/1280\/revisions"}],"predecessor-version":[{"id":1282,"href":"https:\/\/yerelses.com.tr\/index.php?rest_route=\/wp\/v2\/posts\/1280\/revisions\/1282"}],"wp:featuredmedia":[{"embeddable":true,"href":"https:\/\/yerelses.com.tr\/index.php?rest_route=\/wp\/v2\/media\/1281"}],"wp:attachment":[{"href":"https:\/\/yerelses.com.tr\/index.php?rest_route=%2Fwp%2Fv2%2Fmedia&parent=1280"}],"wp:term":[{"taxonomy":"category","embeddable":true,"href":"https:\/\/yerelses.com.tr\/index.php?rest_route=%2Fwp%2Fv2%2Fcategories&post=1280"},{"taxonomy":"post_tag","embeddable":true,"href":"https:\/\/yerelses.com.tr\/index.php?rest_route=%2Fwp%2Fv2%2Ftags&post=1280"}],"curies":[{"name":"wp","href":"https:\/\/api.w.org\/{rel}","templated":true}]}}