{"id":1276,"date":"2024-11-04T15:19:01","date_gmt":"2024-11-04T15:19:01","guid":{"rendered":"https:\/\/yerelses.com.tr\/?p=1276"},"modified":"2024-11-04T15:19:01","modified_gmt":"2024-11-04T15:19:01","slug":"valilikten-izmir-belediyesine-tepki","status":"publish","type":"post","link":"https:\/\/yerelses.com.tr\/?p=1276","title":{"rendered":"Valilikten \u0130zmir Belediyesi&#8217;ne tepki"},"content":{"rendered":"<h2 class=\"description\" style=\"text-align: center;\">\u0130zmir Valili\u011fi, TUSA\u015e&#8217;\u0131n Kahramankazan&#8217;daki yerle\u015fkesine d\u00fczenlenen sald\u0131r\u0131n\u0131n faili Mine Sevjin Al\u00e7i\u00e7ek&#8217;in karde\u015fi M. Al\u00e7i\u00e7ek&#8217;in \u0130zmir B\u00fcy\u00fck\u015fehir Belediyesi i\u015ftiraki \u0130ZENERJ\u0130&#8217;de \u00e7al\u0131\u015fmas\u0131nda sak\u0131nca olup olmad\u0131\u011f\u0131na dair belediyeden gelen talebi yan\u0131tlad\u0131. Valilik, yaz\u0131l\u0131 a\u00e7\u0131klamada belediyenin bug\u00fcne dek bir\u00e7ok ki\u015fiyi i\u015ften \u00e7\u0131kar\u0131rken hukuki g\u00f6r\u00fc\u015f sormad\u0131\u011f\u0131n\u0131 vurgulayarak, &#8220;Bir ter\u00f6ristin karde\u015fi olunca Valili\u011fimizden g\u00f6r\u00fc\u015f sorulmas\u0131, en hafif tabirle abesle i\u015ftigaldir&#8221; ifadelerine yer verdi.<\/h2>\n<p style=\"text-align: center;\">\u0130ZM\u0130R (AA) &#8211; \u0130zmir Valili\u011fi, T\u00fcrk Havac\u0131l\u0131k ve Uzay Sanayii Anonim \u015eirketinin (TUSA\u015e) Kahramankazan&#8217;daki yerle\u015fkesine sald\u0131r\u0131 d\u00fczenleyen ter\u00f6ristlerden Mine Sevjin Al\u00e7i\u00e7ek&#8217;in karde\u015fi M. Al\u00e7i\u00e7ek&#8217;in, belediye i\u015ftiraki \u0130ZENERJ\u0130 \u015firketi b\u00fcnyesinde \u00e7al\u0131\u015fmas\u0131nda herhangi bir sak\u0131nca olup olmad\u0131\u011f\u0131na ili\u015fkin \u0130zmir B\u00fcy\u00fck\u015fehir Belediyesinden g\u00f6nderilen yaz\u0131y\u0131 cevaplad\u0131.<\/p>\n<p style=\"text-align: center;\">Al\u0131nan bilgiye g\u00f6re, Valilikten g\u00f6nderilen yaz\u0131da \u015fu ifadelere yer verildi:<\/p>\n<p style=\"text-align: center;\">&#8220;Belediyeniz ve ba\u011fl\u0131 \u015firketleriniz taraf\u0131ndan bug\u00fcne kadar y\u00fczlerce insan\u0131n i\u015fine son verilmi\u015f ve bu insanlar i\u015ften \u00e7\u0131kart\u0131lmadan \u00f6nce bir hukuki de\u011ferlendirme yap\u0131larak, Valili\u011fimizden g\u00f6r\u00fc\u015f (hukuken b\u00f6yle bir g\u00f6r\u00fc\u015f al\u0131nmas\u0131na gerek olmad\u0131\u011f\u0131 malumunuzdur) istenmemi\u015ftir. \u0130lgi yaz\u0131lar\u0131n\u0131za konu ki\u015fi, bir\u00e7ok insan\u0131m\u0131z\u0131 \u015fehit eden, eli kanl\u0131 bir ter\u00f6ristin karde\u015fi olunca, vicdan\u0131 muhasebe yap\u0131lmas\u0131 ve Valili\u011fimizden hukuki g\u00f6r\u00fc\u015f sorulmas\u0131, en hafif deyimle abesle i\u015ftigaldir.&#8221;<\/p>\n<p style=\"text-align: center;\">\u0130\u00e7i\u015fleri Bakan\u0131 Ali Yerlikaya, 5 ki\u015finin \u015fehit edildi\u011fi TUSA\u015e&#8217;a y\u00f6nelik 23 Ekim&#8217;de d\u00fczenlenen ter\u00f6r sald\u0131r\u0131s\u0131nda etkisiz hale getirilen sald\u0131rganlar\u0131n ter\u00f6r \u00f6rg\u00fct\u00fc PKK \u00fcyesi Mine Sevjin Al\u00e7i\u00e7ek ve Ali \u00d6rek oldu\u011funu a\u00e7\u0131klam\u0131\u015ft\u0131.<\/p>\n<p style=\"text-align: center;\">Ter\u00f6r \u00f6rg\u00fct\u00fc \u00fcyesi Al\u00e7i\u00e7ek&#8217;in \u00c7i\u011fli Belediyesinde g\u00fcvenlik amiri olarak \u00e7al\u0131\u015ft\u0131\u011f\u0131 belirlenen a\u011fabeyi Davut Al\u00e7i\u00e7ek, 31 Ekim&#8217;de i\u015ften \u00e7\u0131kar\u0131lm\u0131\u015ft\u0131.<\/p>\n<p style=\"text-align: center;\">\u0130zmir B\u00fcy\u00fck\u015fehir Belediye Ba\u015fkan\u0131 Cemil Tugay, \u0130ZENERJ\u0130 b\u00fcnyesinde \u015fof\u00f6r olarak g\u00f6rev yapt\u0131\u011f\u0131 \u00f6\u011frenilen M. Al\u00e7i\u00e7ek&#8217;in izne \u00e7\u0131kar\u0131ld\u0131\u011f\u0131n\u0131, \u00e7al\u0131\u015fmas\u0131yla ilgili herhangi bir sak\u0131nca olup olmad\u0131\u011f\u0131yla ilgili Valili\u011fe yaz\u0131 yazd\u0131klar\u0131n\u0131 a\u00e7\u0131klam\u0131\u015ft\u0131.<\/p>\n<p style=\"text-align: center;\"><strong>Kaynak : Anadolu Ajans\u0131<\/strong><\/p>\n<p style=\"text-align: center;\">\n","protected":false},"excerpt":{"rendered":"<p>\u0130zmir Valili\u011fi, TUSA\u015e&#8217;\u0131n Kahramankazan&#8217;daki yerle\u015fkesine d\u00fczenlenen sald\u0131r\u0131n\u0131n faili Mine Sevjin Al\u00e7i\u00e7ek&#8217;in karde\u015fi M. Al\u00e7i\u00e7ek&#8217;in \u0130zmir B\u00fcy\u00fck\u015fehir Belediyesi i\u015ftiraki \u0130ZENERJ\u0130&#8217;de \u00e7al\u0131\u015fmas\u0131nda sak\u0131nca olup olmad\u0131\u011f\u0131na dair belediyeden gelen talebi yan\u0131tlad\u0131. Valilik, yaz\u0131l\u0131 a\u00e7\u0131klamada belediyenin bug\u00fcne dek bir\u00e7ok ki\u015fiyi i\u015ften \u00e7\u0131kar\u0131rken hukuki g\u00f6r\u00fc\u015f sormad\u0131\u011f\u0131n\u0131 vurgulayarak, &#8220;Bir ter\u00f6ristin karde\u015fi olunca Valili\u011fimizden g\u00f6r\u00fc\u015f sorulmas\u0131, en hafif tabirle abesle i\u015ftigaldir&#8221; ifadelerine [&hellip;]<\/p>\n","protected":false},"author":1,"featured_media":1277,"comment_status":"open","ping_status":"open","sticky":false,"template":"","format":"standard","meta":{"_jetpack_memberships_contains_paid_content":false,"footnotes":""},"categories":[9,1,8,2],"tags":[],"class_list":["post-1276","post","type-post","status-publish","format-standard","has-post-thumbnail","hentry","category-asayis","category-gundem","category-siyaset","category-sondk"],"jetpack_featured_media_url":"https:\/\/yerelses.com.tr\/wp-content\/uploads\/2024\/11\/Hesap-Soracagim-1.png","jetpack_sharing_enabled":true,"_links":{"self":[{"href":"https:\/\/yerelses.com.tr\/index.php?rest_route=\/wp\/v2\/posts\/1276","targetHints":{"allow":["GET"]}}],"collection":[{"href":"https:\/\/yerelses.com.tr\/index.php?rest_route=\/wp\/v2\/posts"}],"about":[{"href":"https:\/\/yerelses.com.tr\/index.php?rest_route=\/wp\/v2\/types\/post"}],"author":[{"embeddable":true,"href":"https:\/\/yerelses.com.tr\/index.php?rest_route=\/wp\/v2\/users\/1"}],"replies":[{"embeddable":true,"href":"https:\/\/yerelses.com.tr\/index.php?rest_route=%2Fwp%2Fv2%2Fcomments&post=1276"}],"version-history":[{"count":1,"href":"https:\/\/yerelses.com.tr\/index.php?rest_route=\/wp\/v2\/posts\/1276\/revisions"}],"predecessor-version":[{"id":1278,"href":"https:\/\/yerelses.com.tr\/index.php?rest_route=\/wp\/v2\/posts\/1276\/revisions\/1278"}],"wp:featuredmedia":[{"embeddable":true,"href":"https:\/\/yerelses.com.tr\/index.php?rest_route=\/wp\/v2\/media\/1277"}],"wp:attachment":[{"href":"https:\/\/yerelses.com.tr\/index.php?rest_route=%2Fwp%2Fv2%2Fmedia&parent=1276"}],"wp:term":[{"taxonomy":"category","embeddable":true,"href":"https:\/\/yerelses.com.tr\/index.php?rest_route=%2Fwp%2Fv2%2Fcategories&post=1276"},{"taxonomy":"post_tag","embeddable":true,"href":"https:\/\/yerelses.com.tr\/index.php?rest_route=%2Fwp%2Fv2%2Ftags&post=1276"}],"curies":[{"name":"wp","href":"https:\/\/api.w.org\/{rel}","templated":true}]}}