{"id":1259,"date":"2024-10-31T15:16:13","date_gmt":"2024-10-31T15:16:13","guid":{"rendered":"https:\/\/yerelses.com.tr\/?p=1259"},"modified":"2024-10-31T15:18:02","modified_gmt":"2024-10-31T15:18:02","slug":"icisleri-bakanligi-ahmet-ozer-gorevden-uzaklastirildi","status":"publish","type":"post","link":"https:\/\/yerelses.com.tr\/?p=1259","title":{"rendered":"\u0130\u00e7i\u015fleri Bakanl\u0131\u011f\u0131: Ahmet \u00d6zer g\u00f6revden uzakla\u015ft\u0131r\u0131ld\u0131"},"content":{"rendered":"<h2 class=\"description\" style=\"text-align: center;\">\u0130\u00e7i\u015fleri Bakanl\u0131\u011f\u0131; tutuklanan Esenyurt Belediye Ba\u015fkan\u0131 Ahmet \u00d6ZER&#8217;in g\u00f6revden uzakla\u015ft\u0131r\u0131ld\u0131\u011f\u0131n\u0131, yerine \u0130stanbul Vali Yard\u0131mc\u0131s\u0131 Can AKSOY&#8217;un \u0130stanbul Valili\u011fince Esenyurt Belediye Ba\u015fkan Vekili olarak g\u00f6revlendirildi\u011fini a\u00e7\u0131klad\u0131.<\/h2>\n<div id=\"article-detail-container\" class=\"detail article-detail-container\" style=\"text-align: center;\">\n<p>\u0130\u00e7i\u015fleri Bakanl\u0131\u011f\u0131, &#8220;PKK\/KCK silahl\u0131 ter\u00f6r \u00f6rg\u00fct\u00fc \u00fcyesi olmak&#8221; su\u00e7undan tutuklanan Esenyurt Belediye Ba\u015fkan\u0131 Ahmet \u00d6zer&#8217;in ge\u00e7ici olarak g\u00f6revden uzakla\u015ft\u0131r\u0131ld\u0131\u011f\u0131n\u0131, \u0130stanbul Vali Yard\u0131mc\u0131s\u0131 Can Aksoy&#8217;un Belediye Ba\u015fkan Vekili olarak g\u00f6revlendirildi\u011fini bildirdi.<\/p>\n<p>Bakanl\u0131\u011f\u0131n sosyal medya hesab\u0131ndan yap\u0131lan a\u00e7\u0131klamada, &#8220;\u0130stanbul Cumhuriyet Ba\u015fsavc\u0131l\u0131\u011f\u0131 taraf\u0131ndan y\u00fcr\u00fct\u00fclen soru\u015fturma kapsam\u0131nda &#8216;PKK\/KCK silahl\u0131 ter\u00f6r \u00f6rg\u00fct\u00fc \u00fcyesi olmak&#8217; su\u00e7undan mahkemece tutuklanan Esenyurt Belediye Ba\u015fkan\u0131 \u015f\u00fcpheli Ahmet \u00d6zer, Anayasa&#8217;n\u0131n 127&#8217;nci maddesi ile 5393 say\u0131l\u0131 Belediye Kanunu&#8217;nun 47&#8217;nci maddesi gere\u011fince ge\u00e7ici bir tedbir olarak \u0130\u00e7i\u015fleri Bakanl\u0131\u011f\u0131nca g\u00f6revden uzakla\u015ft\u0131r\u0131lm\u0131\u015ft\u0131r.&#8221; ifadeleri kullan\u0131ld\u0131.<\/p>\n<p>A\u00e7\u0131klamada, 5393 say\u0131l\u0131 Belediye Kanunu&#8217;nun 45. ve 46&#8217;nc\u0131 maddeleri uyar\u0131nca \u0130stanbul Vali Yard\u0131mc\u0131s\u0131 Can Aksoy&#8217;un, Belediye Ba\u015fkan Vekili olarak g\u00f6revlendirildi\u011fi kaydedildi.<\/p>\n<div class=\"spc:4x\"><\/div>\n<\/div>\n<div class=\"spc:4x\" style=\"text-align: center;\"><\/div>\n<div class=\"widget-580x400\" style=\"text-align: center;\">Kaynak : Memurlar.Net<\/div>\n","protected":false},"excerpt":{"rendered":"<p>\u0130\u00e7i\u015fleri Bakanl\u0131\u011f\u0131; tutuklanan Esenyurt Belediye Ba\u015fkan\u0131 Ahmet \u00d6ZER&#8217;in g\u00f6revden uzakla\u015ft\u0131r\u0131ld\u0131\u011f\u0131n\u0131, yerine \u0130stanbul Vali Yard\u0131mc\u0131s\u0131 Can AKSOY&#8217;un \u0130stanbul Valili\u011fince Esenyurt Belediye Ba\u015fkan Vekili olarak g\u00f6revlendirildi\u011fini a\u00e7\u0131klad\u0131. \u0130\u00e7i\u015fleri Bakanl\u0131\u011f\u0131, &#8220;PKK\/KCK silahl\u0131 ter\u00f6r \u00f6rg\u00fct\u00fc \u00fcyesi olmak&#8221; su\u00e7undan tutuklanan Esenyurt Belediye Ba\u015fkan\u0131 Ahmet \u00d6zer&#8217;in ge\u00e7ici olarak g\u00f6revden uzakla\u015ft\u0131r\u0131ld\u0131\u011f\u0131n\u0131, \u0130stanbul Vali Yard\u0131mc\u0131s\u0131 Can Aksoy&#8217;un Belediye Ba\u015fkan Vekili olarak g\u00f6revlendirildi\u011fini bildirdi. [&hellip;]<\/p>\n","protected":false},"author":1,"featured_media":1260,"comment_status":"open","ping_status":"open","sticky":false,"template":"","format":"standard","meta":{"_jetpack_memberships_contains_paid_content":false,"footnotes":""},"categories":[9,33,1,8,2],"tags":[],"class_list":["post-1259","post","type-post","status-publish","format-standard","has-post-thumbnail","hentry","category-asayis","category-genel","category-gundem","category-siyaset","category-sondk"],"jetpack_featured_media_url":"https:\/\/yerelses.com.tr\/wp-content\/uploads\/2024\/10\/ahmetozler.webp","jetpack_sharing_enabled":true,"_links":{"self":[{"href":"https:\/\/yerelses.com.tr\/index.php?rest_route=\/wp\/v2\/posts\/1259","targetHints":{"allow":["GET"]}}],"collection":[{"href":"https:\/\/yerelses.com.tr\/index.php?rest_route=\/wp\/v2\/posts"}],"about":[{"href":"https:\/\/yerelses.com.tr\/index.php?rest_route=\/wp\/v2\/types\/post"}],"author":[{"embeddable":true,"href":"https:\/\/yerelses.com.tr\/index.php?rest_route=\/wp\/v2\/users\/1"}],"replies":[{"embeddable":true,"href":"https:\/\/yerelses.com.tr\/index.php?rest_route=%2Fwp%2Fv2%2Fcomments&post=1259"}],"version-history":[{"count":2,"href":"https:\/\/yerelses.com.tr\/index.php?rest_route=\/wp\/v2\/posts\/1259\/revisions"}],"predecessor-version":[{"id":1265,"href":"https:\/\/yerelses.com.tr\/index.php?rest_route=\/wp\/v2\/posts\/1259\/revisions\/1265"}],"wp:featuredmedia":[{"embeddable":true,"href":"https:\/\/yerelses.com.tr\/index.php?rest_route=\/wp\/v2\/media\/1260"}],"wp:attachment":[{"href":"https:\/\/yerelses.com.tr\/index.php?rest_route=%2Fwp%2Fv2%2Fmedia&parent=1259"}],"wp:term":[{"taxonomy":"category","embeddable":true,"href":"https:\/\/yerelses.com.tr\/index.php?rest_route=%2Fwp%2Fv2%2Fcategories&post=1259"},{"taxonomy":"post_tag","embeddable":true,"href":"https:\/\/yerelses.com.tr\/index.php?rest_route=%2Fwp%2Fv2%2Ftags&post=1259"}],"curies":[{"name":"wp","href":"https:\/\/api.w.org\/{rel}","templated":true}]}}