{"id":1253,"date":"2024-10-31T15:12:38","date_gmt":"2024-10-31T15:12:38","guid":{"rendered":"https:\/\/yerelses.com.tr\/?p=1253"},"modified":"2024-10-31T15:18:36","modified_gmt":"2024-10-31T15:18:36","slug":"ogrencinin-olumune-neden-olan-ogretmene-hapis-cezasi","status":"publish","type":"post","link":"https:\/\/yerelses.com.tr\/?p=1253","title":{"rendered":"\u00d6\u011frencinin \u00f6l\u00fcm\u00fcne neden olan \u00f6\u011fretmene hapis cezas\u0131"},"content":{"rendered":"<h2 class=\"description\" style=\"text-align: center;\">Ordu&#8217;nun Alt\u0131nordu il\u00e7esinde okul bah\u00e7esindeki trafik kazas\u0131nda 7 ya\u015f\u0131ndaki \u00f6\u011frencinin \u00f6l\u00fcm\u00fcyle ilgili tutuklanan \u00f6\u011fretmen, 4 y\u0131l 5 ay 10 g\u00fcn hapis cezas\u0131na \u00e7arpt\u0131r\u0131ld\u0131.<\/h2>\n<p style=\"text-align: center;\">ORDU (AA) &#8211; Ordu&#8217;nun Alt\u0131nordu il\u00e7esinde okul bah\u00e7esindeki trafik kazas\u0131nda 7 ya\u015f\u0131ndaki \u00f6\u011frencinin \u00f6l\u00fcm\u00fcyle ilgili tutuklanan \u00f6\u011fretmen, 4 y\u0131l 5 ay 10 g\u00fcn hapis cezas\u0131na \u00e7arpt\u0131r\u0131ld\u0131.<\/p>\n<p style=\"text-align: center;\">Ordu 5. Asliye Ceza Mahkemesi&#8217;ndeki d\u00f6rd\u00fcnc\u00fc duru\u015fmaya tutuklu san\u0131k Banu Kaya, Ses ve G\u00f6r\u00fcnt\u00fc Bili\u015fim Sistemi (SEGB\u0130S) arac\u0131l\u0131\u011f\u0131yla kat\u0131ld\u0131. Duru\u015fma salonunda, kazada hayat\u0131n\u0131 kaybeden Miray Arslan&#8217;\u0131n annesi Eda ve babas\u0131 Yakup Arslan ile taraf avukatlar\u0131 haz\u0131r bulundu.<\/p>\n<p style=\"text-align: center;\">Savc\u0131 m\u00fctalaas\u0131nda, san\u0131\u011f\u0131n &#8220;bilin\u00e7li taksirle \u00f6l\u00fcme neden olma&#8221; su\u00e7undan cezaland\u0131r\u0131lmas\u0131n\u0131, tutuklulukta ge\u00e7en s\u00fcre de\u011ferlendirildi\u011finde tahliyesine karar verilmesini talep etti.<\/p>\n<p style=\"text-align: center;\">Baba Yakup Arslan ise san\u0131\u011f\u0131n cezaland\u0131r\u0131lmas\u0131n\u0131 istediklerini ifade ederek, &#8220;Tutukluluk halinin devam\u0131na karar verilmesini istiyorum.&#8221; dedi.<\/p>\n<p style=\"text-align: center;\">San\u0131k Banu Kaya da m\u00fctalaada aleyhine olan hususlar\u0131 kabul etmedi\u011fini belirterek, &#8220;\u00c7ok \u00fczg\u00fcn\u00fcm. Onlar\u0131n yerinde ben ya da bir ba\u015fkas\u0131 da olabilirdi. Ke\u015fke ya\u015fanmasayd\u0131. Tahliyemi talep ederim.&#8221; \u015feklinde savunma yapt\u0131.<\/p>\n<p style=\"text-align: center;\">Mahkeme heyeti, san\u0131\u011fa &#8220;bilin\u00e7li taksirle \u00f6l\u00fcme neden olma&#8221; su\u00e7undan 4 y\u0131l 5 ay 10 g\u00fcn hapis cezas\u0131 verilmesine ve tutukluluk halinin devam\u0131na karar verdi.<\/p>\n<p style=\"text-align: center;\">Heyet ayr\u0131ca, trafik d\u00fczeninin gerektirdi\u011fi \u00f6zen y\u00fck\u00fcml\u00fcl\u00fc\u011f\u00fcne ayk\u0131r\u0131 davran\u0131\u015f\u0131 nedeniyle Kaya&#8217;n\u0131n 2 y\u0131l s\u00fcreyle s\u00fcr\u00fcc\u00fc belgesini kullanmas\u0131n\u0131n da yasaklanmas\u0131n\u0131 kararla\u015ft\u0131rd\u0131.<\/p>\n<p style=\"text-align: center;\">&#8211; Olay\u0131n ge\u00e7mi\u015fi<\/p>\n<p style=\"text-align: center;\">2 Eyl\u00fcl&#8217;de, Saray Mahallesi&#8217;ndeki Gazi \u0130lkokul ve Ortaokulu&#8217;nda g\u00f6rev yapan \u00f6\u011fretmen Banu Kaya, 52 BK 790 plakal\u0131 otomobille bah\u00e7eye girdi\u011fi s\u0131rada uyum haftas\u0131 kapsam\u0131nda okula gelen \u00f6\u011frenci Miray Arslan&#8217;a \u00e7arpm\u0131\u015ft\u0131.<\/p>\n<p style=\"text-align: center;\">\n<div id=\"zone-pharagraphs1\" class=\"widget-article\" style=\"text-align: center;\"><\/div>\n<p style=\"text-align: center;\">\n<p style=\"text-align: center;\">A\u011f\u0131r yaralanan \u00e7ocuk 112 Acil Sa\u011fl\u0131k ekiplerince kald\u0131r\u0131ld\u0131\u011f\u0131 Ordu E\u011fitim ve Ara\u015ft\u0131rma Hastanesi&#8217;nde yap\u0131lan m\u00fcdahaleye ra\u011fmen kurtar\u0131lamam\u0131\u015ft\u0131.<\/p>\n","protected":false},"excerpt":{"rendered":"<p>Ordu&#8217;nun Alt\u0131nordu il\u00e7esinde okul bah\u00e7esindeki trafik kazas\u0131nda 7 ya\u015f\u0131ndaki \u00f6\u011frencinin \u00f6l\u00fcm\u00fcyle ilgili tutuklanan \u00f6\u011fretmen, 4 y\u0131l 5 ay 10 g\u00fcn hapis cezas\u0131na \u00e7arpt\u0131r\u0131ld\u0131. ORDU (AA) &#8211; Ordu&#8217;nun Alt\u0131nordu il\u00e7esinde okul bah\u00e7esindeki trafik kazas\u0131nda 7 ya\u015f\u0131ndaki \u00f6\u011frencinin \u00f6l\u00fcm\u00fcyle ilgili tutuklanan \u00f6\u011fretmen, 4 y\u0131l 5 ay 10 g\u00fcn hapis cezas\u0131na \u00e7arpt\u0131r\u0131ld\u0131. Ordu 5. Asliye Ceza Mahkemesi&#8217;ndeki d\u00f6rd\u00fcnc\u00fc [&hellip;]<\/p>\n","protected":false},"author":1,"featured_media":1254,"comment_status":"open","ping_status":"open","sticky":false,"template":"","format":"standard","meta":{"_jetpack_memberships_contains_paid_content":false,"footnotes":""},"categories":[9,33,1,2],"tags":[],"class_list":["post-1253","post","type-post","status-publish","format-standard","has-post-thumbnail","hentry","category-asayis","category-genel","category-gundem","category-sondk"],"jetpack_featured_media_url":"https:\/\/yerelses.com.tr\/wp-content\/uploads\/2024\/10\/ogrencinin-olumune-neden-olan-ogretmene-hapis-cezasi.jpg","jetpack_sharing_enabled":true,"_links":{"self":[{"href":"https:\/\/yerelses.com.tr\/index.php?rest_route=\/wp\/v2\/posts\/1253","targetHints":{"allow":["GET"]}}],"collection":[{"href":"https:\/\/yerelses.com.tr\/index.php?rest_route=\/wp\/v2\/posts"}],"about":[{"href":"https:\/\/yerelses.com.tr\/index.php?rest_route=\/wp\/v2\/types\/post"}],"author":[{"embeddable":true,"href":"https:\/\/yerelses.com.tr\/index.php?rest_route=\/wp\/v2\/users\/1"}],"replies":[{"embeddable":true,"href":"https:\/\/yerelses.com.tr\/index.php?rest_route=%2Fwp%2Fv2%2Fcomments&post=1253"}],"version-history":[{"count":2,"href":"https:\/\/yerelses.com.tr\/index.php?rest_route=\/wp\/v2\/posts\/1253\/revisions"}],"predecessor-version":[{"id":1269,"href":"https:\/\/yerelses.com.tr\/index.php?rest_route=\/wp\/v2\/posts\/1253\/revisions\/1269"}],"wp:featuredmedia":[{"embeddable":true,"href":"https:\/\/yerelses.com.tr\/index.php?rest_route=\/wp\/v2\/media\/1254"}],"wp:attachment":[{"href":"https:\/\/yerelses.com.tr\/index.php?rest_route=%2Fwp%2Fv2%2Fmedia&parent=1253"}],"wp:term":[{"taxonomy":"category","embeddable":true,"href":"https:\/\/yerelses.com.tr\/index.php?rest_route=%2Fwp%2Fv2%2Fcategories&post=1253"},{"taxonomy":"post_tag","embeddable":true,"href":"https:\/\/yerelses.com.tr\/index.php?rest_route=%2Fwp%2Fv2%2Ftags&post=1253"}],"curies":[{"name":"wp","href":"https:\/\/api.w.org\/{rel}","templated":true}]}}