{"id":1250,"date":"2024-10-30T15:10:47","date_gmt":"2024-10-30T15:10:47","guid":{"rendered":"https:\/\/yerelses.com.tr\/?p=1250"},"modified":"2024-10-30T15:10:47","modified_gmt":"2024-10-30T15:10:47","slug":"41-kisiye-mezar-olan-apartman-icin-yargilama-suruyor","status":"publish","type":"post","link":"https:\/\/yerelses.com.tr\/?p=1250","title":{"rendered":"41 ki\u015fiye mezar olan apartman i\u00e7in yarg\u0131lama s\u00fcr\u00fcyor"},"content":{"rendered":"<h3 class=\"description\" style=\"text-align: center;\">Kahramanmara\u015f&#8217;ta, 6 \u015eubat 2023&#8217;teki depremlerde y\u0131k\u0131lan P\u0131nar Apartman\u0131&#8217;nda 41 ki\u015finin \u00f6l\u00fcm\u00fcne ili\u015fkin 3 san\u0131\u011f\u0131n yarg\u0131lanmas\u0131na devam edildi. Mahkeme heyeti, san\u0131klar\u0131n mevcut hallerinin devam\u0131na karar vererek eksiklerin giderilmesi i\u00e7in duru\u015fmay\u0131 20 Aral\u0131k&#8217;a erteledi. Kahramanmara\u015f Cumhuriyet Ba\u015fsavc\u0131l\u0131\u011f\u0131nca haz\u0131rlanan iddianamede, san\u0131klar hakk\u0131nda &#8220;bilin\u00e7li taksirle birden fazla ki\u015finin \u00f6l\u00fcm\u00fcne ve yaralanmas\u0131na neden olma&#8221; su\u00e7undan 22 y\u0131l 6&#8217;\u015far aya kadar hapis talep ediliyor.<\/h3>\n<p style=\"text-align: center;\">\n<h4 style=\"text-align: center;\">KAHRAMANMARA\u015e (AA) &#8211; Kahramanmara\u015f&#8217;ta, 6 \u015eubat 2023&#8217;teki depremlerde y\u0131k\u0131lan P\u0131nar Apartman\u0131&#8217;nda 41 ki\u015finin \u00f6l\u00fcm\u00fcne ili\u015fkin 3 san\u0131\u011f\u0131n yarg\u0131lanmas\u0131na devam edildi.<\/h4>\n<h4 style=\"text-align: center;\">2. A\u011f\u0131r Ceza Mahkemesi&#8217;ndeki duru\u015fmaya, tutuklu san\u0131k Tevfik Tepeba\u015f\u0131, ba\u015fka dosyadan tutuklu san\u0131klar \u00c7etin Kurt ve Necati Kaptano\u011flu cezaevinden Ses ve G\u00f6r\u00fcnt\u00fc Bili\u015fim Sistemi (SEGB\u0130S) arac\u0131l\u0131\u011f\u0131yla kat\u0131ld\u0131, taraf avukatlar\u0131 duru\u015fma salonunda haz\u0131r bulundu.<\/h4>\n<h4 style=\"text-align: center;\">Tepeba\u015f\u0131, binan\u0131n kooperatif taraf\u0131ndan yap\u0131ld\u0131\u011f\u0131n\u0131 iddia etti.<\/h4>\n<h4 style=\"text-align: center;\">Kendisinin m\u00fcteahhit olmad\u0131\u011f\u0131n\u0131, bunu t\u00fcm davalar\u0131nda dile getirdi\u011fini belirten Tepeba\u015f\u0131, \u015funlar\u0131 s\u00f6yledi:<\/h4>\n<h4 style=\"text-align: center;\">&#8220;Buras\u0131 kooperatif\u00e7e yap\u0131lm\u0131\u015f bir yerdir, kooperatiflerde herkes kendi evlerini yapt\u0131rmaktad\u0131r. Devlet, kooperatif\u00e7ili\u011fi te\u015fvik etmi\u015f ve m\u00fcteahhitli\u011fi kald\u0131rm\u0131\u015ft\u0131r. Ben, bu kooperatifin y\u00f6netim kurulu ba\u015fkan\u0131y\u0131m. Y\u00f6netici olarak \u00fcye kay\u0131tlar\u0131n\u0131 yapt\u0131m, projeleri olu\u015fturacak ekibi kurdum, in\u015faat\u0131 yapacak ekibi olu\u015fturup \u00fcyelerin aidatlar\u0131n\u0131 toplad\u0131m. \u0130n\u015faat ekiplerinin yapt\u0131\u011f\u0131 i\u015f kar\u015f\u0131l\u0131\u011f\u0131nda \u00fccretlerini \u00f6dedim, sigortalar\u0131n\u0131 yapt\u0131rd\u0131m, genel kurul toplant\u0131lar\u0131n\u0131 yapt\u0131m, toplanan ve harcanan paralar\u0131n hesaplar\u0131n\u0131 verdim. Temelden itibaren her tablan\u0131n denetimini belediyeye yapt\u0131rd\u0131m. \u0130n\u015faat bitiminde dairelerimizin belirlenmesi i\u00e7in \u00c7etin Bey&#8217;le beraber kura \u00e7ektim. Y\u00f6netmelikte bildirilen bu g\u00f6revleri yerine getirdim. T\u00fcm bunlar\u0131 yapmamdan dolay\u0131 bana &#8216;m\u00fcteahhitsiniz&#8217; denilmi\u015ftir, bunu anlayam\u0131yorum. Binan\u0131n yap\u0131m tarihi, yap\u0131m \u015fartlar\u0131 ve depremin b\u00fcy\u00fckl\u00fc\u011f\u00fc g\u00f6z \u00f6n\u00fcne al\u0131nd\u0131\u011f\u0131nda in\u015faat\u0131n deprem taraf\u0131ndan y\u0131k\u0131ld\u0131\u011f\u0131 a\u00e7\u0131k\u00e7a g\u00f6r\u00fclmektedir. T\u00fcm bu hususlara dayanarak beraatime karar verilmesini talep ediyorum.&#8221;<\/h4>\n<h4 style=\"text-align: center;\">Di\u011fer san\u0131klar, bilirki\u015fi heyetinden yeni rapor geldi\u011finde savunmalar\u0131n\u0131 yapacaklar\u0131n\u0131 s\u00f6ylediler.<\/h4>\n<h4 style=\"text-align: center;\">Mahkeme heyeti, san\u0131klar\u0131n mevcut hallerinin devam\u0131na karar vererek eksiklerin giderilmesi i\u00e7in duru\u015fmay\u0131 20 Aral\u0131k&#8217;a erteledi.<\/h4>\n<h4 style=\"text-align: center;\">Kahramanmara\u015f Cumhuriyet Ba\u015fsavc\u0131l\u0131\u011f\u0131nca haz\u0131rlanan iddianamede, san\u0131klar hakk\u0131nda &#8220;bilin\u00e7li taksirle birden fazla ki\u015finin \u00f6l\u00fcm\u00fcne ve yaralanmas\u0131na neden olma&#8221; su\u00e7undan 22 y\u0131l 6&#8217;\u015far aya kadar hapis talep ediliyor.<\/h4>\n","protected":false},"excerpt":{"rendered":"<p>Kahramanmara\u015f&#8217;ta, 6 \u015eubat 2023&#8217;teki depremlerde y\u0131k\u0131lan P\u0131nar Apartman\u0131&#8217;nda 41 ki\u015finin \u00f6l\u00fcm\u00fcne ili\u015fkin 3 san\u0131\u011f\u0131n yarg\u0131lanmas\u0131na devam edildi. Mahkeme heyeti, san\u0131klar\u0131n mevcut hallerinin devam\u0131na karar vererek eksiklerin giderilmesi i\u00e7in duru\u015fmay\u0131 20 Aral\u0131k&#8217;a erteledi. Kahramanmara\u015f Cumhuriyet Ba\u015fsavc\u0131l\u0131\u011f\u0131nca haz\u0131rlanan iddianamede, san\u0131klar hakk\u0131nda &#8220;bilin\u00e7li taksirle birden fazla ki\u015finin \u00f6l\u00fcm\u00fcne ve yaralanmas\u0131na neden olma&#8221; su\u00e7undan 22 y\u0131l 6&#8217;\u015far aya kadar [&hellip;]<\/p>\n","protected":false},"author":1,"featured_media":1251,"comment_status":"open","ping_status":"open","sticky":false,"template":"","format":"standard","meta":{"_jetpack_memberships_contains_paid_content":false,"footnotes":""},"categories":[9,33,1],"tags":[],"class_list":["post-1250","post","type-post","status-publish","format-standard","has-post-thumbnail","hentry","category-asayis","category-genel","category-gundem"],"jetpack_featured_media_url":"https:\/\/yerelses.com.tr\/wp-content\/uploads\/2024\/10\/Hesap-Soracagim-2-3.png","jetpack_sharing_enabled":true,"_links":{"self":[{"href":"https:\/\/yerelses.com.tr\/index.php?rest_route=\/wp\/v2\/posts\/1250","targetHints":{"allow":["GET"]}}],"collection":[{"href":"https:\/\/yerelses.com.tr\/index.php?rest_route=\/wp\/v2\/posts"}],"about":[{"href":"https:\/\/yerelses.com.tr\/index.php?rest_route=\/wp\/v2\/types\/post"}],"author":[{"embeddable":true,"href":"https:\/\/yerelses.com.tr\/index.php?rest_route=\/wp\/v2\/users\/1"}],"replies":[{"embeddable":true,"href":"https:\/\/yerelses.com.tr\/index.php?rest_route=%2Fwp%2Fv2%2Fcomments&post=1250"}],"version-history":[{"count":1,"href":"https:\/\/yerelses.com.tr\/index.php?rest_route=\/wp\/v2\/posts\/1250\/revisions"}],"predecessor-version":[{"id":1252,"href":"https:\/\/yerelses.com.tr\/index.php?rest_route=\/wp\/v2\/posts\/1250\/revisions\/1252"}],"wp:featuredmedia":[{"embeddable":true,"href":"https:\/\/yerelses.com.tr\/index.php?rest_route=\/wp\/v2\/media\/1251"}],"wp:attachment":[{"href":"https:\/\/yerelses.com.tr\/index.php?rest_route=%2Fwp%2Fv2%2Fmedia&parent=1250"}],"wp:term":[{"taxonomy":"category","embeddable":true,"href":"https:\/\/yerelses.com.tr\/index.php?rest_route=%2Fwp%2Fv2%2Fcategories&post=1250"},{"taxonomy":"post_tag","embeddable":true,"href":"https:\/\/yerelses.com.tr\/index.php?rest_route=%2Fwp%2Fv2%2Ftags&post=1250"}],"curies":[{"name":"wp","href":"https:\/\/api.w.org\/{rel}","templated":true}]}}