{"id":1242,"date":"2024-10-30T14:59:25","date_gmt":"2024-10-30T14:59:25","guid":{"rendered":"https:\/\/yerelses.com.tr\/?p=1242"},"modified":"2024-10-30T15:06:40","modified_gmt":"2024-10-30T15:06:40","slug":"65-yastan-resen-emeklilik-ile-istege-bagli-emeklilik-arasinda-ne-fark-var","status":"publish","type":"post","link":"https:\/\/yerelses.com.tr\/?p=1242","title":{"rendered":"65 ya\u015ftan resen emeklilik ile iste\u011fe ba\u011fl\u0131 emeklilik aras\u0131nda ne fark var?"},"content":{"rendered":"<h2 class=\"description\" style=\"text-align: center;\">65 ya\u015f\u0131n\u0131 dolduran memurlar, kendi iste\u011fiyle emekli olamazlar, Kurumlar\u0131 65 ya\u015f\u0131n\u0131 doldurduklar\u0131 tarihte zorunlu olarak emekli ederler, iste\u011fe ba\u011fl\u0131 emeklilik ise ki\u015finin kendi iradesi ile ger\u00e7ekle\u015fen bir durumdur.<\/h2>\n<p style=\"text-align: center;\">\n<p style=\"text-align: center;\">Emekli ikramiyesi memur olarak \u00e7al\u0131\u015fm\u0131\u015f olanlara, emekli ayl\u0131\u011f\u0131 ba\u011fland\u0131\u011f\u0131 tarihte Sosyal G\u00fcvenlik Kurumunca \u00f6denen bir tutard\u0131r.<br \/>\nEmekli ikramiyesi tutar\u0131n\u0131n hesab\u0131nda, memurlar\u0131n Sosyal G\u00fcvenlik Kurumu prim kesintisine esas tutulan kalemler esas al\u0131n\u0131r. Sosyal G\u00fcvenlik Kurumunca emekli ikramiyesi, memur olarak \u00e7al\u0131\u015fm\u0131\u015f olanlara ayl\u0131k ba\u011fland\u0131\u011f\u0131 zaman yap\u0131lan bir \u00f6deme sistemidir.<\/p>\n<p style=\"text-align: center;\">Sosyal G\u00fcvenlik Kurumu prim kesintilerinde esas al\u0131nan kalemler \u015funlard\u0131r:<\/p>\n<p style=\"text-align: center;\">Memurun derece ve kademesi, Memurun derece ve kademesine ve de g\u00f6rev unvan\u0131na g\u00f6re belirlenmi\u015f olan G\u00f6sterge ve Ek g\u00f6sterge (\u00d6zellikle ek g\u00f6stergenin y\u00fcksek olmas\u0131 emekli ikramiyesi tutar\u0131n\u0131, emekli ayl\u0131k tutar\u0131n\u0131 art\u0131r\u0131c\u0131 bir durumdur),Taban Ayl\u0131k Katsay\u0131s\u0131 ve K\u0131dem Ayl\u0131k Katsay\u0131s\u0131, Emeklilik i\u015flemlerinde ek g\u00f6sterge aral\u0131\u011f\u0131na g\u00f6re belirlenmi\u015f olan y\u00fczde oran\u0131, yani \u00f6zel hizmet ayl\u0131\u011f\u0131 (5434 say\u0131l\u0131 T.C. Emekli Sand\u0131\u011f\u0131 Kanunu Ek Madde 70 de belirtilmi\u015ftir), Memur Maa\u015f Katsay\u0131s\u0131.<br \/>\nEmekli ikramiyesi konusu 5434 say\u0131l\u0131 T.C. Emekli Sand\u0131\u011f\u0131 Kanunu Madde 89 h\u00fckm\u00fcnde bulunur:<\/p>\n<p style=\"text-align: center;\">Bu madde i\u00e7eri\u011fine g\u00f6re:<br \/>\n&#8211; Emeklilik ikramiyesi memurun ayl\u0131k ba\u011fland\u0131\u011f\u0131nda esas al\u0131nan memurluk s\u00fcrelerinin tam y\u0131llar\u0131na kar\u015f\u0131l\u0131k yap\u0131l\u0131r.<\/p>\n<p style=\"text-align: center;\">&#8211; Memurun kamu i\u015fyerinde ge\u00e7en sigortal\u0131 hizmet s\u00fcreleri de varsa ve bu s\u00fcrelerin de emekli ikramiyesine dahil edilmesi durumunda, yine bu s\u00fcrelerle beraber t\u00fcm hizmet s\u00fcrelerinin tam y\u0131llar\u0131na kar\u015f\u0131l\u0131k yap\u0131l\u0131r.<\/p>\n<p style=\"text-align: center;\">&#8211; Bu maddede emekli ikramiyesi, emekli ayl\u0131\u011f\u0131 ne zaman ba\u011fland\u0131 ise ayl\u0131k ba\u011fland\u0131\u011f\u0131 tarihteki katsay\u0131lar esas al\u0131narak bulunan tutar \u00fczerinden yap\u0131l\u0131r.<\/p>\n<p style=\"text-align: center;\"><b>Peki emekli ayl\u0131\u011f\u0131 ba\u011fland\u0131ktan sonra memur maa\u015f katsay\u0131lar\u0131nda bir art\u0131\u015f olursa bu art\u0131\u015ftan hangi emekliler yararlan\u0131r.<\/b><br \/>\nBu konuda yine Madde 89 h\u00fckm\u00fcnde a\u00e7\u0131klay\u0131c\u0131 h\u00fck\u00fcmler bulunur. Buna g\u00f6re de;<\/p>\n<p style=\"text-align: center;\">&#8211; Kanunlarla belirlenen bekleme s\u00fcreleri sonunda kadrosuzluk nedeniyle emekliye sevk edilmi\u015f olanlar, (T\u00fcrk Silahl\u0131 Kuvvetleri Personel Kanununa tabi olanlar ile Emniyet Te\u015fkilat\u0131na tabi olanlar hakk\u0131nda kanunla belirlenerek uygulanan bir sistemdir)<\/p>\n<p style=\"text-align: center;\">\n<div id=\"zone-pharagraphs1\" class=\"widget-article\" style=\"text-align: center;\"><\/div>\n<p style=\"text-align: center;\">\n<p style=\"text-align: center;\"><b>&#8211; Ya\u015f hadlerinden dolay\u0131 Kurumlar\u0131nca zorunlu emeklilik i\u015flemi yap\u0131lm\u0131\u015f olanlar,<\/b><\/p>\n<p style=\"text-align: center;\">&#8211; Vazife malul\u00fc olmalar\u0131 nedeniyle vazife malull\u00fc\u011f\u00fc ayl\u0131\u011f\u0131 ba\u011flanmas\u0131 gerekenler, (Memur olarak g\u00f6revli iken vazife malull\u00fc\u011f\u00fc kapsam\u0131na girenlerdir)<\/p>\n<p style=\"text-align: center;\">&#8211; Memur olarak g\u00f6rev yaparken vefat etmi\u015f olanlar\u0131n hak sahipleri, (Memur iken herhangi bir sebepten dolay\u0131 vefat etmi\u015f olanlardan dolay\u0131 ayl\u0131k ba\u011flanm\u0131\u015f olan hak sahipleridir)<\/p>\n<p style=\"text-align: center;\">Bu durumda olanlara ayl\u0131k ba\u011fland\u0131\u011f\u0131 tarihten sonra \u00fc\u00e7 ay i\u00e7inde emekli ikramiyesinin hesaplanmas\u0131na esas al\u0131nan katsay\u0131larda meydana gelecek art\u0131\u015f nedeniyle olu\u015facak ikramiye farklar\u0131 ile ilk mali y\u0131l\u0131n birinci ay\u0131nda katsay\u0131lar d\u0131\u015f\u0131ndaki di\u011fer unsurlarda meydana gelecek art\u0131\u015fa, bu tarihte y\u00fcr\u00fcrl\u00fckte olan katsay\u0131lar uygulanmak suretiyle bulunacak ikramiye farklar\u0131, emekli ikramiyesi ile ilgili h\u00fck\u00fcmlere g\u00f6re ayr\u0131ca \u00f6denmektedir. Ayl\u0131\u011fa hak kazand\u0131klar\u0131 tarihi takip eden \u00fc\u00e7 ay i\u00e7inde katsay\u0131larda art\u0131\u015f yap\u0131lmad\u0131\u011f\u0131 takdirde, m\u00fcteakiben katsay\u0131larda alt\u0131 ay i\u00e7inde yap\u0131lacak ilk art\u0131\u015ftan do\u011fan ikramiye farklar\u0131 da bunlara ayr\u0131ca \u00f6denmektedir.<\/p>\n<p style=\"text-align: center;\"><b>\u00d6rnek;<\/b>\u00a0Temmuz 2024 tarihi ile 14 Ocak 2025 tarihleri aras\u0131nda kadrosuzluk, ya\u015f haddi, vazife malull\u00fc\u011f\u00fc ayl\u0131\u011f\u0131 ba\u011flanm\u0131\u015f olanlar ile bu tarihler aras\u0131nda memur iken vefat etmeleri nedeniyle hak sahiplerine ayl\u0131k ba\u011flanm\u0131\u015f olanlara, Temmuz 2025 MEMUR MAA\u015e KATSAYI ARTI\u015eINDAN dolay\u0131 aradaki fark kadar, yani Temmuz-Aral\u0131k 2024 memur maa\u015f katsay\u0131s\u0131 ile 2025 memur maa\u015f katsay\u0131s\u0131 aras\u0131ndaki fark kadar ayr\u0131ca bir ikramiye fark\u0131 \u00f6demesi olur. Bu \u00f6demeler 1 defaya mahsus yap\u0131lan bir \u00f6deme oldu\u011fundan daha sonraki tarihlerdeki katsay\u0131 art\u0131\u015flar\u0131ndan dolay\u0131 fark \u00f6demesi bir daha yap\u0131lmaz.<br \/>\n<b>Bu fark \u00f6demesi iste\u011fi \u00fczerine\u00a0<\/b>emekli olmu\u015f memurlar ile ayl\u0131k ba\u011fland\u0131ktan sonra vefat nedeniyle ayl\u0131k ba\u011flanm\u0131\u015f hak sahipleri i\u00e7in bu i\u015flem uygulanmaz.<br \/>\n<b>Sonu\u00e7 ba\u011flam\u0131nda,<\/b>\u00a0ya\u015f haddinden emeklili\u011fin tek bir avantaj\u0131 ikramiye fark\u0131 \u00f6demesi ile hizmet s\u00fcresinin artmas\u0131 oldu\u011funu s\u00f6yleyebiliriz. Yani, emekli ayl\u0131\u011f\u0131 ve ikramiye tutar\u0131n\u0131n hesaplanmas\u0131 ayn\u0131 olur, bu hesaplama sistemi ya\u015f haddinden emekliler i\u00e7in ayr\u0131 bir \u015fekilde farkl\u0131 kalemler esas al\u0131narak yap\u0131lmaz.<\/p>\n<p style=\"text-align: center;\">\n<div id=\"zone-pharagraphs2\" class=\"widget-article\" style=\"text-align: center;\"><\/div>\n<p style=\"text-align: center;\">\n<p style=\"text-align: center;\"><b>NOT:<\/b>\u00a065 ya\u015f haddi memurlar\u0131n azami \u00e7al\u0131\u015fabilecekleri ya\u015ft\u0131r. 65 ya\u015f\u0131n\u0131n dolumundan sonra memur \u00e7al\u0131\u015famaz, 65 ya\u015f\u0131n\u0131 dolduran kendi iste\u011fiyle emekli olamaz. \u00c7al\u0131\u015ft\u0131\u011f\u0131 Kurum taraf\u0131ndan tek tarafl\u0131 olarak resen emeklilik i\u015flemleri yap\u0131l\u0131r. Hizmeti yetiyorsa emekli ayl\u0131\u011f\u0131 ba\u011flan\u0131r, yetmiyorsa toptan \u00f6deme i\u015flemleri ger\u00e7ekle\u015ftirilir. Ancak ki\u015fi kendi iste\u011fiyle emekli olabilmesi i\u00e7in mutlaka 65 ya\u015f\u0131n\u0131 doldurmam\u0131\u015f olmas\u0131 gerekir, yani 64 ya\u015f 11 ay 29 g\u00fcn iken emekli talebinde bulunmas\u0131 gerekir ki, bunu da ya\u015f haddini bekleyen hi\u00e7bir memurun yapmayaca\u011f\u0131n\u0131, yani en az\u0131ndan 65 ya\u015f\u0131n dolumuna k\u0131sa s\u00fcre (3 ay, 6 ay, vb gibi) hizmeti kalanlar\u0131n ola\u011fan\u00fcst\u00fc bir durum olmad\u0131\u011f\u0131 s\u00fcrece yapmayaca\u011f\u0131n\u0131, de\u011ferlendirmekteyiz.<\/p>\n","protected":false},"excerpt":{"rendered":"<p>65 ya\u015f\u0131n\u0131 dolduran memurlar, kendi iste\u011fiyle emekli olamazlar, Kurumlar\u0131 65 ya\u015f\u0131n\u0131 doldurduklar\u0131 tarihte zorunlu olarak emekli ederler, iste\u011fe ba\u011fl\u0131 emeklilik ise ki\u015finin kendi iradesi ile ger\u00e7ekle\u015fen bir durumdur. Emekli ikramiyesi memur olarak \u00e7al\u0131\u015fm\u0131\u015f olanlara, emekli ayl\u0131\u011f\u0131 ba\u011fland\u0131\u011f\u0131 tarihte Sosyal G\u00fcvenlik Kurumunca \u00f6denen bir tutard\u0131r. Emekli ikramiyesi tutar\u0131n\u0131n hesab\u0131nda, memurlar\u0131n Sosyal G\u00fcvenlik Kurumu prim kesintisine esas [&hellip;]<\/p>\n","protected":false},"author":1,"featured_media":1245,"comment_status":"open","ping_status":"open","sticky":false,"template":"","format":"standard","meta":{"_jetpack_memberships_contains_paid_content":false,"footnotes":""},"categories":[3,33,1,2],"tags":[],"class_list":["post-1242","post","type-post","status-publish","format-standard","has-post-thumbnail","hentry","category-ekonomi","category-genel","category-gundem","category-sondk"],"jetpack_featured_media_url":"https:\/\/yerelses.com.tr\/wp-content\/uploads\/2024\/10\/Hesap-Soracagim-10.png","jetpack_sharing_enabled":true,"_links":{"self":[{"href":"https:\/\/yerelses.com.tr\/index.php?rest_route=\/wp\/v2\/posts\/1242","targetHints":{"allow":["GET"]}}],"collection":[{"href":"https:\/\/yerelses.com.tr\/index.php?rest_route=\/wp\/v2\/posts"}],"about":[{"href":"https:\/\/yerelses.com.tr\/index.php?rest_route=\/wp\/v2\/types\/post"}],"author":[{"embeddable":true,"href":"https:\/\/yerelses.com.tr\/index.php?rest_route=\/wp\/v2\/users\/1"}],"replies":[{"embeddable":true,"href":"https:\/\/yerelses.com.tr\/index.php?rest_route=%2Fwp%2Fv2%2Fcomments&post=1242"}],"version-history":[{"count":2,"href":"https:\/\/yerelses.com.tr\/index.php?rest_route=\/wp\/v2\/posts\/1242\/revisions"}],"predecessor-version":[{"id":1246,"href":"https:\/\/yerelses.com.tr\/index.php?rest_route=\/wp\/v2\/posts\/1242\/revisions\/1246"}],"wp:featuredmedia":[{"embeddable":true,"href":"https:\/\/yerelses.com.tr\/index.php?rest_route=\/wp\/v2\/media\/1245"}],"wp:attachment":[{"href":"https:\/\/yerelses.com.tr\/index.php?rest_route=%2Fwp%2Fv2%2Fmedia&parent=1242"}],"wp:term":[{"taxonomy":"category","embeddable":true,"href":"https:\/\/yerelses.com.tr\/index.php?rest_route=%2Fwp%2Fv2%2Fcategories&post=1242"},{"taxonomy":"post_tag","embeddable":true,"href":"https:\/\/yerelses.com.tr\/index.php?rest_route=%2Fwp%2Fv2%2Ftags&post=1242"}],"curies":[{"name":"wp","href":"https:\/\/api.w.org\/{rel}","templated":true}]}}