{"id":1223,"date":"2024-10-15T15:14:25","date_gmt":"2024-10-15T15:14:25","guid":{"rendered":"https:\/\/yerelses.com.tr\/?p=1223"},"modified":"2024-10-15T15:18:10","modified_gmt":"2024-10-15T15:18:10","slug":"hava-sicakliklari-yurdun-kuzey-ve-bati-kesimlerinden-baslayarak-dusecek-soguklar-kapida","status":"publish","type":"post","link":"https:\/\/yerelses.com.tr\/?p=1223","title":{"rendered":"Hava s\u0131cakl\u0131klar\u0131 yurdun kuzey ve bat\u0131 kesimlerinden ba\u015flayarak d\u00fc\u015fecek so\u011fuklar kap\u0131da.."},"content":{"rendered":"<h2 class=\"description\" style=\"text-align: center;\">Yurtta hava s\u0131cakl\u0131klar\u0131n\u0131n kuzey ve bat\u0131 kesimlerinden ba\u015flayarak azalmas\u0131 bekleniyor.<\/h2>\n<div class=\"grid news-head\">\n<p style=\"text-align: center;\">Meteoroloji Genel M\u00fcd\u00fcrl\u00fc\u011f\u00fc&#8217;nden yap\u0131lan tahmine g\u00f6re, per\u015fembeden itibaren hava s\u0131cakl\u0131klar\u0131 kuzey ve bat\u0131 kesimlerden ba\u015flamak \u00fczere 6 ila 12 derece azalarak mevsim normallerinin alt\u0131na inecek.<\/p>\n<p style=\"text-align: center;\">So\u011fuk hava, kuvvetli kuzeyli r\u00fczgarlarla gelecek hafta ba\u015f\u0131na kadar etkisini s\u00fcrd\u00fcrecek. Kuzey, i\u00e7 ve do\u011fu b\u00f6lgelerde ya\u011f\u0131\u015f ge\u00e7i\u015fleri g\u00f6r\u00fclecek.<\/p>\n<p style=\"text-align: center;\">S\u0131cakl\u0131k d\u00fc\u015f\u00fc\u015f\u00fc ve ya\u011f\u0131\u015fla birlikte Karadeniz&#8217;in y\u00fcksek kesimleri ve yaylalar\u0131 ile Do\u011fu Anadolu&#8217;nun kuzey do\u011fusunun y\u00fcksek kesimlerinde mevsimin ilk kar ya\u011f\u0131\u015f\u0131 g\u00f6r\u00fclecek.<\/p>\n<p style=\"text-align: center;\">Zirai don riskine kar\u015f\u0131 meteorolojik de\u011ferlendirme ve erken uyar\u0131lar\u0131n takip edilmesi gerekiyor.<\/p>\n<\/div>\n","protected":false},"excerpt":{"rendered":"<p>Yurtta hava s\u0131cakl\u0131klar\u0131n\u0131n kuzey ve bat\u0131 kesimlerinden ba\u015flayarak azalmas\u0131 bekleniyor. Meteoroloji Genel M\u00fcd\u00fcrl\u00fc\u011f\u00fc&#8217;nden yap\u0131lan tahmine g\u00f6re, per\u015fembeden itibaren hava s\u0131cakl\u0131klar\u0131 kuzey ve bat\u0131 kesimlerden ba\u015flamak \u00fczere 6 ila 12 derece azalarak mevsim normallerinin alt\u0131na inecek. So\u011fuk hava, kuvvetli kuzeyli r\u00fczgarlarla gelecek hafta ba\u015f\u0131na kadar etkisini s\u00fcrd\u00fcrecek. Kuzey, i\u00e7 ve do\u011fu b\u00f6lgelerde ya\u011f\u0131\u015f ge\u00e7i\u015fleri g\u00f6r\u00fclecek. S\u0131cakl\u0131k [&hellip;]<\/p>\n","protected":false},"author":1,"featured_media":1224,"comment_status":"open","ping_status":"open","sticky":false,"template":"","format":"standard","meta":{"_jetpack_memberships_contains_paid_content":false,"footnotes":""},"categories":[33,1,2],"tags":[],"class_list":["post-1223","post","type-post","status-publish","format-standard","has-post-thumbnail","hentry","category-genel","category-gundem","category-sondk"],"jetpack_featured_media_url":"https:\/\/yerelses.com.tr\/wp-content\/uploads\/2024\/10\/hava-sicakliklari-yurdun-kuzey-ve-bati-kesimlerinden-baslayarak-dusecek.jpg","jetpack_sharing_enabled":true,"_links":{"self":[{"href":"https:\/\/yerelses.com.tr\/index.php?rest_route=\/wp\/v2\/posts\/1223","targetHints":{"allow":["GET"]}}],"collection":[{"href":"https:\/\/yerelses.com.tr\/index.php?rest_route=\/wp\/v2\/posts"}],"about":[{"href":"https:\/\/yerelses.com.tr\/index.php?rest_route=\/wp\/v2\/types\/post"}],"author":[{"embeddable":true,"href":"https:\/\/yerelses.com.tr\/index.php?rest_route=\/wp\/v2\/users\/1"}],"replies":[{"embeddable":true,"href":"https:\/\/yerelses.com.tr\/index.php?rest_route=%2Fwp%2Fv2%2Fcomments&post=1223"}],"version-history":[{"count":2,"href":"https:\/\/yerelses.com.tr\/index.php?rest_route=\/wp\/v2\/posts\/1223\/revisions"}],"predecessor-version":[{"id":1230,"href":"https:\/\/yerelses.com.tr\/index.php?rest_route=\/wp\/v2\/posts\/1223\/revisions\/1230"}],"wp:featuredmedia":[{"embeddable":true,"href":"https:\/\/yerelses.com.tr\/index.php?rest_route=\/wp\/v2\/media\/1224"}],"wp:attachment":[{"href":"https:\/\/yerelses.com.tr\/index.php?rest_route=%2Fwp%2Fv2%2Fmedia&parent=1223"}],"wp:term":[{"taxonomy":"category","embeddable":true,"href":"https:\/\/yerelses.com.tr\/index.php?rest_route=%2Fwp%2Fv2%2Fcategories&post=1223"},{"taxonomy":"post_tag","embeddable":true,"href":"https:\/\/yerelses.com.tr\/index.php?rest_route=%2Fwp%2Fv2%2Ftags&post=1223"}],"curies":[{"name":"wp","href":"https:\/\/api.w.org\/{rel}","templated":true}]}}