{"id":1182,"date":"2024-10-12T09:36:53","date_gmt":"2024-10-12T09:36:53","guid":{"rendered":"https:\/\/yerelses.com.tr\/?p=1182"},"modified":"2024-10-12T09:43:37","modified_gmt":"2024-10-12T09:43:37","slug":"manisada-feci-kaza-motokurye-hayatini-kaybetti","status":"publish","type":"post","link":"https:\/\/yerelses.com.tr\/?p=1182","title":{"rendered":"Manisa\u2019da feci kaza\u2026 Motokurye hayat\u0131n\u0131 kaybetti!"},"content":{"rendered":"<p><img fetchpriority=\"high\" decoding=\"async\" class=\"wp-image-1183 size-full\" src=\"https:\/\/yerelses.com.tr\/wp-content\/uploads\/2024\/10\/a-w306458-04.webp\" alt=\"\" width=\"1920\" height=\"1080\" srcset=\"https:\/\/yerelses.com.tr\/wp-content\/uploads\/2024\/10\/a-w306458-04.webp 1920w, https:\/\/yerelses.com.tr\/wp-content\/uploads\/2024\/10\/a-w306458-04-300x169.webp 300w, https:\/\/yerelses.com.tr\/wp-content\/uploads\/2024\/10\/a-w306458-04-1024x576.webp 1024w, https:\/\/yerelses.com.tr\/wp-content\/uploads\/2024\/10\/a-w306458-04-768x432.webp 768w, https:\/\/yerelses.com.tr\/wp-content\/uploads\/2024\/10\/a-w306458-04-1536x864.webp 1536w\" sizes=\"(max-width: 1920px) 100vw, 1920px\" \/><\/p>\n<h2 style=\"text-align: center;\">Manisa\u2019n\u0131n Yunusemre il\u00e7esinde k\u0131rm\u0131z\u0131 \u0131\u015f\u0131kta ge\u00e7ti\u011fi iddia edilen otomobil kav\u015faktan kar\u015f\u0131ya ge\u00e7meye \u00e7al\u0131\u015fan motosiklete \u00e7arpt\u0131. Kazada motosiklet s\u00fcr\u00fcc\u00fcs\u00fc hayat\u0131n\u0131 kaybetti.<\/h2>\n<p><img decoding=\"async\" class=\"aligncenter wp-image-1185 size-full\" src=\"https:\/\/yerelses.com.tr\/wp-content\/uploads\/2024\/10\/a-w306458-01.webp\" alt=\"\" width=\"1920\" height=\"1080\" srcset=\"https:\/\/yerelses.com.tr\/wp-content\/uploads\/2024\/10\/a-w306458-01.webp 1920w, https:\/\/yerelses.com.tr\/wp-content\/uploads\/2024\/10\/a-w306458-01-300x169.webp 300w, https:\/\/yerelses.com.tr\/wp-content\/uploads\/2024\/10\/a-w306458-01-1024x576.webp 1024w, https:\/\/yerelses.com.tr\/wp-content\/uploads\/2024\/10\/a-w306458-01-768x432.webp 768w, https:\/\/yerelses.com.tr\/wp-content\/uploads\/2024\/10\/a-w306458-01-1536x864.webp 1536w\" sizes=\"(max-width: 1920px) 100vw, 1920px\" \/><\/p>\n<h2 style=\"text-align: center;\">Kaza, Manisa\u2019n\u0131n Yunusemre il\u00e7esi Uncubozk\u00f6y Mahalle kav\u015fa\u011f\u0131 Mimar Sinan Bulvar\u0131 \u00fczerinde meydana geldi. \u0130zmir\u2019den Manisa istikametinde seyir halinde olan E.K. y\u00f6netimindeki 35 EA 8862 plakal\u0131 otomobil, iddiaya g\u00f6re kav\u015fakta k\u0131rm\u0131z\u0131 \u0131\u015f\u0131kta ge\u00e7ince kendisine ye\u015fil \u0131\u015f\u0131k yanan ve Manisa istikametinden Uncubozk\u00f6y Mahallesi\u2019ne do\u011fru hareket eden Altan Emre idaresindeki 35 BRP 612 plakal\u0131 motosiklete \u00e7arpt\u0131.<\/h2>\n<p><img decoding=\"async\" class=\"aligncenter wp-image-1184 size-full\" src=\"https:\/\/yerelses.com.tr\/wp-content\/uploads\/2024\/10\/a-w306458-03.webp\" alt=\"\" width=\"1920\" height=\"1080\" srcset=\"https:\/\/yerelses.com.tr\/wp-content\/uploads\/2024\/10\/a-w306458-03.webp 1920w, https:\/\/yerelses.com.tr\/wp-content\/uploads\/2024\/10\/a-w306458-03-300x169.webp 300w, https:\/\/yerelses.com.tr\/wp-content\/uploads\/2024\/10\/a-w306458-03-1024x576.webp 1024w, https:\/\/yerelses.com.tr\/wp-content\/uploads\/2024\/10\/a-w306458-03-768x432.webp 768w, https:\/\/yerelses.com.tr\/wp-content\/uploads\/2024\/10\/a-w306458-03-1536x864.webp 1536w\" sizes=\"(max-width: 1920px) 100vw, 1920px\" \/><\/p>\n<h2 style=\"text-align: center;\">\u00c7arpman\u0131n etkisiyle motosiklet ve s\u00fcr\u00fcc\u00fc Altan Emre metrelerce savruldu. \u00c7evredekilerin haber vermesi \u00fczerine b\u00f6lgeye sa\u011fl\u0131k ve polis ekipleri sevk edildi. Sa\u011fl\u0131k ekiplerinin yapt\u0131\u011f\u0131 incelemede motosiklet s\u00fcr\u00fcc\u00fcs\u00fc Altan Emre\u2019nin \u00f6ld\u00fc\u011f\u00fc belirlendi.<\/h2>\n<p>&nbsp;<\/p>\n<h3 style=\"text-align: center;\">Otomobil s\u00fcr\u00fcc\u00fcs\u00fc g\u00f6zalt\u0131na al\u0131n\u0131rken, Altan Emre\u2019nin cans\u0131z bedeni morga kald\u0131r\u0131ld\u0131.<\/h3>\n<h3 style=\"text-align: center;\">Kazayla ilgili soru\u015fturma ba\u015flat\u0131ld\u0131.<\/h3>\n<p>&nbsp;<\/p>\n<div class=\"card border-0 mb-3\">\n<div class=\"article-text container-padding\" data-text-id=\"158208\">\n<div class=\"article-source py-3 border-top small\" style=\"text-align: center;\"><span class=\"source-name pe-3\"><strong class=\"text-uppercase\">Kaynak:\u00a0<\/strong>\u0130HA<\/span><\/div>\n<div id=\"ad_138\" data-pagespeed=\"true\" data-channel=\"138\" data-advert=\"temedya\"><\/div>\n<\/div>\n<\/div>\n<div class=\"related-news my-3 bg-white p-3\">\n<div class=\"section-title d-flex mb-3 align-items-center\"><\/div>\n<\/div>\n<p>&nbsp;<\/p>\n","protected":false},"excerpt":{"rendered":"<p>Manisa\u2019n\u0131n Yunusemre il\u00e7esinde k\u0131rm\u0131z\u0131 \u0131\u015f\u0131kta ge\u00e7ti\u011fi iddia edilen otomobil kav\u015faktan kar\u015f\u0131ya ge\u00e7meye \u00e7al\u0131\u015fan motosiklete \u00e7arpt\u0131. Kazada motosiklet s\u00fcr\u00fcc\u00fcs\u00fc hayat\u0131n\u0131 kaybetti. Kaza, Manisa\u2019n\u0131n Yunusemre il\u00e7esi Uncubozk\u00f6y Mahalle kav\u015fa\u011f\u0131 Mimar Sinan Bulvar\u0131 \u00fczerinde meydana geldi. \u0130zmir\u2019den Manisa istikametinde seyir halinde olan E.K. y\u00f6netimindeki 35 EA 8862 plakal\u0131 otomobil, iddiaya g\u00f6re kav\u015fakta k\u0131rm\u0131z\u0131 \u0131\u015f\u0131kta ge\u00e7ince kendisine ye\u015fil \u0131\u015f\u0131k [&hellip;]<\/p>\n","protected":false},"author":1,"featured_media":1187,"comment_status":"open","ping_status":"open","sticky":false,"template":"","format":"standard","meta":{"_jetpack_memberships_contains_paid_content":false,"footnotes":""},"categories":[9,1,2],"tags":[32,31,29,16,15,12,21,13,14,22],"class_list":["post-1182","post","type-post","status-publish","format-standard","has-post-thumbnail","hentry","category-asayis","category-gundem","category-sondk","tag-manisa","tag-manisa-belediye-haberleri","tag-manisa-ekonomi-haberleri","tag-manisa-gundem","tag-manisa-haber","tag-manisa-haberleri","tag-manisa-sehzadeler-son-dakika","tag-manisa-son-dakika","tag-manisa-yerel-haberler","tag-manisada-son-dakika"],"jetpack_featured_media_url":"https:\/\/yerelses.com.tr\/wp-content\/uploads\/2024\/10\/sgsd.webp","jetpack_sharing_enabled":true,"_links":{"self":[{"href":"https:\/\/yerelses.com.tr\/index.php?rest_route=\/wp\/v2\/posts\/1182","targetHints":{"allow":["GET"]}}],"collection":[{"href":"https:\/\/yerelses.com.tr\/index.php?rest_route=\/wp\/v2\/posts"}],"about":[{"href":"https:\/\/yerelses.com.tr\/index.php?rest_route=\/wp\/v2\/types\/post"}],"author":[{"embeddable":true,"href":"https:\/\/yerelses.com.tr\/index.php?rest_route=\/wp\/v2\/users\/1"}],"replies":[{"embeddable":true,"href":"https:\/\/yerelses.com.tr\/index.php?rest_route=%2Fwp%2Fv2%2Fcomments&post=1182"}],"version-history":[{"count":2,"href":"https:\/\/yerelses.com.tr\/index.php?rest_route=\/wp\/v2\/posts\/1182\/revisions"}],"predecessor-version":[{"id":1189,"href":"https:\/\/yerelses.com.tr\/index.php?rest_route=\/wp\/v2\/posts\/1182\/revisions\/1189"}],"wp:featuredmedia":[{"embeddable":true,"href":"https:\/\/yerelses.com.tr\/index.php?rest_route=\/wp\/v2\/media\/1187"}],"wp:attachment":[{"href":"https:\/\/yerelses.com.tr\/index.php?rest_route=%2Fwp%2Fv2%2Fmedia&parent=1182"}],"wp:term":[{"taxonomy":"category","embeddable":true,"href":"https:\/\/yerelses.com.tr\/index.php?rest_route=%2Fwp%2Fv2%2Fcategories&post=1182"},{"taxonomy":"post_tag","embeddable":true,"href":"https:\/\/yerelses.com.tr\/index.php?rest_route=%2Fwp%2Fv2%2Ftags&post=1182"}],"curies":[{"name":"wp","href":"https:\/\/api.w.org\/{rel}","templated":true}]}}